{"id":365089,"date":"2025-09-04T06:57:15","date_gmt":"2025-09-04T06:57:15","guid":{"rendered":"https:\/\/www.europesays.com\/fr\/365089\/"},"modified":"2025-09-04T06:57:15","modified_gmt":"2025-09-04T06:57:15","slug":"deux-deputes-socialistes-veulent-en-finir-avec-les-parkings-payants","status":"publish","type":"post","link":"https:\/\/www.europesays.com\/fr\/365089\/","title":{"rendered":"deux d\u00e9put\u00e9s socialistes veulent en finir avec les parkings payants"},"content":{"rendered":"<p class=\"content\" style=\"font-size:1.2em;font-weight:700\">En d\u00e9placement \u00e0 l\u2019h\u00f4pital Lyon Sud, les d\u00e9put\u00e9s Sandrine Runel et St\u00e9phane Hablot ont d\u00e9nonc\u00e9 ce mercredi 3 septembre le co\u00fbt du stationnement pour les patients et leurs proches.<\/p>\n<p>C\u2019est sur le parking de l\u2019h\u00f4pital Lyon Sud, g\u00e9r\u00e9 depuis 2022 par la soci\u00e9t\u00e9 priv\u00e9e Q-Park, que Sandrine Runel, \u00e9lue du Rh\u00f4ne, et St\u00e9phane Hablot, d\u00e9put\u00e9 de Meurthe-et-Moselle, ont choisi de se rendre ce mercredi, comme rapport\u00e9 par nos confr\u00e8res du <a href=\"https:\/\/c.leprogres.fr\/economie\/2025\/09\/03\/l-hopital-n-est-pas-un-peage-a-lyon-sud-deux-deputes-socialistes-veulent-rendre-le-stationnement-gratuit\" target=\"_blank\" rel=\"noreferrer noopener nofollow\">Progr\u00e8s<\/a>. Les deux d\u00e9put\u00e9s estime que le stationnement \u00e0 l\u2019h\u00f4pital ne doit pas \u00eatre une charge suppl\u00e9mentaire pour des familles d\u00e9j\u00e0 confront\u00e9es \u00e0 la maladie.<\/p>\n<p>Les deux \u00e9lus d\u00e9fendent une proposition de loi visant \u00e0 rendre le stationnement gratuit, ou au moins partiellement, pour les patients, visiteurs et personnels des h\u00f4pitaux publics.<\/p>\n<p>Actuellement, seules trente minutes sont offertes \u00e0 Lyon Sud, avant une facturation qui peut grimper \u00e0 plusieurs dizaines d\u2019euros par jour pour les visiteurs. Les patients disposant d\u2019une prescription m\u00e9dicale b\u00e9n\u00e9ficient d\u2019un tarif forfaitaire pris en charge par l\u2019Assurance maladie.<\/p>\n<p>D\u2019apr\u00e8s leurs estimations, les parkings rapporteraient chaque ann\u00e9e entre 2 et 3 millions d\u2019euros aux Hospices Civils de Lyon.<\/p>\n","protected":false},"excerpt":{"rendered":"En d\u00e9placement \u00e0 l\u2019h\u00f4pital Lyon Sud, les d\u00e9put\u00e9s Sandrine Runel et St\u00e9phane Hablot ont d\u00e9nonc\u00e9 ce mercredi 3&hellip;\n","protected":false},"author":2,"featured_media":142026,"comment_status":"","ping_status":"","sticky":false,"template":"","format":"standard","meta":{"footnotes":""},"categories":[1889],"tags":[1111,11,2430,1777,674,1011,27,2428,12,25],"class_list":{"0":"post-365089","1":"post","2":"type-post","3":"status-publish","4":"format-standard","5":"has-post-thumbnail","7":"category-lyon","8":"tag-actu","9":"tag-actualites","10":"tag-auvergne-rhone-alpes","11":"tag-eu","12":"tag-europe","13":"tag-fr","14":"tag-france","15":"tag-lyon","16":"tag-news","17":"tag-republique-francaise"},"share_on_mastodon":{"url":"https:\/\/pubeurope.com\/@fr\/115144729813599701","error":""},"_links":{"self":[{"href":"https:\/\/www.europesays.com\/fr\/wp-json\/wp\/v2\/posts\/365089","targetHints":{"allow":["GET"]}}],"collection":[{"href":"https:\/\/www.europesays.com\/fr\/wp-json\/wp\/v2\/posts"}],"about":[{"href":"https:\/\/www.europesays.com\/fr\/wp-json\/wp\/v2\/types\/post"}],"author":[{"embeddable":true,"href":"https:\/\/www.europesays.com\/fr\/wp-json\/wp\/v2\/users\/2"}],"replies":[{"embeddable":true,"href":"https:\/\/www.europesays.com\/fr\/wp-json\/wp\/v2\/comments?post=365089"}],"version-history":[{"count":0,"href":"https:\/\/www.europesays.com\/fr\/wp-json\/wp\/v2\/posts\/365089\/revisions"}],"wp:featuredmedia":[{"embeddable":true,"href":"https:\/\/www.europesays.com\/fr\/wp-json\/wp\/v2\/media\/142026"}],"wp:attachment":[{"href":"https:\/\/www.europesays.com\/fr\/wp-json\/wp\/v2\/media?parent=365089"}],"wp:term":[{"taxonomy":"category","embeddable":true,"href":"https:\/\/www.europesays.com\/fr\/wp-json\/wp\/v2\/categories?post=365089"},{"taxonomy":"post_tag","embeddable":true,"href":"https:\/\/www.europesays.com\/fr\/wp-json\/wp\/v2\/tags?post=365089"}],"curies":[{"name":"wp","href":"https:\/\/api.w.org\/{rel}","templated":true}]}}