{"id":365092,"date":"2025-09-04T06:59:40","date_gmt":"2025-09-04T06:59:40","guid":{"rendered":"https:\/\/www.europesays.com\/fr\/365092\/"},"modified":"2025-09-04T06:59:40","modified_gmt":"2025-09-04T06:59:40","slug":"telepherique-mf19-fin-du-ticket-carton-ces-nouveautes-attendues-dici-decembre-dans-les-transports-dile-de-france","status":"publish","type":"post","link":"https:\/\/www.europesays.com\/fr\/365092\/","title":{"rendered":"T\u00e9l\u00e9ph\u00e9rique, MF19, fin du ticket carton&#8230; Ces nouveaut\u00e9s attendues d\u2019ici d\u00e9cembre dans les transports d\u2019\u00cele-de-France"},"content":{"rendered":"<p>D\u2019ici la fin d\u2019ann\u00e9e, les usagers des transports franciliens vont exp\u00e9rimenter de nombreux changements. Le Figaro fait le point sur les principales nouveaut\u00e9s \u00e0 venir dans les quatre prochains mois.<\/p>\n<p class=\"fig-paragraph\">Vers une fin d\u2019ann\u00e9e charg\u00e9e dans les\u00a0<a href=\"http:\/\/www.lefigaro.fr\/conso\/transports-en-ile-de-france-la-carte-liberte-disponible-sur-smartphone-des-ce-lundi-23-juin-20250623\" data-fig-type=\"NewsFlash\" data-gtm-custom-categorie=\"navigation\" data-gtm-custom-action=\"crossclick\" data-gtm-custom-label=\"Contextuel\" data-gtm-event=\"customEventSPE\" data-fig-domain=\"LEFIGARO\" target=\"_blank\" rel=\"noopener\">transports franciliens<\/a>. Ce jeudi 29 ao\u00fbt, l\u2019autorit\u00e9 r\u00e9gulatrice du secteur dans la r\u00e9gion, \u00cele-de-France Mobilit\u00e9s (IDFM), a r\u00e9capitul\u00e9 la liste des \u00abnombreux projets\u00bb qui s\u2019appr\u00eatent \u00e0 aboutir dans les prochains mois. Billettique, \u00e9quipements, renforcement de l\u2019offre\u2026 Les voyageurs verront leurs conditions de transport \u00e9voluer, gr\u00e2ce \u00e0 certains projets attendus depuis de longues ann\u00e9es, comme l\u2019arriv\u00e9e du fameux\u00a0<a href=\"http:\/\/www.lefigaro.fr\/conjoncture\/design-modernise-amenagement-repense-le-mf19-tout-nouveau-metro-parisien-a-ete-officiellement-devoile-20250214\" data-fig-type=\"NewsFlash\" data-gtm-custom-categorie=\"navigation\" data-gtm-custom-action=\"crossclick\" data-gtm-custom-label=\"Contextuel\" data-gtm-event=\"customEventSPE\" data-fig-domain=\"LEFIGARO\" target=\"_blank\" rel=\"noopener\">m\u00e9tro nouvelle g\u00e9n\u00e9ration<\/a>, le MF19. Tour d\u2019horizon des principales \u00e9volutions \u00e0 venir.<\/p>\n<p>Septembre\u00a0: IA, offre renforc\u00e9e et cam\u00e9ras<\/p>\n<p class=\"fig-paragraph\">Outre le renforcement de nombreuses lignes de bus et de l\u2019offre du RER A, les autorit\u00e9s franciliennes lanceront, en septembre, de nouvelles voies de covoiturage sur le plateau de Saclay. Les usagers pourront par ailleurs compter sur l\u2019IA pour les accompagner sur l\u2019application IDFM, avec notamment un \u00abagent virtuel\u00bb. Des QR codes contenant les horaires aux arr\u00eats de bus commenceront aussi \u00e0 \u00eatre d\u00e9ploy\u00e9s, d\u2019abord dans le Vexin.<\/p>\n<p>                                    <a class=\"fig-a11y-skip a11y-hidden\" href=\"#fig-a11y-skip-main-inarticle\"><br \/>\n        Passer la publicit\u00e9<br \/>\n    <\/a><\/p>\n<p class=\"fig-paragraph\">C\u00f4t\u00e9 s\u00e9curit\u00e9, les d\u00e9crets pr\u00e9cisant l\u2019application de la\u00a0<a href=\"http:\/\/www.lefigaro.fr\/societes\/le-parlement-adopte-la-loi-sur-la-securite-dans-les-transports-20250318\" data-fig-type=\"NewsFlash\" data-gtm-custom-categorie=\"navigation\" data-gtm-custom-action=\"crossclick\" data-gtm-custom-label=\"Contextuel\" data-gtm-event=\"customEventSPE\" data-fig-domain=\"LEFIGARO\" target=\"_blank\" rel=\"noopener\">loi relative au renforcement de la s\u00fbret\u00e9 dans les transports<\/a>\u00a0sont attendus en septembre. Ils devraient notamment permettre la \u00abp\u00e9rennisation des cam\u00e9ras pi\u00e9tons pour les contr\u00f4leurs et l\u2019\u00e9quipement en cam\u00e9ras pour les conducteurs de bus\u00bb.<\/p>\n<p>Octobre\u00a0: qualit\u00e9 de l\u2019air et renouvellement des T1<\/p>\n<p class=\"fig-paragraph\">\u00c0 partir d\u2019octobre, tous les tramways\u00a0<a href=\"http:\/\/www.lefigaro.fr\/flash-eco\/l-ile-de-france-passe-commande-a-alstom-pour-remplacer-les-tramways-de-la-ligne-t1-20211001\" data-fig-type=\"NewsFlash\" data-gtm-custom-categorie=\"navigation\" data-gtm-custom-action=\"crossclick\" data-gtm-custom-label=\"Contextuel\" data-gtm-event=\"customEventSPE\" data-fig-domain=\"LEFIGARO\" target=\"_blank\" rel=\"noopener\">de la ligne T1<\/a>\u00a0auront \u00e9t\u00e9 remplac\u00e9s. Ouverte en 1992, la ligne, qui relie Asni\u00e8res \u00e0 Noisy-le-Sec, b\u00e9n\u00e9ficiera donc int\u00e9gralement d\u2019un nouveau mat\u00e9riel roulant, le TW20, moderne, accessible aux personnes handicap\u00e9es et plus agr\u00e9able.<\/p>\n<p class=\"fig-paragraph\">Parall\u00e8lement, plusieurs tests auront lieu pour am\u00e9liorer la qualit\u00e9 de l\u2019air dans les \u00abenceintes ferroviaires souterraines\u00bb, comme de \u00abnouveaux syst\u00e8mes de filtration de l\u2019air\u00bb sur deux stations du RER C, ou des ventilateurs sur le RER B, \u00e0 Sevran Beaudottes. De m\u00eame, deux r\u00e9sultats de tests &#8211; un syst\u00e8me de \u00abbrumisation en sortie de grille\u00bb sur la ligne 2, et un \u00abnouveau syst\u00e8me de filtration \u00e9lectrostatique\u00bb sur ce m\u00eame axe &#8211; sont attendus.<\/p>\n<p class=\"fig-paragraph\">Les usagers de la ligne 10 pourront par ailleurs compter, \u00e0 \u00abl\u2019automne\u00bb, sur l\u2019arriv\u00e9e du\u00a0<a href=\"http:\/\/www.lefigaro.fr\/conjoncture\/design-modernise-amenagement-repense-le-mf19-tout-nouveau-metro-parisien-a-ete-officiellement-devoile-20250214\" data-fig-type=\"NewsFlash\" data-gtm-custom-categorie=\"navigation\" data-gtm-custom-action=\"crossclick\" data-gtm-custom-label=\"Contextuel\" data-gtm-event=\"customEventSPE\" data-fig-domain=\"LEFIGARO\" target=\"_blank\" rel=\"noopener\">m\u00e9tro nouvelle g\u00e9n\u00e9ration<\/a>. Tr\u00e8s attendu, le MF19 se veut plus confortable, peut accueillir davantage de passagers et promet d\u2019\u00eatre plus fiable. Si la date pr\u00e9cise de sa mise en service n\u2019est pas encore connue, il sera ensuite \u00e9tendu, d\u2019ici 2033, sur sept lignes de m\u00e9tro suppl\u00e9mentaires.<\/p>\n<p>Novembre\u00a0: fin des tickets carton et nouvelles bornes d\u2019informations aux arr\u00eats de bus<\/p>\n<p class=\"fig-paragraph\">Clap de fin pour\u00a0<a href=\"http:\/\/www.lefigaro.fr\/conjoncture\/couacs-retards-et-penurie-pourquoi-l-agonie-du-ticket-en-carton-s-eternise-20231003\" data-fig-type=\"Article\" data-gtm-custom-categorie=\"navigation\" data-gtm-custom-action=\"crossclick\" data-gtm-custom-label=\"Contextuel\" data-gtm-event=\"customEventSPE\" data-fig-domain=\"LEFIGARO\" target=\"_blank\" rel=\"noopener\">le ticket carton<\/a>. \u00c0 compter du mois de novembre, ce fameux billet bien connu des usagers tirera d\u00e9finitivement sa r\u00e9v\u00e9rence. Il ne sera ainsi plus vendu \u00e0 partir du 1er octobre dans aucun automate du r\u00e9seau bus et tramway, suivi, un mois plus tard, par le r\u00e9seau m\u00e9tro et RER. \u00c0 cette date, il ne sera plus accept\u00e9 non plus dans aucun \u00abbus et tramways\u00bb, ajoute IDFM.<\/p>\n<p>                                    <a class=\"fig-a11y-skip a11y-hidden\" href=\"#fig-a11y-skip-main-inarticle_mtf\"><br \/>\n        Passer la publicit\u00e9<br \/>\n    <\/a><\/p>\n<p class=\"fig-paragraph\">Parmi les changements plus subtils, \u00e0 compter du 1er novembre, plusieurs dizaines de lignes de bus, cars express et transports \u00e0 la demande seront prises en charge par l\u2019op\u00e9rateur Keolis. De m\u00eame, les autorit\u00e9s entendent poursuivre le d\u00e9ploiement de \u00abbornes d\u2019informations voyageurs nouvelle g\u00e9n\u00e9ration aux arr\u00eats de bus parisiens\u00bb, et une \u00abinstance de concertation\u00bb sera mise en place pour travailler sur l\u2019accessibilit\u00e9 dans le r\u00e9seau francilien.<\/p>\n<p>D\u00e9cembre\u00a0: t\u00e9l\u00e9ph\u00e9rique et nouvelle application d\u00e9di\u00e9e au covoiturage<\/p>\n<p class=\"fig-paragraph\">C\u2019est l\u2019une des nouveaut\u00e9s les plus iconiques de la fin d\u2019ann\u00e9e\u00a0: IDFM esp\u00e8re mettre en service en d\u00e9cembre \u00abC\u00e2ble C1,\u00a0<a href=\"http:\/\/www.lefigaro.fr\/conjoncture\/le-cable-1-premier-telepherique-d-ile-de-france-accueillera-ses-premiers-voyageurs-avant-la-fin-de-l-annee-20250227\" data-fig-type=\"NewsFlash\" data-gtm-custom-categorie=\"navigation\" data-gtm-custom-action=\"crossclick\" data-gtm-custom-label=\"Contextuel\" data-gtm-event=\"customEventSPE\" data-fig-domain=\"LEFIGARO\" target=\"_blank\" rel=\"noopener\">premier t\u00e9l\u00e9ph\u00e9rique d\u2019\u00cele-de-France<\/a> \u00bb. Celui-ci va relier Cr\u00e9teil Pointe du Lac \u00e0 Villeneuve-Saint-Georges.\u00a0<a href=\"https:\/\/presse.iledefrance-mobilites.fr\/assises-de-la-decarbonation-des-bus-ile-de-france-mobilites-maintient-ses-engagements-pour-des-bus-100-propres-en-2029\/#:~:text=Fin%202025%2C%20une%20nouvelle%20%C3%A9tape,des%20bus%20%C3%A9lectriques%20ou%20bioGNV.\" target=\"_blank\" rel=\"sponsored noopener\" data-gtm-custom-categorie=\"navigation\" data-gtm-custom-action=\"crossclick\" data-gtm-custom-label=\"Contextuel\" data-gtm-event=\"customEventSPE\">D\u2019ici la fin d\u2019ann\u00e9e \u00e9galement<\/a>, les autorit\u00e9s comptent bien mettre fin \u00e0 l\u2019utilisation du carburant diesel dans les bus et cars de la r\u00e9gion. Celui-ci sera remplac\u00e9 \u00abpar de l\u2019huile v\u00e9g\u00e9tale hydrotrait\u00e9e\u00bb, pr\u00e9cisent-elles.<\/p>\n<p class=\"fig-paragraph\">En d\u00e9cembre, enfin, une nouvelle application sera lanc\u00e9e par \u00cele-de-France Mobilit\u00e9s pour encourager le partage des trajets en voiture, \u00abpour effectuer ou proposer des trajets de covoiturage subventionn\u00e9s sur r\u00e9servation\u00bb.<\/p>\n","protected":false},"excerpt":{"rendered":"D\u2019ici la fin d\u2019ann\u00e9e, les usagers des transports franciliens vont exp\u00e9rimenter de nombreux changements. Le Figaro fait le&hellip;\n","protected":false},"author":2,"featured_media":365093,"comment_status":"","ping_status":"","sticky":false,"template":"","format":"standard","meta":{"footnotes":""},"categories":[1592],"tags":[1111,11,1777,674,1011,27,662,12,626,625,25,2215,2216],"class_list":{"0":"post-365092","1":"post","2":"type-post","3":"status-publish","4":"format-standard","5":"has-post-thumbnail","7":"category-ile-de-france","8":"tag-actu","9":"tag-actualites","10":"tag-eu","11":"tag-europe","12":"tag-fr","13":"tag-france","14":"tag-ile-de-france","15":"tag-news","16":"tag-paris","17":"tag-ratp","18":"tag-republique-francaise","19":"tag-sncf","20":"tag-transports-en-commun"},"share_on_mastodon":{"url":"https:\/\/pubeurope.com\/@fr\/115144737650074304","error":""},"_links":{"self":[{"href":"https:\/\/www.europesays.com\/fr\/wp-json\/wp\/v2\/posts\/365092","targetHints":{"allow":["GET"]}}],"collection":[{"href":"https:\/\/www.europesays.com\/fr\/wp-json\/wp\/v2\/posts"}],"about":[{"href":"https:\/\/www.europesays.com\/fr\/wp-json\/wp\/v2\/types\/post"}],"author":[{"embeddable":true,"href":"https:\/\/www.europesays.com\/fr\/wp-json\/wp\/v2\/users\/2"}],"replies":[{"embeddable":true,"href":"https:\/\/www.europesays.com\/fr\/wp-json\/wp\/v2\/comments?post=365092"}],"version-history":[{"count":0,"href":"https:\/\/www.europesays.com\/fr\/wp-json\/wp\/v2\/posts\/365092\/revisions"}],"wp:featuredmedia":[{"embeddable":true,"href":"https:\/\/www.europesays.com\/fr\/wp-json\/wp\/v2\/media\/365093"}],"wp:attachment":[{"href":"https:\/\/www.europesays.com\/fr\/wp-json\/wp\/v2\/media?parent=365092"}],"wp:term":[{"taxonomy":"category","embeddable":true,"href":"https:\/\/www.europesays.com\/fr\/wp-json\/wp\/v2\/categories?post=365092"},{"taxonomy":"post_tag","embeddable":true,"href":"https:\/\/www.europesays.com\/fr\/wp-json\/wp\/v2\/tags?post=365092"}],"curies":[{"name":"wp","href":"https:\/\/api.w.org\/{rel}","templated":true}]}}