{"id":365096,"date":"2025-09-04T07:01:12","date_gmt":"2025-09-04T07:01:12","guid":{"rendered":"https:\/\/www.europesays.com\/fr\/365096\/"},"modified":"2025-09-04T07:01:12","modified_gmt":"2025-09-04T07:01:12","slug":"des-logements-sociaux-a-prix-dor-tout-pres-des-champs-elysees-la-mairie-de-paris-replique","status":"publish","type":"post","link":"https:\/\/www.europesays.com\/fr\/365096\/","title":{"rendered":"Des logements sociaux \u00e0 prix d\u2019or tout pr\u00e8s des Champs-\u00c9lys\u00e9es\u00a0? La mairie de Paris r\u00e9plique"},"content":{"rendered":"<p>        <img decoding=\"async\" loading=\"lazy\" src=\"https:\/\/www.europesays.com\/fr\/wp-content\/uploads\/2025\/09\/5d6b0ef_upload-1-yu4g3xshohsd-afp-20230621-hl-eberacassat-2093009-v1-highres-franceparisdailyliferea.jpeg\"  width=\"728\" height=\"410\" alt=\"La mairie de Paris a d\u00e9nonc\u00e9 une \u00ab\u00a0fake news\u00a0\u00bb apr\u00e8s des critiques sur des logements sociaux dans le 8e arrondissement ayant co\u00fbt\u00e9 \u00ab\u00a02\u00a0millions d\u2019euros\u00a0\u00bb chacun. (Photo d\u2019illustration).\"\/>  <\/p>\n<p>ERIC BERACASSAT \/ Hans Lucas via AFP<\/p>\n<p>La mairie de Paris a d\u00e9nonc\u00e9 une \u00ab\u00a0fake news\u00a0\u00bb apr\u00e8s des critiques sur des logements sociaux dans le 8e arrondissement ayant co\u00fbt\u00e9 \u00ab\u00a02\u00a0millions d\u2019euros\u00a0\u00bb chacun. (Photo d\u2019illustration).<\/p>\n<p class=\"asset asset-text\">PARIS &#8211; Le rachat et la transformation en <a href=\"https:\/\/www.huffingtonpost.fr\/politique\/article\/faire-sortir-les-locataires-trop-riches-de-leur-logement-social-voici-comment-le-gouvernement-veut-faire_232544.html\" target=\"_blank\" rel=\"noopener\">logements sociaux<\/a> d\u2019un immeuble de bureaux du \u00ab\u00a0Triangle d\u2019or\u00a0\u00bb parisien, situ\u00e9 pr\u00e8s des <a href=\"https:\/\/www.huffingtonpost.fr\/france\/article\/les-champs-elysees-boudes-par-les-parisiens-et-les-touristes-cette-etude-propose-de-les-reenchanter_234587.html\" target=\"_blank\" rel=\"noopener\">Champs-\u00c9lys\u00e9es<\/a>, \u00ab\u00a0n\u2019a pas co\u00fbt\u00e9 2\u00a0millions d\u2019euros par logement\u00a0\u00bb mais a rapport\u00e9 18\u00a0millions d\u2019euros \u00e0 la Ville, a indiqu\u00e9 ce mercredi 3\u00a0septembre l\u2019adjoint au Logement de la capitale.<\/p>\n<p class=\"asset asset-text\">L\u2019immeuble haussmannien de 3\u00a0600\u00a0m2, situ\u00e9 au 37 avenue George-V, dans le tr\u00e8s chic\u00a08e arrondissement de Paris, est au c\u0153ur d\u2019une pol\u00e9mique sur les r\u00e9seaux sociaux. En cause, le montant de l\u2019op\u00e9ration, 48\u00a0millions d\u2019euros, rapport\u00e9 aux 23 logements pr\u00e9vus.<\/p>\n<p class=\"asset asset-text\">Construit au XIXe\u00a0si\u00e8cle, ce b\u00e2timent patrimonial a \u00e9t\u00e9 pr\u00e9empt\u00e9 en 2008 par la mairie socialiste pour 17\u00a0millions d\u2019euros afin d\u2019\u00eatre transform\u00e9 en logements sociaux. \u00ab\u00a0Le logement social arrive aussi dans les beaux quartiers\u00a0!\u00a0\u00bb, s\u2019est f\u00e9licit\u00e9 mardi sur X l\u2019adjoint au Logement Jacques Baudrier, une publication vue 580\u00a0000 fois en 24\u00a0heures, suscitant au passage une pluie de commentaires indign\u00e9s et d\u2019insultes.<\/p>\n<p>    \u00ab\u00a0Fake news\u00a0\u00bb    <\/p>\n<p class=\"asset asset-text\">\u00ab\u00a0Bonne nouvelle\u00a0: 17\u00a0ans apr\u00e8s son achat, la mairie va enfin commencer les travaux dans son immeuble somptueux mais toujours vide de l\u2019avenue George-V. 48\u00a0millions d\u2019euros pour 23 logements sociaux&#8230; plus de 2\u00a0millions\/appart. Tout. Va. Bien\u00a0\u00bb, a r\u00e9agi sur X Aur\u00e9lien V\u00e9ron, porte-parole du groupe d\u2019opposition de droite Changer Paris.<\/p>\n<p class=\"asset asset-text\">\u00ab\u00a0\u201cFake news\u201d totale, le mythe du logement social \u00e0 2\u00a0millions d\u2019euros est totalement faux\u00a0\u00bb, a r\u00e9torqu\u00e9 ce mercredi devant la presse Jacques Baudrier.<\/p>\n<p class=\"asset asset-text\">Apr\u00e8s dix ans de recours contre le droit de pr\u00e9emption, l\u2019immeuble est finalement devenu propri\u00e9t\u00e9 de la Ville avant d\u2019\u00eatre revendu 40\u00a0millions d\u2019euros en 2023 au bailleur social parisien Paris Habitat. Outre les 23 logements sociaux, le projet pr\u00e9voit la cr\u00e9ation de sept logements priv\u00e9s, des surfaces commerciales en location ainsi qu\u2019un centre m\u00e9dical.<\/p>\n<p>    Des \u00ab\u00a0recettes importantes\u00a0\u00bb    <\/p>\n<p class=\"asset asset-text\">\u00ab\u00a0Ces logements sociaux ne repr\u00e9sentent pas un co\u00fbt disproportionn\u00e9 pour la Ville puisque nous avons pr\u00e9empt\u00e9 \u00e0 17\u00a0millions d\u2019euros, un prix tr\u00e8s au-dessous de sa valeur, et revendu \u00e0 40, ce qui repr\u00e9sente 22\u00a0millions d\u2019euros de co\u00fbts avec la subvention de 5\u00a0millions d\u2019euros accord\u00e9e au bailleur social\u00a0\u00bb, a expliqu\u00e9 l\u2019\u00e9lu communiste.<\/p>\n<p class=\"asset asset-text\">\u00ab\u00a0Le bailleur Paris Habitat va \u00e9galement b\u00e9n\u00e9ficier de recettes importantes qui \u00e9quilibrent l\u2019op\u00e9ration en revendant sept logements priv\u00e9s et en louant 560\u00a0m2 de surfaces commerciales \u00e0 des prix tr\u00e8s \u00e9lev\u00e9s puisque nous sommes avenue George-V\u00a0\u00bb, a-t-il compl\u00e9t\u00e9, rappelant que l\u2019arrondissement ne comptait que 3,9\u00a0% de logements sociaux.<\/p>\n<p class=\"asset asset-text\">Interrog\u00e9e par l\u2019AFP, la maire LR du 8e arrondissement, Jeanne d\u2019Hauteserre, a confirm\u00e9 que la Ville n\u2019avait \u00ab\u00a0pas perdu d\u2019argent\u00a0\u00bb. \u00ab\u00a0En ce qui nous concerne (&#8230;), nous ne d\u00e9boursons rien et les logements sociaux permettront de loger des salari\u00e9s de l\u2019h\u00f4tellerie\u00a0\u00bb, a-t-elle indiqu\u00e9.<\/p>\n","protected":false},"excerpt":{"rendered":"ERIC BERACASSAT \/ Hans Lucas via AFP La mairie de Paris a d\u00e9nonc\u00e9 une \u00ab\u00a0fake news\u00a0\u00bb apr\u00e8s des&hellip;\n","protected":false},"author":2,"featured_media":365097,"comment_status":"","ping_status":"","sticky":false,"template":"","format":"standard","meta":{"footnotes":""},"categories":[1888],"tags":[1111,1928,11,1927,6984,1777,674,1011,27,16354,2381,12,1926,626,1925,25],"class_list":{"0":"post-365096","1":"post","2":"type-post","3":"status-publish","4":"format-standard","5":"has-post-thumbnail","7":"category-paris","8":"tag-actu","9":"tag-actu-paris","10":"tag-actualites","11":"tag-actualites-paris","12":"tag-champs-elysees","13":"tag-eu","14":"tag-europe","15":"tag-fr","16":"tag-france","17":"tag-logement-social","18":"tag-mairie-de-paris","19":"tag-news","20":"tag-news-paris","21":"tag-paris","22":"tag-paris-news","23":"tag-republique-francaise"},"share_on_mastodon":{"url":"https:\/\/pubeurope.com\/@fr\/115144746676557454","error":""},"_links":{"self":[{"href":"https:\/\/www.europesays.com\/fr\/wp-json\/wp\/v2\/posts\/365096","targetHints":{"allow":["GET"]}}],"collection":[{"href":"https:\/\/www.europesays.com\/fr\/wp-json\/wp\/v2\/posts"}],"about":[{"href":"https:\/\/www.europesays.com\/fr\/wp-json\/wp\/v2\/types\/post"}],"author":[{"embeddable":true,"href":"https:\/\/www.europesays.com\/fr\/wp-json\/wp\/v2\/users\/2"}],"replies":[{"embeddable":true,"href":"https:\/\/www.europesays.com\/fr\/wp-json\/wp\/v2\/comments?post=365096"}],"version-history":[{"count":0,"href":"https:\/\/www.europesays.com\/fr\/wp-json\/wp\/v2\/posts\/365096\/revisions"}],"wp:featuredmedia":[{"embeddable":true,"href":"https:\/\/www.europesays.com\/fr\/wp-json\/wp\/v2\/media\/365097"}],"wp:attachment":[{"href":"https:\/\/www.europesays.com\/fr\/wp-json\/wp\/v2\/media?parent=365096"}],"wp:term":[{"taxonomy":"category","embeddable":true,"href":"https:\/\/www.europesays.com\/fr\/wp-json\/wp\/v2\/categories?post=365096"},{"taxonomy":"post_tag","embeddable":true,"href":"https:\/\/www.europesays.com\/fr\/wp-json\/wp\/v2\/tags?post=365096"}],"curies":[{"name":"wp","href":"https:\/\/api.w.org\/{rel}","templated":true}]}}