{"id":365098,"date":"2025-09-04T07:02:11","date_gmt":"2025-09-04T07:02:11","guid":{"rendered":"https:\/\/www.europesays.com\/fr\/365098\/"},"modified":"2025-09-04T07:02:11","modified_gmt":"2025-09-04T07:02:11","slug":"hm-prend-un-virage-mode-et-retail-dans-le-marais","status":"publish","type":"post","link":"https:\/\/www.europesays.com\/fr\/365098\/","title":{"rendered":"H&#038;M prend un virage mode et retail dans le Marais"},"content":{"rendered":"<p>\n                                    <b>Publi\u00e9 le<\/b><br \/>\n                                    <\/p>\n<p>                                        4 septembre 2025<\/p>\n<p class=\"article-content col-md-8 offset-md-1\">\n                                Apr\u00e8s un pop-up tout de rouge v\u00eatu ouvert en 2024 rue de Turenne ayant valeur de test, <a class=\"fnwAddLinks\" href=\"https:\/\/tn.fashionnetwork.com\/tags-h-m\" title=\"H&amp;M\" rel=\"nofollow noopener\" target=\"_blank\">H&amp;M<\/a> s&rsquo;\u00e9tablit durablement dans le chic et trendy quartier du Marais \u00e0 Paris. L&rsquo;enseigne su\u00e9doise inaugure ce 4 septembre un magasin permanent de 1.000 m\u00e8tres carr\u00e9s au 43 rue des Francs-Bourgeois (IVe arrondissement). Un concept-store in\u00e9dit sur le march\u00e9 fran\u00e7ais, sur lequel FashionNetwork l\u00e8ve le voile en compagnie de P\u00e4r Lindb\u00e4ck, le directeur des ventes France, Belgique et Luxembourg d&rsquo;H&amp;M. Ce nouveau point de vente illustre l&rsquo;intention de la cha\u00eene d&rsquo;habillement de monter en gamme, y compris sur le plan retail.<\/p>\n<p><img decoding=\"async\" class=\"news-image\" style=\"width:100%;\" src=\"https:\/\/www.europesays.com\/fr\/wp-content\/uploads\/2025\/09\/8126.jpg\" alt=\"La cour int\u00e9rieure du nouveau magasin H&amp;M dans le Marais\" loading=\"lazy\"\/>La cour int\u00e9rieure du nouveau magasin H&amp;M dans le Marais &#8211; H&amp;M<\/p>\n<p class=\"col-md-8 offset-md-1 article-content--texte\">\u00ab\u00a0Le Marais est un lieu \u00e0 la fois vivant et strat\u00e9gique, avec une forte attractivit\u00e9 culturelle et touristique. C\u2019est aussi un quartier cr\u00e9atif et inspirant, qui correspond parfaitement \u00e0 l\u2019\u00e9volution de H&amp;M vers une identit\u00e9 plus mode et plus pointue\u00a0\u00bb, exprime P\u00e4r Lindb\u00e4ck. Il rappelle que ce quartier draine \u00ab\u00a0un flux pi\u00e9ton pouvant atteindre jusqu\u2019\u00e0 22.000 visiteurs par jour, ce qui repr\u00e9sente \u00e0 la fois une forte visibilit\u00e9 et un potentiel de clients important\u00a0\u00bb.<\/p>\n<p>Autre atout pour le dirigeant? \u00ab\u00a0Son dynamisme le dimanche \u2013 contrairement \u00e0 la plupart des quartiers parisiens qui ferment ce jour-l\u00e0 \u2013, permettant ainsi aux enseignes une journ\u00e9e commerciale suppl\u00e9mentaire.\u00a0\u00bb<\/p>\n<p><img decoding=\"async\" class=\"news-image\" style=\"width:100%;\" src=\"https:\/\/www.europesays.com\/fr\/wp-content\/uploads\/2025\/09\/6990.jpg\" alt=\"\" loading=\"lazy\"\/> H&amp;M<\/p>\n<p class=\"col-md-8 offset-md-1 article-content--texte\">R\u00e9parti sur trois niveaux, le nouveau concept \u2013 voisin de <a class=\"fnwAddLinks\" href=\"https:\/\/tn.fashionnetwork.com\/tags-uniqlo\" title=\"Uniqlo\" rel=\"nofollow noopener\" target=\"_blank\">Uniqlo<\/a>, Fursac ou <a class=\"fnwAddLinks\" href=\"https:\/\/tn.fashionnetwork.com\/tags-sessun\" title=\"Sess\u00f9n\" rel=\"nofollow noopener\" target=\"_blank\">Sess\u00f9n<\/a> \u2013 abrite une s\u00e9lection mode des collections femme, homme, lingerie, accessoires et beaut\u00e9 de l&rsquo;enseigne. Avec assez peu de basiques, uniquement propos\u00e9s pour compl\u00e9ter une silhouette. Cet \u00e9crin accueille surtout les capsules \u00e9v\u00e9nementielles ou plus pointues, \u00e0 savoir la collection premium H&amp;M Studio, la nouvelle ligne masculine H&amp;M Atelier pour homme, et surtout la collaboration nou\u00e9e avec le cr\u00e9ateur belge <a class=\"fnwAddLinks\" href=\"https:\/\/tn.fashionnetwork.com\/tags-glenn-martens\" title=\"Glenn Martens\" rel=\"nofollow noopener\" target=\"_blank\">Glenn Martens<\/a>.<\/p>\n<p>C&rsquo;est d\u00e9sormais ce magasin du Marais qui sera l&rsquo;unique vitrine tricolore de ces collections plus haut de gamme, prenant le relais du magasin de la rue La Fayette \u00e0 Paris (qui reste ouvert). Enfin, l&rsquo;offre Pre-Loved de v\u00eatements de seconde main s&rsquo;offre ici son deuxi\u00e8me ancrage physique dans l&rsquo;Hexagone.<\/p>\n<p>C\u00f4t\u00e9 am\u00e9nagement, ce point de vente con\u00e7u en interne affiche un design plut\u00f4t minimaliste, couleurs naturelles et lignes \u00e9pur\u00e9es au programme. Dans la cour int\u00e9rieure, pens\u00e9e comme \u00ab\u00a0comme un lieu de rencontre entre la marque et sa communaut\u00e9\u00a0\u00bb, H&amp;M pr\u00e9voit d&rsquo;organiser des \u00e9v\u00e9nements culturels, musicaux ou stylistiques.<\/p>\n<p><img decoding=\"async\" class=\"news-image\" style=\"width:100%;\" src=\"https:\/\/www.europesays.com\/fr\/wp-content\/uploads\/2025\/09\/048e.jpg\" alt=\"\" loading=\"lazy\"\/> H&amp;M<\/p>\n<p class=\"col-md-8 offset-md-1 article-content--texte\">Pour fluidifier les achats, la cha\u00eene installe pour la premi\u00e8re fois en France des caisses automatiques \u00e9quip\u00e9es de la technologie RFID, permettant \u00ab\u00a0une lecture instantan\u00e9e des articles, un encaissement ultra-rapide et une gestion des stocks optimis\u00e9e\u00a0\u00bb. Le click &amp; collect est aussi possible dans ce magasin.<\/p>\n<p>A Paris, H&amp;M compte d\u00e9sormais sept points de vente, incluant un corner aux <a class=\"fnwAddLinks\" href=\"https:\/\/tn.fashionnetwork.com\/tags-galeries-lafayette\" title=\"Galeries Lafayette\" rel=\"nofollow noopener\" target=\"_blank\">Galeries Lafayette<\/a> Haussmann ouvert cette ann\u00e9e <a href=\"https:\/\/fr.fashionnetwork.com\/news\/H-m-entre-aux-galeries-lafayette-haussmann-avec-sa-collection-pour-enfant-adorables-,1739877.html\" rel=\"nofollow noopener\" target=\"_blank\">pour propulser sa nouvelle ligne enfant &lsquo;Adorables<\/a>&lsquo;. Par le pass\u00e9, la pr\u00e9sence de l&rsquo;enseigne a \u00e9t\u00e9 plus dense dans la capitale, mais quelques adresses ont \u00e9t\u00e9 ferm\u00e9es ces derni\u00e8res ann\u00e9es (rue de Rennes et Champs-Elys\u00e9es notamment).<\/p>\n<p>Le maillage parisien est-il d\u00e9sormais mature? \u00ab\u00a0Ouvrir une boutique dans le Marais est un symbole fort de notre volont\u00e9 de rester pertinents, accessibles et inspirants, de mani\u00e8re p\u00e9renne. Nous travaillons en permanence \u00e0 optimiser notre parc de magasins et nos emplacements\u00a0\u00bb, ajoute-t-il. Les r\u00e9novations sont surtout au programme. Au <a class=\"fnwAddLinks\" href=\"https:\/\/tn.fashionnetwork.com\/tags-forum-des-halles\" title=\"Forum des Halles\" rel=\"nofollow noopener\" target=\"_blank\">Forum des Halles<\/a>, au c\u0153ur de la capitale, le flagship H&amp;M &#8211; le plus lucratif en termes de ventes au niveau mondial- vient d&rsquo;\u00eatre repens\u00e9. L&rsquo;unit\u00e9 de <a class=\"fnwAddLinks\" href=\"https:\/\/tn.fashionnetwork.com\/tags-beaugrenelle\" title=\"Beaugrenelle\" rel=\"nofollow noopener\" target=\"_blank\">Beaugrenelle<\/a> se modernise \u00e9galement.<\/p>\n<p><img decoding=\"async\" class=\"news-image\" style=\"width:100%;\" src=\"https:\/\/www.europesays.com\/fr\/wp-content\/uploads\/2025\/09\/fe4b.jpg\" alt=\"\" loading=\"lazy\"\/> H&amp;M<\/p>\n<p class=\"col-md-8 offset-md-1 article-content--texte\">Sur le territoire fran\u00e7ais, o\u00f9 elle a d\u00e9barqu\u00e9 en 1998, l&rsquo;enseigne scandinave compte pr\u00e8s de 170 unit\u00e9s. \u00ab\u00a0En France, notre priorit\u00e9 n\u2019est pas de multiplier les ouvertures ou d\u2019accumuler des m\u00e8tres carr\u00e9s, mais de garantir que chaque magasin propose la bonne exp\u00e9rience, au bon endroit\u00a0\u00bb, soutient le dirigeant.<\/p>\n<p>Le magasin pilote du Marais a valeur de test. \u00ab\u00a0Bien s\u00fbr, si nos clients r\u00e9agissent positivement, nous envisagerons d\u2019\u00e9tendre ce concept \u00e0 l\u2019avenir. Mais pour l\u2019instant, notre objectif est de concentrer tous nos efforts sur le succ\u00e8s de cette boutique\u00a0\u00bb.<\/p>\n<p>Au deuxi\u00e8me trimestre de son exercice 2025, le groupe H&amp;M (incluant aussi les marques &amp; other stories, Cos ou encore <a class=\"fnwAddLinks\" href=\"https:\/\/tn.fashionnetwork.com\/tags-arket\" title=\"Arket\" rel=\"nofollow noopener\" target=\"_blank\">Arket<\/a>) a vu ses ventes se replier de 5% \u00e0 56,7 milliards de couronnes (5,14 milliards d&rsquo;euros), et son b\u00e9n\u00e9fice net chuter de 22% \u00e0 3,96 milliards de couronnes (environ 360 millions d&rsquo;euros).\n                            <\/p>\n<p>\n                                Tous droits de reproduction et de repr\u00e9sentation r\u00e9serv\u00e9s.<br \/>\u00a9 2025 FashionNetwork.com\n                            <\/p>\n","protected":false},"excerpt":{"rendered":"Publi\u00e9 le 4 septembre 2025 Apr\u00e8s un pop-up tout de rouge v\u00eatu ouvert en 2024 rue de Turenne&hellip;\n","protected":false},"author":2,"featured_media":365099,"comment_status":"","ping_status":"","sticky":false,"template":"","format":"standard","meta":{"footnotes":""},"categories":[1888],"tags":[49953,11,49954,48540,2424,49952,537,49950,2423,1777,674,49951,1011,27,4238,41076,14679,2425,985,12,2298,626,2426,2427,25,2421,49949,2422,8826],"class_list":{"0":"post-365098","1":"post","2":"type-post","3":"status-publish","4":"format-standard","5":"has-post-thumbnail","7":"category-paris","8":"tag-other-stories","9":"tag-actualites","10":"tag-arket","11":"tag-beaugrenelle","12":"tag-beaute","13":"tag-comite-champs-elysees","14":"tag-contact","15":"tag-cos","16":"tag-cosmetiques","17":"tag-eu","18":"tag-europe","19":"tag-forum-des-halles","20":"tag-fr","21":"tag-france","22":"tag-galeries-lafayette","23":"tag-glenn-martens","24":"tag-hm","25":"tag-luxe","26":"tag-mode","27":"tag-news","28":"tag-parfum","29":"tag-paris","30":"tag-professionnel","31":"tag-professionnels","32":"tag-republique-francaise","33":"tag-reseau","34":"tag-sessun","35":"tag-textile","36":"tag-uniqlo"},"share_on_mastodon":{"url":"https:\/\/pubeurope.com\/@fr\/115144749558367146","error":""},"_links":{"self":[{"href":"https:\/\/www.europesays.com\/fr\/wp-json\/wp\/v2\/posts\/365098","targetHints":{"allow":["GET"]}}],"collection":[{"href":"https:\/\/www.europesays.com\/fr\/wp-json\/wp\/v2\/posts"}],"about":[{"href":"https:\/\/www.europesays.com\/fr\/wp-json\/wp\/v2\/types\/post"}],"author":[{"embeddable":true,"href":"https:\/\/www.europesays.com\/fr\/wp-json\/wp\/v2\/users\/2"}],"replies":[{"embeddable":true,"href":"https:\/\/www.europesays.com\/fr\/wp-json\/wp\/v2\/comments?post=365098"}],"version-history":[{"count":0,"href":"https:\/\/www.europesays.com\/fr\/wp-json\/wp\/v2\/posts\/365098\/revisions"}],"wp:featuredmedia":[{"embeddable":true,"href":"https:\/\/www.europesays.com\/fr\/wp-json\/wp\/v2\/media\/365099"}],"wp:attachment":[{"href":"https:\/\/www.europesays.com\/fr\/wp-json\/wp\/v2\/media?parent=365098"}],"wp:term":[{"taxonomy":"category","embeddable":true,"href":"https:\/\/www.europesays.com\/fr\/wp-json\/wp\/v2\/categories?post=365098"},{"taxonomy":"post_tag","embeddable":true,"href":"https:\/\/www.europesays.com\/fr\/wp-json\/wp\/v2\/tags?post=365098"}],"curies":[{"name":"wp","href":"https:\/\/api.w.org\/{rel}","templated":true}]}}