{"id":365102,"date":"2025-09-04T07:04:13","date_gmt":"2025-09-04T07:04:13","guid":{"rendered":"https:\/\/www.europesays.com\/fr\/365102\/"},"modified":"2025-09-04T07:04:13","modified_gmt":"2025-09-04T07:04:13","slug":"lhecatombe-de-soldats-russes-dont-moscou-ne-veut-pas-entendre-parler","status":"publish","type":"post","link":"https:\/\/www.europesays.com\/fr\/365102\/","title":{"rendered":"L&rsquo;h\u00e9catombe de soldats russes dont Moscou ne veut pas entendre parler"},"content":{"rendered":"<p class=\"PopSlotParagraph qg-tx2 qg-xtra-lh svelte-1r0pyek\">Les Europ\u00e9ens sont \u00ab\u00a0pr\u00eats\u00a0\u00bb \u00e0 \u00ab\u00a0apporter les garanties de s\u00e9curit\u00e9 \u00e0 l&rsquo;Ukraine et aux Ukrainiens, le jour o\u00f9 une paix est sign\u00e9e\u00a0\u00bb, a annonc\u00e9 mercredi soir Emmanuel Macron en recevant \u00e0 Paris le pr\u00e9sident ukrainien Volodymyr Zelensky, \u00e0 la veille de la r\u00e9union de chefs d&rsquo;\u00e9tat de la coalition des volontaires \u00e0 Paris&#8230; Mais Vladimir Poutine, de son c\u00f4t\u00e9, affirme depuis P\u00e9kin qu&rsquo;il \u00ab\u00a0entrevoit une lumi\u00e8re au bout du tunnel\u00a0\u00bb en vue d&rsquo;un r\u00e8glement de la crise ukrainienne, mais que la Russie restait \u00e9galement \u00ab\u00a0pr\u00eate \u00e0 r\u00e9soudre les probl\u00e8mes par la force s&rsquo;il le fallait\u00a0\u00bb.<\/p>\n<p class=\"PopSlotParagraph qg-tx2 qg-xtra-lh svelte-1r0pyek\">Apr\u00e8s trois ans et\u00a0demi de guerre, les raids et les combats se poursuivent. L&rsquo;arm\u00e9e ukrainienne r\u00e9siste malgr\u00e9 ses difficult\u00e9s, son manque de troupes et d&rsquo;\u00e9quipements. Mais quid de la situation militaire c\u00f4t\u00e9 russe\u00a0? Deux m\u00e9dias russes en exil travaillent depuis plus de deux ans \u00e0 \u00e9valuer le nombre de morts, et leur derni\u00e8re estimation fait froid dans le dos\u00a0: 220 000 soldats russes seraient d\u00e9c\u00e9d\u00e9s depuis le d\u00e9but de cette guerre&#8230; Sans que cela semble perturber la d\u00e9termination du Kremlin.<\/p>\n<p> Une liste \u00e9tablie \u00e0 partir des annonces n\u00e9crologiques et des registres de successions<\/p>\n<p class=\"PopSlotParagraph qg-tx2 qg-xtra-lh svelte-1r0pyek\">Celui-ci fait tout pour dissimuler l&rsquo;h\u00e9catombe\u00a0: depuis cet \u00e9t\u00e9, Rosstat, l&rsquo;agence officielle de statistiques, ne publie quasiment plus aucune donn\u00e9e d\u00e9mographique. Alors pour contourner le probl\u00e8me, depuis le d\u00e9but de la guerre, ces m\u00e9dias recensent les annonces n\u00e9crologiques, les m\u00e9dias locaux en Russie, les administrations, les r\u00e9seaux sociaux&#8230; Et ils ont \u00e9tabli une liste de 125 000 noms \u00e0 ce jour, ceux des morts certains, identifi\u00e9s.<\/p>\n<p class=\"PopSlotParagraph qg-tx2 qg-xtra-lh svelte-1r0pyek\">Ils se sont \u00e9galement int\u00e9ress\u00e9s aux registres des successions, en examinant l&rsquo;augmentation des d\u00e9clarations d&rsquo;h\u00e9ritage, tr\u00e8s forte chez les hommes. Ils sont donc parvenus \u00e0 extrapoler ce chiffre, cr\u00e9dible, de 220 000 morts, et ont m\u00eame pu d\u00e9terminer que l&rsquo;ann\u00e9e 2024 avait \u00e9t\u00e9 la plus meurtri\u00e8re, avec 95 000 soldats tu\u00e9s. \u00c0 la fin de l&rsquo;ann\u00e9e derni\u00e8re, l&rsquo;arm\u00e9e russe perdait jusqu&rsquo;\u00e0 3000 hommes par semaine.<\/p>\n<p> De longues rang\u00e9es de tombes fra\u00eeches<\/p>\n<p class=\"PopSlotParagraph qg-tx2 qg-xtra-lh svelte-1r0pyek\">Une h\u00e9catombe masqu\u00e9e mais que l&rsquo;on devine dans la soci\u00e9t\u00e9 russe. Nous avons\u00a0eu l&rsquo;occasion d&rsquo;aller dans des cimeti\u00e8res o\u00f9 l&rsquo;on voit d\u00e9sormais de longue rang\u00e9es de tombes fraiches. Certains assurent que les obs\u00e8ques de personnes \u00e2g\u00e9es ont lieu parfois de nombreux jours apr\u00e8s le d\u00e9c\u00e8s, parce qu&rsquo;il y a trop d&rsquo;enterrements de militaires.<\/p>\n<p class=\"PopSlotParagraph qg-tx2 qg-xtra-lh svelte-1r0pyek\">Dans le m\u00eame temps, il semble que l&rsquo;arm\u00e9e arrive toujours \u00e0 recruter, sur la base du volontariat, gr\u00e2ce \u00e0 des salaires attractifs. Ce que l&rsquo;on voit dans la liste des morts recens\u00e9s par ces m\u00e9dias, c&rsquo;est que les r\u00e9gions loin de Moscou, en Sib\u00e9rie, dans l&rsquo;Oural sont surrepr\u00e9sent\u00e9es. Et ce n&rsquo;est pas une co\u00efncidence\u00a0: ce sont les r\u00e9gions les plus pauvres de Russie.<\/p>\n","protected":false},"excerpt":{"rendered":"Les Europ\u00e9ens sont \u00ab\u00a0pr\u00eats\u00a0\u00bb \u00e0 \u00ab\u00a0apporter les garanties de s\u00e9curit\u00e9 \u00e0 l&rsquo;Ukraine et aux Ukrainiens, le jour o\u00f9&hellip;\n","protected":false},"author":2,"featured_media":365103,"comment_status":"","ping_status":"","sticky":false,"template":"","format":"standard","meta":{"footnotes":""},"categories":[1591],"tags":[11,1887,12,1885,1886,132],"class_list":{"0":"post-365102","1":"post","2":"type-post","3":"status-publish","4":"format-standard","5":"has-post-thumbnail","7":"category-russie","8":"tag-actualites","9":"tag-federation-de-russie","10":"tag-news","11":"tag-russia","12":"tag-russian-federation","13":"tag-russie"},"share_on_mastodon":{"url":"https:\/\/pubeurope.com\/@fr\/115144757440097061","error":""},"_links":{"self":[{"href":"https:\/\/www.europesays.com\/fr\/wp-json\/wp\/v2\/posts\/365102","targetHints":{"allow":["GET"]}}],"collection":[{"href":"https:\/\/www.europesays.com\/fr\/wp-json\/wp\/v2\/posts"}],"about":[{"href":"https:\/\/www.europesays.com\/fr\/wp-json\/wp\/v2\/types\/post"}],"author":[{"embeddable":true,"href":"https:\/\/www.europesays.com\/fr\/wp-json\/wp\/v2\/users\/2"}],"replies":[{"embeddable":true,"href":"https:\/\/www.europesays.com\/fr\/wp-json\/wp\/v2\/comments?post=365102"}],"version-history":[{"count":0,"href":"https:\/\/www.europesays.com\/fr\/wp-json\/wp\/v2\/posts\/365102\/revisions"}],"wp:featuredmedia":[{"embeddable":true,"href":"https:\/\/www.europesays.com\/fr\/wp-json\/wp\/v2\/media\/365103"}],"wp:attachment":[{"href":"https:\/\/www.europesays.com\/fr\/wp-json\/wp\/v2\/media?parent=365102"}],"wp:term":[{"taxonomy":"category","embeddable":true,"href":"https:\/\/www.europesays.com\/fr\/wp-json\/wp\/v2\/categories?post=365102"},{"taxonomy":"post_tag","embeddable":true,"href":"https:\/\/www.europesays.com\/fr\/wp-json\/wp\/v2\/tags?post=365102"}],"curies":[{"name":"wp","href":"https:\/\/api.w.org\/{rel}","templated":true}]}}