{"id":365104,"date":"2025-09-04T07:05:11","date_gmt":"2025-09-04T07:05:11","guid":{"rendered":"https:\/\/www.europesays.com\/fr\/365104\/"},"modified":"2025-09-04T07:05:11","modified_gmt":"2025-09-04T07:05:11","slug":"direct-guerre-en-ukraine-volodymyr-zelensky-et-la-coalition-des-volontaires-vont-tenter-de-convaincre-donald-trump-de-soutenir-davantage-lukraine","status":"publish","type":"post","link":"https:\/\/www.europesays.com\/fr\/365104\/","title":{"rendered":"Direct \u2013 Guerre en Ukraine\u00a0: Volodymyr Zelensky et la coalition des volontaires vont tenter de convaincre Donald Trump de soutenir davantage l\u2019Ukraine"},"content":{"rendered":"<p>Le pr\u00e9sident fran\u00e7ais Emmanuel Macron va copr\u00e9sider une r\u00e9union de la \u00ab\u00a0Coalition des volontaires\u00a0\u00bb \u00e0 10h30 \u00e0 l\u2019Elys\u00e9e \u00e0 Paris. <a href=\"https:\/\/www.rtbf.be\/article\/paris-recoit-la-coalition-de-pays-volontaires-en-soutien-a-l-ukraine-tout-cela-a-comme-principal-objectif-de-montrer-une-volonte-politique-11523617\" rel=\"nofollow noopener\" target=\"_blank\">Cette coalition rassemble les principaux soutiens militaires de Kiev, soit une trentaine de pays, essentiellement europ\u00e9ens<\/a>. <a href=\"https:\/\/www.rtbf.be\/article\/guerre-en-ukraine-zelensky-tentera-de-joindre-le-president-trump-lors-d-une-reunion-de-la-coalition-des-volontaires-ce-jeudi-11595829\" rel=\"nofollow noopener\" target=\"_blank\">Le pr\u00e9sident ukrainien\u00a0Volodymyr Zelensky participera \u00e0 la rencontre.<\/a><\/p>\n<p>Les dirigeants s\u2019entretiendront dans l\u2019apr\u00e8s-midi avec Donald Trump, par t\u00e9l\u00e9phone. Avec deux sujets \u00e0 l\u2019ordre du jour\u00a0: <a href=\"https:\/\/www.rtbf.be\/article\/guerre-en-ukraine-zelensky-discute-de-sanctions-contre-la-russie-avec-l-emissaire-de-trump-11591700\" rel=\"nofollow noopener\" target=\"_blank\">un appel \u00e0 plus de sanctions am\u00e9ricaines contre la Russie<\/a> et les contributions de chacun aux garanties de s\u00e9curit\u00e9 futures \u00e0 apporter \u00e0 l\u2019Ukraine.<\/p>\n<p>Outre Volodymyr\u00a0Zelensky, le pr\u00e9sident finlandais Alexander Stubb sera pr\u00e9sent \u00e0 l\u2019Elys\u00e9e, de m\u00eame que les Premiers ministres polonais Donald Tusk, espagnol Pedro Sanchez, danoise Mette Frederiksen ou encore les pr\u00e9sidents des institutions de l\u2019Union europ\u00e9enne Ursula von der Leyen et Antonio Costa.\u00a0Le Premier ministre britannique Keir Starmer, copr\u00e9sident de la r\u00e9union, interviendra en visioconf\u00e9rence de m\u00eame que les autres dirigeants europ\u00e9ens, de l\u2019Allemand Friedrich Merz \u00e0 l\u2019Italienne Georgia Meloni.<\/p>\n<p style=\"text-align: center;\"><strong>Suivez notre direct ci-dessous\u00a0:<\/strong><\/p>\n","protected":false},"excerpt":{"rendered":"Le pr\u00e9sident fran\u00e7ais Emmanuel Macron va copr\u00e9sider une r\u00e9union de la \u00ab\u00a0Coalition des volontaires\u00a0\u00bb \u00e0 10h30 \u00e0 l\u2019Elys\u00e9e&hellip;\n","protected":false},"author":2,"featured_media":365105,"comment_status":"","ping_status":"","sticky":false,"template":"","format":"standard","meta":{"footnotes":""},"categories":[1590],"tags":[11,1777,674,12,220],"class_list":{"0":"post-365104","1":"post","2":"type-post","3":"status-publish","4":"format-standard","5":"has-post-thumbnail","7":"category-ukraine","8":"tag-actualites","9":"tag-eu","10":"tag-europe","11":"tag-news","12":"tag-ukraine"},"share_on_mastodon":{"url":"https:\/\/pubeurope.com\/@fr\/115144761356570423","error":""},"_links":{"self":[{"href":"https:\/\/www.europesays.com\/fr\/wp-json\/wp\/v2\/posts\/365104","targetHints":{"allow":["GET"]}}],"collection":[{"href":"https:\/\/www.europesays.com\/fr\/wp-json\/wp\/v2\/posts"}],"about":[{"href":"https:\/\/www.europesays.com\/fr\/wp-json\/wp\/v2\/types\/post"}],"author":[{"embeddable":true,"href":"https:\/\/www.europesays.com\/fr\/wp-json\/wp\/v2\/users\/2"}],"replies":[{"embeddable":true,"href":"https:\/\/www.europesays.com\/fr\/wp-json\/wp\/v2\/comments?post=365104"}],"version-history":[{"count":0,"href":"https:\/\/www.europesays.com\/fr\/wp-json\/wp\/v2\/posts\/365104\/revisions"}],"wp:featuredmedia":[{"embeddable":true,"href":"https:\/\/www.europesays.com\/fr\/wp-json\/wp\/v2\/media\/365105"}],"wp:attachment":[{"href":"https:\/\/www.europesays.com\/fr\/wp-json\/wp\/v2\/media?parent=365104"}],"wp:term":[{"taxonomy":"category","embeddable":true,"href":"https:\/\/www.europesays.com\/fr\/wp-json\/wp\/v2\/categories?post=365104"},{"taxonomy":"post_tag","embeddable":true,"href":"https:\/\/www.europesays.com\/fr\/wp-json\/wp\/v2\/tags?post=365104"}],"curies":[{"name":"wp","href":"https:\/\/api.w.org\/{rel}","templated":true}]}}