{"id":365108,"date":"2025-09-04T07:07:10","date_gmt":"2025-09-04T07:07:10","guid":{"rendered":"https:\/\/www.europesays.com\/fr\/365108\/"},"modified":"2025-09-04T07:07:10","modified_gmt":"2025-09-04T07:07:10","slug":"les-ventes-de-currys-en-hausse-de-3-au-royaume-uni-lancement-dun-rachat-dactions","status":"publish","type":"post","link":"https:\/\/www.europesays.com\/fr\/365108\/","title":{"rendered":"Les ventes de Currys en hausse de 3% au Royaume-Uni, lancement d&rsquo;un rachat d&rsquo;actions"},"content":{"rendered":"<p>Le distributeur britannique d&rsquo;appareils \u00e9lectrom\u00e9nagers Currys a annonc\u00e9 une progression de 3% de ses ventes de groupe au cours des quatre premiers mois de son exercice financier, ce qui le place sur la bonne voie pour atteindre ses objectifs. Parall\u00e8lement, l&rsquo;enseigne a d\u00e9clar\u00e9 le lancement d&rsquo;un programme de rachat d&rsquo;actions d&rsquo;un montant de 50 millions de livres sterling (soit 68 millions de dollars).<\/p>\n<p>\n(1 dollar = 0,7402 livre sterling)<\/p>\n","protected":false},"excerpt":{"rendered":"Le distributeur britannique d&rsquo;appareils \u00e9lectrom\u00e9nagers Currys a annonc\u00e9 une progression de 3% de ses ventes de groupe au&hellip;\n","protected":false},"author":2,"featured_media":365109,"comment_status":"","ping_status":"","sticky":false,"template":"","format":"standard","meta":{"footnotes":""},"categories":[1588],"tags":[11,340,1777,674,12,473,1853,1851,1850,1852],"class_list":{"0":"post-365108","1":"post","2":"type-post","3":"status-publish","4":"format-standard","5":"has-post-thumbnail","7":"category-royaume-uni","8":"tag-actualites","9":"tag-bourse","10":"tag-eu","11":"tag-europe","12":"tag-news","13":"tag-royaume-uni","14":"tag-royaume-uni-de-grande-bretagne-et-dirlande-du-nord","15":"tag-uk","16":"tag-united-kingdom","17":"tag-united-kingdom-of-great-britain-and-northern-ireland"},"share_on_mastodon":{"url":"https:\/\/pubeurope.com\/@fr\/115144769143370874","error":""},"_links":{"self":[{"href":"https:\/\/www.europesays.com\/fr\/wp-json\/wp\/v2\/posts\/365108","targetHints":{"allow":["GET"]}}],"collection":[{"href":"https:\/\/www.europesays.com\/fr\/wp-json\/wp\/v2\/posts"}],"about":[{"href":"https:\/\/www.europesays.com\/fr\/wp-json\/wp\/v2\/types\/post"}],"author":[{"embeddable":true,"href":"https:\/\/www.europesays.com\/fr\/wp-json\/wp\/v2\/users\/2"}],"replies":[{"embeddable":true,"href":"https:\/\/www.europesays.com\/fr\/wp-json\/wp\/v2\/comments?post=365108"}],"version-history":[{"count":0,"href":"https:\/\/www.europesays.com\/fr\/wp-json\/wp\/v2\/posts\/365108\/revisions"}],"wp:featuredmedia":[{"embeddable":true,"href":"https:\/\/www.europesays.com\/fr\/wp-json\/wp\/v2\/media\/365109"}],"wp:attachment":[{"href":"https:\/\/www.europesays.com\/fr\/wp-json\/wp\/v2\/media?parent=365108"}],"wp:term":[{"taxonomy":"category","embeddable":true,"href":"https:\/\/www.europesays.com\/fr\/wp-json\/wp\/v2\/categories?post=365108"},{"taxonomy":"post_tag","embeddable":true,"href":"https:\/\/www.europesays.com\/fr\/wp-json\/wp\/v2\/tags?post=365108"}],"curies":[{"name":"wp","href":"https:\/\/api.w.org\/{rel}","templated":true}]}}