{"id":365112,"date":"2025-09-04T07:09:10","date_gmt":"2025-09-04T07:09:10","guid":{"rendered":"https:\/\/www.europesays.com\/fr\/365112\/"},"modified":"2025-09-04T07:09:10","modified_gmt":"2025-09-04T07:09:10","slug":"et-dans-la-marche-vers-le-grand-clash-etats-unis-vs-chine-a-quel-destin-se-prepare-leurope","status":"publish","type":"post","link":"https:\/\/www.europesays.com\/fr\/365112\/","title":{"rendered":"Et dans la marche vers le grand clash \u00c9tats-Unis vs Chine, \u00e0 quel destin se pr\u00e9pare l\u2019Europe ?"},"content":{"rendered":"<p>Choc des titans<\/p>\n<p>Le 3 septembre, la Chine a offert au monde un spectacle calibr\u00e9 : d\u00e9fil\u00e9 militaire millim\u00e9tr\u00e9, pr\u00e9sence de Vladimir Poutine et Kim Jong-Un, rh\u00e9torique sur la paix et le multilat\u00e9ralisme. Mais derri\u00e8re l\u2019apparat, se joue un affrontement plus large avec les \u00c9tats-Unis : comp\u00e9tition \u00e9conomique, rivalit\u00e9 id\u00e9ologique et tensions diplomatiques. L\u2019Europe, ballott\u00e9e entre ces deux blocs, peut-elle encore peser dans ce nouvel \u00e9quilibre mondial ?<\/p>\n","protected":false},"excerpt":{"rendered":"Choc des titans Le 3 septembre, la Chine a offert au monde un spectacle calibr\u00e9 : d\u00e9fil\u00e9 militaire&hellip;\n","protected":false},"author":2,"featured_media":365113,"comment_status":"","ping_status":"","sticky":false,"template":"","format":"standard","meta":{"footnotes":""},"categories":[1586],"tags":[11,309,13987,75,73,1777,674,1011,27,1074,12,1144,25,49961,2439,364,135,7084],"class_list":{"0":"post-365112","1":"post","2":"type-post","3":"status-publish","4":"format-standard","5":"has-post-thumbnail","7":"category-europe","8":"tag-actualites","9":"tag-chine","10":"tag-coree-du-nord","11":"tag-donald-trump","12":"tag-etats-unis","13":"tag-eu","14":"tag-europe","15":"tag-fr","16":"tag-france","17":"tag-guerre-commerciale","18":"tag-news","19":"tag-occident","20":"tag-republique-francaise","21":"tag-tensions-geopolitiques","22":"tag-tiktok","23":"tag-union-europeenne","24":"tag-vladimir-poutine","25":"tag-xi-jinping"},"share_on_mastodon":{"url":"https:\/\/pubeurope.com\/@fr\/115144777062405878","error":""},"_links":{"self":[{"href":"https:\/\/www.europesays.com\/fr\/wp-json\/wp\/v2\/posts\/365112","targetHints":{"allow":["GET"]}}],"collection":[{"href":"https:\/\/www.europesays.com\/fr\/wp-json\/wp\/v2\/posts"}],"about":[{"href":"https:\/\/www.europesays.com\/fr\/wp-json\/wp\/v2\/types\/post"}],"author":[{"embeddable":true,"href":"https:\/\/www.europesays.com\/fr\/wp-json\/wp\/v2\/users\/2"}],"replies":[{"embeddable":true,"href":"https:\/\/www.europesays.com\/fr\/wp-json\/wp\/v2\/comments?post=365112"}],"version-history":[{"count":0,"href":"https:\/\/www.europesays.com\/fr\/wp-json\/wp\/v2\/posts\/365112\/revisions"}],"wp:featuredmedia":[{"embeddable":true,"href":"https:\/\/www.europesays.com\/fr\/wp-json\/wp\/v2\/media\/365113"}],"wp:attachment":[{"href":"https:\/\/www.europesays.com\/fr\/wp-json\/wp\/v2\/media?parent=365112"}],"wp:term":[{"taxonomy":"category","embeddable":true,"href":"https:\/\/www.europesays.com\/fr\/wp-json\/wp\/v2\/categories?post=365112"},{"taxonomy":"post_tag","embeddable":true,"href":"https:\/\/www.europesays.com\/fr\/wp-json\/wp\/v2\/tags?post=365112"}],"curies":[{"name":"wp","href":"https:\/\/api.w.org\/{rel}","templated":true}]}}