{"id":365114,"date":"2025-09-04T07:10:12","date_gmt":"2025-09-04T07:10:12","guid":{"rendered":"https:\/\/www.europesays.com\/fr\/365114\/"},"modified":"2025-09-04T07:10:12","modified_gmt":"2025-09-04T07:10:12","slug":"directive-europeenne-crd6-le-maroc-craint-pour-ses-11-milliards-deuros-de-transferts-de-la-diaspora","status":"publish","type":"post","link":"https:\/\/www.europesays.com\/fr\/365114\/","title":{"rendered":"Directive europ\u00e9enne CRD6 : le Maroc craint pour ses 11 milliards d&rsquo;euros de transferts de la diaspora"},"content":{"rendered":"\n<p class=\"text-center py-0\">\n<a href=\"https:\/\/news.google.com\/publications\/CAAqMQgKIitDQklTR2dnTWFoWUtGRzFoWjJoeVpXSmxiV1Z5WjJWdWRDNXVaWGR6S0FBUAE?hl=fr&amp;gl=FR&amp;ceid=FR%3Afr\" target=\"_blank\" style=\"cursor: pointer;\" rel=\"nofollow noopener\"><br \/>\n<img loading=\"lazy\" decoding=\"async\" data-lazyloaded=\"1\" width=\"728\" height=\"90\" src=\"https:\/\/www.europesays.com\/fr\/wp-content\/uploads\/2025\/08\/google-news-banner.jpg\" alt=\"\" \/><br \/>\n<\/a><\/p>\n<p><strong>\u00c0 Rabat, l\u2019inqui\u00e9tude monte.<\/strong> \u00c0 moins de cinq mois de l\u2019entr\u00e9e en vigueur de la directive europ\u00e9enne CRD6 (Capital Requirements Directive 6), les autorit\u00e9s marocaines redoutent ses r\u00e9percussions sur les transferts des Marocains r\u00e9sidant \u00e0 l\u2019\u00e9tranger (MRE). En imposant aux succursales de banques non europ\u00e9ennes un cadre r\u00e9glementaire \u00e9quivalent \u00e0 celui des \u00e9tablissements de l\u2019UE, Bruxelles pourrait fragiliser une manne financi\u00e8re qui a d\u00e9pass\u00e9 117 milliards de dirhams en 2024 (environ 11,08 milliards d\u2019euros).<\/p>\n<p><a\/><strong>Une r\u00e9forme bancaire aux effets syst\u00e9miques<\/strong><\/p>\n<p>Adopt\u00e9e le 31 mai 2024, la directive europ\u00e9enne 2024\/1619, dite CRD6, vise \u00e0 renforcer la stabilit\u00e9 financi\u00e8re de l\u2019Union europ\u00e9enne. Elle astreint les succursales de banques de pays tiers \u00e0 des obligations accrues en mati\u00e8re de gouvernance, de transparence et de fonds propres. \u00c0 d\u00e9faut de s\u2019y conformer, ces succursales devront se transformer en filiales juridiquement ind\u00e9pendantes, avec des exigences de capitalisation plus lourdes.<\/p>\n<p>Ce texte, qui doit \u00eatre transpos\u00e9 dans les l\u00e9gislations nationales d\u2019ici au 10 janvier 2026, concerne directement les groupes bancaires marocains implant\u00e9s en Europe, en particulier en France, en Espagne, en Italie et en Belgique, o\u00f9 se concentre l\u2019essentiel de la diaspora marocaine. Pour ces \u00e9tablissements, la r\u00e9forme pourrait impliquer des co\u00fbts \u00e9lev\u00e9s de restructuration et remettre en cause la rentabilit\u00e9 de leur mod\u00e8le \u00e0 l\u2019\u00e9tranger.<\/p>\n<p><a\/><strong>Un enjeu vital pour l\u2019\u00e9conomie marocaine<\/strong><\/p>\n<p>Les transferts MRE sont un pilier de l\u2019\u00e9conomie marocaine. En 2024, ils ont atteint 117,7 milliards de dirhams (environ 11,08 milliards d\u2019euros), en hausse de 4,5 % par rapport \u00e0 2023. Ils repr\u00e9sentent plus de 7 % du PIB, alimentent les r\u00e9serves en devises, soutiennent la consommation int\u00e9rieure et contribuent \u00e0 l\u2019\u00e9quilibre de la balance des paiements.<\/p>\n<p>Une hausse des frais ou une r\u00e9duction du r\u00e9seau bancaire marocain en Europe pourrait suffire \u00e0 fragiliser ces \u00e9quilibres macro\u00e9conomiques. Le gouverneur de Bank Al-Maghrib, Abdellatif Jouahri, a d\u2019ailleurs rappel\u00e9 en juin 2024 : \u00ab C\u2019est un sujet que nous prenons tr\u00e8s \u00e0 c\u0153ur, car il p\u00e8se \u00e0 la fois sur la balance des paiements et sur les d\u00e9p\u00f4ts bancaires.\u00bb<\/p>\n<p><a\/><strong>Une task force pour organiser la riposte<\/strong><\/p>\n<p>Face \u00e0 ce risque, les autorit\u00e9s marocaines ont constitu\u00e9 une task force regroupant Bank Al-Maghrib, le minist\u00e8re de l\u2019\u00c9conomie et des Finances, ainsi que les principaux groupes bancaires du pays. Sa mission est d\u2019anticiper les effets de la directive et de pr\u00e9server la dynamique des transferts.<\/p>\n<p>Parall\u00e8lement, des discussions diplomatiques ont \u00e9t\u00e9 engag\u00e9es avec Bruxelles afin de d\u00e9fendre les sp\u00e9cificit\u00e9s du mod\u00e8le bancaire marocain et d\u2019att\u00e9nuer l\u2019impact des nouvelles obligations. Dans le m\u00eame temps, les banques marocaines renforcent leurs dispositifs de conformit\u00e9 pour s\u2019adapter aux standards europ\u00e9ens et maintenir leurs op\u00e9rations sur le march\u00e9.<\/p>\n<p><a\/><strong>Un test de r\u00e9silience<\/strong><\/p>\n<p>Au-del\u00e0 de l\u2019enjeu bancaire, la CRD6 met \u00e0 l\u2019\u00e9preuve la capacit\u00e9 du Maroc \u00e0 d\u00e9fendre ses int\u00e9r\u00eats \u00e9conomiques dans l\u2019espace europ\u00e9en. Dans un contexte mondial marqu\u00e9 par la volatilit\u00e9 financi\u00e8re et les tensions g\u00e9opolitiques, la s\u00e9curisation des transferts MRE appara\u00eet comme un test de r\u00e9silience pour le mod\u00e8le marocain.<\/p>\n<p>Avec une entr\u00e9e en vigueur attendue dans moins de cinq mois, Rabat doit acc\u00e9l\u00e9rer son adaptation pour pr\u00e9server ce flux vital de devises et maintenir la confiance de la diaspora dans le syst\u00e8me bancaire marocain.<\/p>\n<tr>\n<td><strong>Qu\u2019est-ce que la directive CRD6 ?<\/strong> \u00a0<\/td>\n<\/tr>\n<tr>\n<td>La directive <strong>CRD6 (Capital Requirements Directive 6)<\/strong>, adopt\u00e9e par l\u2019Union europ\u00e9enne le <strong>31 mai 2024<\/strong> (r\u00e9f\u00e9rence officielle : Directive 2024\/1619), compl\u00e8te le cadre r\u00e9glementaire bancaire europ\u00e9en. Elle impose aux <strong>succursales de banques de pays tiers<\/strong> op\u00e9rant dans l\u2019UE des r\u00e8gles similaires \u00e0 celles appliqu\u00e9es aux banques europ\u00e9ennes.<br \/>\u00a0Les principales obligations concernent : la gouvernance et le contr\u00f4le interne,la transparence financi\u00e8re,les exigences en fonds propres. \u00c0 d\u00e9faut de s\u2019y conformer, les succursales devront se transformer en <strong>filiales juridiquement ind\u00e9pendantes<\/strong>, ce qui implique une capitalisation plus importante et donc un co\u00fbt plus \u00e9lev\u00e9. Les \u00c9tats membres de l\u2019UE doivent transposer cette directive dans leur droit national <strong>au plus tard le 10 janvier 2026<\/strong>. \u00a0<\/td>\n<\/tr>\n","protected":false},"excerpt":{"rendered":"\u00c0 Rabat, l\u2019inqui\u00e9tude monte. \u00c0 moins de cinq mois de l\u2019entr\u00e9e en vigueur de la directive europ\u00e9enne CRD6&hellip;\n","protected":false},"author":2,"featured_media":365115,"comment_status":"","ping_status":"","sticky":false,"template":"","format":"standard","meta":{"footnotes":""},"categories":[1586],"tags":[11,4282,12376,1777,674,1779,1011,27,2223,12,25,49962,1778,364],"class_list":{"0":"post-365114","1":"post","2":"type-post","3":"status-publish","4":"format-standard","5":"has-post-thumbnail","7":"category-europe","8":"tag-actualites","9":"tag-banques","10":"tag-diaspora","11":"tag-eu","12":"tag-europe","13":"tag-european-union","14":"tag-fr","15":"tag-france","16":"tag-maroc","17":"tag-news","18":"tag-republique-francaise","19":"tag-transfert-devises","20":"tag-ue","21":"tag-union-europeenne"},"share_on_mastodon":{"url":"https:\/\/pubeurope.com\/@fr\/115144781013432354","error":""},"_links":{"self":[{"href":"https:\/\/www.europesays.com\/fr\/wp-json\/wp\/v2\/posts\/365114","targetHints":{"allow":["GET"]}}],"collection":[{"href":"https:\/\/www.europesays.com\/fr\/wp-json\/wp\/v2\/posts"}],"about":[{"href":"https:\/\/www.europesays.com\/fr\/wp-json\/wp\/v2\/types\/post"}],"author":[{"embeddable":true,"href":"https:\/\/www.europesays.com\/fr\/wp-json\/wp\/v2\/users\/2"}],"replies":[{"embeddable":true,"href":"https:\/\/www.europesays.com\/fr\/wp-json\/wp\/v2\/comments?post=365114"}],"version-history":[{"count":0,"href":"https:\/\/www.europesays.com\/fr\/wp-json\/wp\/v2\/posts\/365114\/revisions"}],"wp:featuredmedia":[{"embeddable":true,"href":"https:\/\/www.europesays.com\/fr\/wp-json\/wp\/v2\/media\/365115"}],"wp:attachment":[{"href":"https:\/\/www.europesays.com\/fr\/wp-json\/wp\/v2\/media?parent=365114"}],"wp:term":[{"taxonomy":"category","embeddable":true,"href":"https:\/\/www.europesays.com\/fr\/wp-json\/wp\/v2\/categories?post=365114"},{"taxonomy":"post_tag","embeddable":true,"href":"https:\/\/www.europesays.com\/fr\/wp-json\/wp\/v2\/tags?post=365114"}],"curies":[{"name":"wp","href":"https:\/\/api.w.org\/{rel}","templated":true}]}}