{"id":365120,"date":"2025-09-04T07:13:12","date_gmt":"2025-09-04T07:13:12","guid":{"rendered":"https:\/\/www.europesays.com\/fr\/365120\/"},"modified":"2025-09-04T07:13:12","modified_gmt":"2025-09-04T07:13:12","slug":"tourisme-en-ile-de-france-frequentation-et-depenses-en-forte-hausse","status":"publish","type":"post","link":"https:\/\/www.europesays.com\/fr\/365120\/","title":{"rendered":"Tourisme en \u00cele-de-France : fr\u00e9quentation et d\u00e9penses en forte hausse"},"content":{"rendered":"<p><img loading=\"lazy\" decoding=\"async\" alt=\"\u00a9 Shutterstock - Avec 37 millions de visiteurs entre janvier et ao\u00fbt, la r\u00e9gion retrouve des niveaux sup\u00e9rieurs \u00e0 2019. Les client\u00e8les internationales tirent la croissance.\" data-zoom-src=\"https:\/\/www.europesays.com\/fr\/wp-content\/uploads\/2025\/09\/initial-tourisme-musee-du-louvre.jpg\" data-zoomable=\"\" height=\"702\" src=\"https:\/\/www.europesays.com\/fr\/wp-content\/uploads\/2025\/09\/initial-tourisme-musee-du-louvre.jpg\" width=\"1248\"\/>  <\/p>\n<p class=\"article-desc\">\u00a9 Shutterstock &#8211; Avec 37 millions de visiteurs entre janvier et ao\u00fbt, la r\u00e9gion retrouve des niveaux sup\u00e9rieurs \u00e0 2019. Les client\u00e8les internationales tirent la croissance. <\/p>\n<p>De janvier \u00e0 juin 2025, l\u2019<a href=\"https:\/\/mesinfos.fr\/ile-de-france\/tourisme-les-nouvelles-tendances-219416.html\" rel=\"noopener nofollow\" target=\"_blank\">\u00cele-de-France<\/a> a accueilli <strong>24,3 millions de touristes<\/strong>, soit une <strong>progression de 3 %<\/strong> par rapport \u00e0 2024. Cette hausse est surtout port\u00e9e par la <strong>client\u00e8le internationale<\/strong>, en nette augmentation (+9 %), avec 11,4 millions de visiteurs, tandis que la client\u00e8le fran\u00e7aise recule l\u00e9g\u00e8rement (-1 %). <\/p>\n<p>Les march\u00e9s historiques continuent de peser lourd : les <strong>\u00c9tats-Unis<\/strong> restent le premier pays \u00e9metteur avec 1,4 million de visiteurs (+5 %), suivis par le <strong>Royaume-Uni<\/strong> (+14 %) et l\u2019<strong>Allemagne<\/strong> (+15 %). Les client\u00e8les espagnoles progressent \u00e9galement (+7 %), tandis que l\u2019Italie conna\u00eet un repli (-3 %). Les flux long-courriers confirment leur retour, notamment le Br\u00e9sil (+22 %), la Chine (+8 %) et le Canada (+8 %). <\/p>\n<p>Des retomb\u00e9es \u00e9conomiques en forte progression <\/p>\n<p>Sur le premier semestre,<strong> les touristes ont d\u00e9pens\u00e9 11,1 milliards d\u2019euros<\/strong>, soit une hausse de 4 % par rapport \u00e0 2024. Les <a href=\"https:\/\/mesinfos.fr\/ile-de-france\/tourisme-en-2024-la-frequentation-est-restee-stable-221775.html\" rel=\"noopener nofollow\" target=\"_blank\">visiteurs \u00e9trangers<\/a> sont les principaux contributeurs, avec <strong>6,9 milliards d\u2019euros<\/strong> (+7 %), contre <strong>4,2 milliards pour les touristes fran\u00e7ais<\/strong> (-1 %). Cette consommation croissante illustre l\u2019impact du tourisme sur l\u2019\u00e9conomie r\u00e9gionale et souligne le r\u00f4le strat\u00e9gique de l\u2019attractivit\u00e9 internationale. Les h\u00e9bergements h\u00f4teliers enregistrent <strong>35,2 millions de nuit\u00e9es<\/strong> (+7 %), tandis que les locations meubl\u00e9es saisonni\u00e8res connaissent un boom de 13 % de r\u00e9servations.<\/p>\n<p> Un \u00e9t\u00e9 record depuis la crise sanitaire <\/p>\n<p>Entre juin et ao\u00fbt 2025, la r\u00e9gion a accueilli <strong>12,7 millions de touristes<\/strong>, en progression de 6 % par rapport \u00e0 2024, faisant de l\u2019\u00e9t\u00e9 2025 la meilleure saison depuis la pand\u00e9mie. La client\u00e8le fran\u00e7aise est revenue en nombre (6 millions de visiteurs, +8 %), confirmant son r\u00f4le cl\u00e9 dans la reprise estivale, tandis que les visiteurs internationaux, au nombre de 6,7 millions, progressent de 4 %. Certains march\u00e9s long-courriers s\u2019illustrent particuli\u00e8rement : le Canada (+31 %), la Chine (+15 %) et l\u2019Inde (+3 %). \u00c0 l\u2019inverse, l\u2019Italie (-12 %) et l\u2019Espagne (-1 %) marquent un recul. <\/p>\n<p> Paris en t\u00eate, mais la petite couronne gagne du terrain <\/p>\n<p>Si <strong>Paris concentre encore pr\u00e8s de 60 % des s\u00e9jours<\/strong>, les d\u00e9partements voisins affichent une dynamique remarquable. La <strong>Seine-Saint-Denis<\/strong> se distingue avec une <strong>hausse de 16 %<\/strong> en \u00e9t\u00e9, suivie des <strong>Hauts-de-Seine (+9 %) <\/strong>et du <strong>Val-de-Marne (+5 %)<\/strong>. En grande couronne, le Val-d\u2019Oise progresse de 6 %, tandis que les autres d\u00e9partements se maintiennent \u00e0 un <a href=\"https:\/\/mesinfos.fr\/ile-de-france\/tourisme-la-seine-et-marne-joue-la-carte-de-l-hospitalite-227079.html\" rel=\"noopener nofollow\" target=\"_blank\">niveau stable<\/a>. Cette r\u00e9partition illustre un \u00e9largissement progressif des retomb\u00e9es touristiques au-del\u00e0 de la capitale.<\/p>\n<p> Des perspectives positives pour la fin d\u2019ann\u00e9e <\/p>\n<p>Le <strong>transport a\u00e9rien<\/strong> francilien confirme sa reprise, avec <strong>61,6 millions de passagers <\/strong>entre janvier et juillet 2025 (+4 % vs 2024). Si le niveau de 2019 n\u2019est pas encore atteint, les pr\u00e9visions de septembre \u00e0 d\u00e9cembre affichent des tendances encourageantes, en particulier depuis l\u2019Arabie saoudite (+66 %), l\u2019Asie du Sud-Est (+19 %) ou encore le Canada (+9 %). Selon <a href=\"https:\/\/mesinfos.fr\/77190-dammarie-les-lys\/valerie-pecresse-vient-defendre-son-action-en-seine-et-marne-217968.html\" rel=\"noopener nofollow\" target=\"_blank\">Val\u00e9rie P\u00e9cresse<\/a>, pr\u00e9sidente de la R\u00e9gion \u00cele-de-France, ces r\u00e9sultats d\u00e9montrent la capacit\u00e9 de la destination \u00e0 transformer l\u2019h\u00e9ritage des Jeux de 2024 en retomb\u00e9es durables, au b\u00e9n\u00e9fice de l\u2019\u00e9conomie locale et de l\u2019ensemble de la fili\u00e8re touristique.<\/p>\n","protected":false},"excerpt":{"rendered":"\u00a9 Shutterstock &#8211; Avec 37 millions de visiteurs entre janvier et ao\u00fbt, la r\u00e9gion retrouve des niveaux sup\u00e9rieurs&hellip;\n","protected":false},"author":2,"featured_media":365121,"comment_status":"","ping_status":"","sticky":false,"template":"","format":"standard","meta":{"footnotes":""},"categories":[4],"tags":[11,1011,27,12,25],"class_list":{"0":"post-365120","1":"post","2":"type-post","3":"status-publish","4":"format-standard","5":"has-post-thumbnail","7":"category-france","8":"tag-actualites","9":"tag-fr","10":"tag-france","11":"tag-news","12":"tag-republique-francaise"},"share_on_mastodon":{"url":"https:\/\/pubeurope.com\/@fr\/115144793256516276","error":""},"_links":{"self":[{"href":"https:\/\/www.europesays.com\/fr\/wp-json\/wp\/v2\/posts\/365120","targetHints":{"allow":["GET"]}}],"collection":[{"href":"https:\/\/www.europesays.com\/fr\/wp-json\/wp\/v2\/posts"}],"about":[{"href":"https:\/\/www.europesays.com\/fr\/wp-json\/wp\/v2\/types\/post"}],"author":[{"embeddable":true,"href":"https:\/\/www.europesays.com\/fr\/wp-json\/wp\/v2\/users\/2"}],"replies":[{"embeddable":true,"href":"https:\/\/www.europesays.com\/fr\/wp-json\/wp\/v2\/comments?post=365120"}],"version-history":[{"count":0,"href":"https:\/\/www.europesays.com\/fr\/wp-json\/wp\/v2\/posts\/365120\/revisions"}],"wp:featuredmedia":[{"embeddable":true,"href":"https:\/\/www.europesays.com\/fr\/wp-json\/wp\/v2\/media\/365121"}],"wp:attachment":[{"href":"https:\/\/www.europesays.com\/fr\/wp-json\/wp\/v2\/media?parent=365120"}],"wp:term":[{"taxonomy":"category","embeddable":true,"href":"https:\/\/www.europesays.com\/fr\/wp-json\/wp\/v2\/categories?post=365120"},{"taxonomy":"post_tag","embeddable":true,"href":"https:\/\/www.europesays.com\/fr\/wp-json\/wp\/v2\/tags?post=365120"}],"curies":[{"name":"wp","href":"https:\/\/api.w.org\/{rel}","templated":true}]}}