{"id":365122,"date":"2025-09-04T07:14:18","date_gmt":"2025-09-04T07:14:18","guid":{"rendered":"https:\/\/www.europesays.com\/fr\/365122\/"},"modified":"2025-09-04T07:14:18","modified_gmt":"2025-09-04T07:14:18","slug":"trois-francais-tres-bien-partis-pour-se-hisser-aux-pq2-du-dp-world-tour","status":"publish","type":"post","link":"https:\/\/www.europesays.com\/fr\/365122\/","title":{"rendered":"Trois Fran\u00e7ais tr\u00e8s bien partis pour se hisser aux PQ2 du DP World Tour"},"content":{"rendered":"<p>\t\t\t\t\t\t<img width=\"770\" height=\"556\" src=\"https:\/\/www.europesays.com\/fr\/wp-content\/uploads\/2025\/09\/robinroussel-770x556.jpg\" class=\"img-responsive wp-post-image\" alt=\"\" decoding=\"async\" fetchpriority=\"high\"  \/>\t\t\t\t\t<\/p>\n<p>\t\t\t\t\t\t Partager cet article <\/p>\n<p class=\"screen-reader-text juiz_sps_maybe_hidden_text\">Partager la publication \u00ab\u00a0Trois Fran\u00e7ais tr\u00e8s bien partis pour se hisser aux PQ2 du DP World Tour\u00a0\u00bb<\/p>\n<p><strong>Apr\u00e8s la qualification de Victor Veyret la semaine pass\u00e9e en Belgique, une nouvelle session des PQ1 est organis\u00e9e sur le parcours du Golf Club d\u2019Hulencourt, situ\u00e9 \u00e0 Vieux-Genappe, et trois de nos douze repr\u00e9sentants sont bien plac\u00e9s \u00e0 mi-tournoi.<\/strong><\/p>\n<p>\t\t\t\t\t<a id=\"183955\" href=\"https:\/\/bmwgolfcup.fr\/fr\/partenaires\" target=\"_blank\" rel=\"sponsorised nofollow noopener\"><img decoding=\"async\" src=\"data:image\/svg+xml,%3Csvg%20xmlns=\" http:=\"\" class=\"img-responsive\" alt=\"\" data-lazy-src=\"https:\/\/www.europesays.com\/fr\/wp-content\/uploads\/2025\/09\/oris-e01-bmw-cup-25-1170x275-1.jpg\"\/><\/a><\/p>\n<p>La route est encore longue pour d\u00e9crocher un hypoth\u00e9tique droit de jeu sur le <strong>DP World Tour<\/strong> mais le coup d\u2019envoi des <strong>QSchool<\/strong> qui se d\u00e9roulent en trois \u00e9tapes a \u00e9t\u00e9 donn\u00e9 la semaine pass\u00e9e.<\/p>\n<p>Si un seul tricolore (<strong>Victor Veyret,<\/strong> auteur d\u2019une carte de 67 dans le dernier tour) a termin\u00e9 dans les 14 premiers et s\u2019est donc qualifi\u00e9 pour le stade suivant (<strong>PQ2<\/strong>), le joueur de Chantilly pourrait \u00eatre rejoint cette semaine par plusieurs de ses compatriotes.<\/p>\n<p>En effet, apr\u00e8s deux tours sur le trac\u00e9 belge de <strong>Golf Club d\u2019Hulencourt<\/strong>, en Wallonie, trois repr\u00e9sentants du golf hexagonal sont pour le moment en position de finir parmi les 18 premiers et ex aequo vendredi soir.<\/p>\n<p>\t\t\t\t\t<a id=\"183926\" href=\"https:\/\/www.formigolf.fr\/voyage-pays~elba-sunset-mallorca-4etoiles~803~baleares\" target=\"_blank\" rel=\"sponsorised nofollow noopener\"><img decoding=\"async\" src=\"data:image\/svg+xml,%3Csvg%20xmlns=\" http:=\"\" class=\"img-responsive\" alt=\"\" data-lazy-src=\"https:\/\/www.europesays.com\/fr\/wp-content\/uploads\/2025\/09\/formigolf-e09-majorque-elba-1170x275-1.gif\"\/><\/a><br \/>\nPrime \u00e0 l\u2019exp\u00e9rience pour Roussel<\/p>\n<p>Le mieux class\u00e9 apr\u00e8s 36 trous et l\u2019ex-joueur du DP World Tour, <strong>Robin Roussel<\/strong>. Le Parisien de 32 ans, qui affiche \u00e0 son compteur 71 tournois sur le grand circuit, a rendu deux bonnes cartes de 70 et 69 pour se hisser \u00e0 la deuxi\u00e8me place.<\/p>\n<p>Au 6e rang, \u00e0 trois coups sous le par, se trouvent deux autres Fran\u00e7ais, <strong>Alexandre<\/strong> <strong>Vandermoten,<\/strong> l\u2019H\u00e9raultais \u00e9voluant d\u00e9sormais sous les couleurs de l\u2019universit\u00e9 de Jacksonville en Floride, et le golfeur du <strong>Pro Golf Tour<\/strong>, <strong>Mathias G\u00fcnzel.<\/strong><\/p>\n<p>A noter aussi les bonnes entames de <strong>Louis Bonte <\/strong>(28e \u00e0 +3) et du joueur amateur de Chantilly, <strong>Alexis Leray <\/strong>(23e provisoire \u00e0 +2).<\/p>\n<p>Classement des Fran\u00e7ais apr\u00e8s deux tours<\/p>\n<p><img loading=\"lazy\" decoding=\"async\" class=\"wp-image-184413 size-image-largeur-770 alignnone\" src=\"data:image\/svg+xml,%3Csvg%20xmlns=\" http:=\"\" alt=\"\" width=\"770\" height=\"466\" data-lazy- data-lazy- data-lazy-src=\"https:\/\/www.europesays.com\/fr\/wp-content\/uploads\/2025\/09\/capture-2025-09-04-a-04.47.53-770x466.jpg\"\/><\/p>\n<p>Ils n\u2019ont pas franchi le cut<\/p>\n<p><img loading=\"lazy\" decoding=\"async\" class=\"wp-image-184414 size-large alignnone\" src=\"data:image\/svg+xml,%3Csvg%20xmlns=\" http:=\"\" alt=\"\" width=\"770\" height=\"93\" data-lazy- data-lazy- data-lazy-src=\"https:\/\/www.europesays.com\/fr\/wp-content\/uploads\/2025\/09\/capture-2025-09-04-a-04.48.04-770x93.jpg\"\/><\/p>\n<p>\t\t\t\t<img loading=\"lazy\" decoding=\"async\" src=\"data:image\/svg+xml,%3Csvg%20xmlns=\" http:=\"\" attributionsrc=\"\" border=\"0\" height=\"1\" width=\"1\" alt=\"Advertisement\" data-lazy-src=\"https:\/\/www.europesays.com\/fr\/wp-content\/uploads\/2025\/07\/B33047934.411969880;dc_trk_aid=603484932;dc_trk_cid=227659580;ord=[timestamp];dc_lat=;dc_rdid=;tag_f.gif\"\/><\/p>\n<p>\t\t\t\t\t<a id=\"158175\" href=\"https:\/\/ad.doubleclick.net\/ddm\/trackclk\/N1153799.3770024GOLFPLANATE\/B33047934.411969880;dc_trk_aid=603484932;dc_trk_cid=227659580;dc_lat=;dc_rdid=;tag_for_child_directed_treatment=;tfua=;gdpr=${GDPR};gdpr_consent=${GDPR_CONSENT_755};ltd=;dc_tdv=1\" target=\"_blank\" rel=\"sponsorised nofollow noopener\"><img decoding=\"async\" src=\"data:image\/svg+xml,%3Csvg%20xmlns=\" http:=\"\" class=\"img-responsive\" alt=\"\" data-lazy-src=\"https:\/\/www.europesays.com\/fr\/wp-content\/uploads\/2025\/07\/callaway-e01-elyte-driver-1170x275-1.jpg\"\/><\/a><br \/>\nLe calendrier des QSchool<br \/>\nPQ1<\/p>\n<p>9 \u2013 12 sept. : Northumberland Golf Club \u2013 Newcastle upon Tyne, Angleterre \ud83c\uddec\ud83c\udde7<\/p>\n<p>16 \u2013 19 sept. : Arlandastad Golf (Masters Course) \u2013 Rosersberg, Su\u00e8de \ud83c\uddf8\ud83c\uddea<\/p>\n<p>16 \u2013 19 sept. : Donnington Grove Golf Club \u2013 Newbury, Angleterre \ud83c\uddec\ud83c\udde7<\/p>\n<p>23 \u2013 26 sept. : Frederikshavn Golfklub \u2013 Frederikshavn, Danemark \ud83c\udde9\ud83c\uddf0<\/p>\n<p>24 \u2013 27 sept. : Golfclub Schloss Ebreichsdorf \u2013 Ebreichsdorf, Autriche \ud83c\udde6\ud83c\uddf9<\/p>\n<p>7 \u2013 10 oct. : Golf PGA France du Vaudreuil \u2013 Le Vaudreuil, France \ud83c\uddeb\ud83c\uddf7<\/p>\n<p>PQ2<\/p>\n<p>30 oct. \u2013 2 nov. : Desert Springs Resort \u2013 Almer\u00eda, Espagne \ud83c\uddea\ud83c\uddf8<\/p>\n<p>30 oct. \u2013 2 nov. : Isla Canela Links \u2013 Huelva, Espagne \ud83c\uddea\ud83c\uddf8<\/p>\n<p>30 oct. \u2013 2 nov. : Golf Las Pinaillas \u2013 Albacete, Espagne \ud83c\uddea\ud83c\uddf8<\/p>\n<p>30 oct. \u2013 2 nov. : Fontanals Golf Club \u2013 G\u00e9rone, Espagne \ud83c\uddea\ud83c\uddf8<\/p>\n<p>PQ3<\/p>\n<p>7 \u2013 12 nov. : Infinitum Golf \u2013 Tarragone, Espagne \ud83c\uddea\ud83c\uddf8<\/p>\n","protected":false},"excerpt":{"rendered":"Partager cet article Partager la publication \u00ab\u00a0Trois Fran\u00e7ais tr\u00e8s bien partis pour se hisser aux PQ2 du DP&hellip;\n","protected":false},"author":2,"featured_media":365123,"comment_status":"","ping_status":"","sticky":false,"template":"","format":"standard","meta":{"footnotes":""},"categories":[1418],"tags":[1011,27,1472,60],"class_list":{"0":"post-365122","1":"post","2":"type-post","3":"status-publish","4":"format-standard","5":"has-post-thumbnail","7":"category-golf","8":"tag-fr","9":"tag-france","10":"tag-golf","11":"tag-sports"},"share_on_mastodon":{"url":"https:\/\/pubeurope.com\/@fr\/115144796653229085","error":""},"_links":{"self":[{"href":"https:\/\/www.europesays.com\/fr\/wp-json\/wp\/v2\/posts\/365122","targetHints":{"allow":["GET"]}}],"collection":[{"href":"https:\/\/www.europesays.com\/fr\/wp-json\/wp\/v2\/posts"}],"about":[{"href":"https:\/\/www.europesays.com\/fr\/wp-json\/wp\/v2\/types\/post"}],"author":[{"embeddable":true,"href":"https:\/\/www.europesays.com\/fr\/wp-json\/wp\/v2\/users\/2"}],"replies":[{"embeddable":true,"href":"https:\/\/www.europesays.com\/fr\/wp-json\/wp\/v2\/comments?post=365122"}],"version-history":[{"count":0,"href":"https:\/\/www.europesays.com\/fr\/wp-json\/wp\/v2\/posts\/365122\/revisions"}],"wp:featuredmedia":[{"embeddable":true,"href":"https:\/\/www.europesays.com\/fr\/wp-json\/wp\/v2\/media\/365123"}],"wp:attachment":[{"href":"https:\/\/www.europesays.com\/fr\/wp-json\/wp\/v2\/media?parent=365122"}],"wp:term":[{"taxonomy":"category","embeddable":true,"href":"https:\/\/www.europesays.com\/fr\/wp-json\/wp\/v2\/categories?post=365122"},{"taxonomy":"post_tag","embeddable":true,"href":"https:\/\/www.europesays.com\/fr\/wp-json\/wp\/v2\/tags?post=365122"}],"curies":[{"name":"wp","href":"https:\/\/api.w.org\/{rel}","templated":true}]}}