{"id":365124,"date":"2025-09-04T07:16:11","date_gmt":"2025-09-04T07:16:11","guid":{"rendered":"https:\/\/www.europesays.com\/fr\/365124\/"},"modified":"2025-09-04T07:16:11","modified_gmt":"2025-09-04T07:16:11","slug":"une-100e-selection-pour-le-all-black-ardie-savea-lors-de-nouvelle-zelande-afrique-du-sud-samedi-lequipe","status":"publish","type":"post","link":"https:\/\/www.europesays.com\/fr\/365124\/","title":{"rendered":"Une 100e s\u00e9lection pour le All Black Ardie Savea lors de Nouvelle-Z\u00e9lande &#8211; Afrique du Sud samedi &#8211; L&#039;\u00c9quipe"},"content":{"rendered":"<ol>\n<li><a href=\"https:\/\/news.google.com\/rss\/articles\/CBMi2wFBVV95cUxPVGdTRlR0cy05dUtHNG5wVDhia2o4NFpfdjNUMXpnZFQtYUxiV1BHeU1jd1E1QW8tT2E0cXlrSGRTWXZ2RFMtVnJhdy0wNnAyRF80dFdvYzczWFAxa0JJTXJVNXdoTFJOV0Y0c29ZWDNEVGR6WktpTmUta2VObWppUUFQRjA5bmEwWnRneVRTNFVTMkdWNEkydjhIR2daclhZMU11QnlZSDBIU19ueUp0cWxlN1Z0UVRmQ3RiZHRRLTdzVW83WkxxWGdGWTYzaGpIVnNOXzlUWFBrS28?oc=5\" target=\"_blank\" rel=\"nofollow noopener\">Une 100e s\u00e9lection pour le All Black Ardie Savea lors de Nouvelle-Z\u00e9lande &#8211; Afrique du Sud samedi<\/a>&nbsp;&nbsp;L&rsquo;\u00c9quipe<\/li>\n<li><a href=\"https:\/\/news.google.com\/rss\/articles\/CBMigAJBVV95cUxNcFZxTU9RQVJJLXVNaW53Yk1aeE5tUVo2bVBaZWI1cFFKWi02cVhMckR0SW1VU1ljNzhIWlFETUN2bWpSNnpaNzYtZXhpLXhOeFFJZnZmVUlldnVWVmtzRjVXZmtvZWFSaHVHUFBVdkprN3pkd1FzV1NOaUJxWjJEbHM3RWJWcTJqUl81UVBuUHNJRGZaZTFoclpJNWxpdVJyVkw0cE5YN1pPM2I4NFpyc0JCQkk0OUxsTjFpT2RMVFBqZEFhY0FzRjFIdl9CdW9lZnYxWi1jYW5kUzhUbFRMZ09DLWxFNkJ1OEd6REtvcmZ5b1hYZjNpUFUxVGpaX2xP?oc=5\" target=\"_blank\" rel=\"nofollow noopener\">Fainga\u2019anuku de retour dans le groupe All Blacks avant le choc face aux Boks<\/a>&nbsp;&nbsp;Rugbyrama<\/li>\n<li><a href=\"https:\/\/news.google.com\/rss\/articles\/CBMixgFBVV95cUxOc2xoTWdnTlNIQUF4Qlk5OFMzSTRrbk5aV3FncGo4NklEUDBlZU1QZEtoWUdoNkdJdHRIM29vWXFoV1VUSWk0dnVaa2UwZlphcmpKUUJZQk91RXVIdlhEQXZEMklmellNOUJ5cmIweE54al9WRWlJVl94akNiQ3ZuMmI3RVBQRnU1RzR6TEpQVm9pdmx4LUs4aTdGUnNPeGZhOVlWSFNnenUzSkVkQTdFRU52ME0tRy1QRklvUkE3cV85aVNXVmc?oc=5\" target=\"_blank\" rel=\"nofollow noopener\">Rugby Championship : les Springboks avec Faf de Klerk pour affronter les All Blacks<\/a>&nbsp;&nbsp;Le Figaro<\/li>\n<li><a href=\"https:\/\/news.google.com\/rss\/articles\/CBMizwFBVV95cUxPUllSNEI2YVJEU3ZmLU5SX19WSWZhUlVBZUVLWlVNRFc3WkhaMjlsSlpCbVRibmhmNjB3WnRreXNfcDQxWkxnbnRZMUNKc284c2hRX2E0Z2hCeGQyYm5zUUppNFVON24tU29XUEw5d1pjVVZwUVBQVWtvbHVrS0ltXy1McVhtNFd3MUQ5VHNLNFRBNEhzYy0tYjVTWFVSYTFnN3NHYWZCSFI0TzRPbFZWbDUxZUJXZDdBbGw3M1hjdFJzOHZycVFMaU95R3ZUcUU?oc=5\" target=\"_blank\" rel=\"nofollow noopener\">Nouvelle-Z\u00e9lande : les All Blacks frapp\u00e9s par une h\u00e9catombe, un grand nom du Top 14 appel\u00e9<\/a>&nbsp;&nbsp;Quinze Mondial<\/li>\n<li><a href=\"https:\/\/news.google.com\/rss\/articles\/CBMiwwFBVV95cUxOZWlqVjdOZHB0V01mbWVkR3piWnk1RFNCN2NIUDRObHZXdzZlSm9LbHdycC00aGN0ZVNrc2liU29UWGlHYXhMdFlwZjIxLWJEc0tUOXFMWS1ZRGxOc2hILUtTelM2ODlxelU3czVydUduSUlNOWM1cTluUFBQZFhTbUE5dms1cWFieno5eWVsbWdVMjZYMTdzNFdHdk8yWlVsV01jSFFJWTNfc2pVVjU3bXpkRlNzb1ZqZk1sdjJidG1DbEk?oc=5\" target=\"_blank\" rel=\"nofollow noopener\">Kolisi de retour\u2026 mais pas capitaine : les Boks lancent un pari fou pour d\u00e9fier les Blacks \u00e0 Eden Park<\/a>&nbsp;&nbsp;Quinze Ovalie<\/li>\n<\/ol>\n","protected":false},"excerpt":{"rendered":"Une 100e s\u00e9lection pour le All Black Ardie Savea lors de Nouvelle-Z\u00e9lande &#8211; Afrique du Sud samedi&nbsp;&nbsp;L&rsquo;\u00c9quipe Fainga\u2019anuku&hellip;\n","protected":false},"author":2,"featured_media":365125,"comment_status":"","ping_status":"","sticky":false,"template":"","format":"standard","meta":{"footnotes":""},"categories":[1416],"tags":[1011,27,479,1468,60],"class_list":{"0":"post-365124","1":"post","2":"type-post","3":"status-publish","4":"format-standard","5":"has-post-thumbnail","7":"category-rugby","8":"tag-fr","9":"tag-france","10":"tag-rugby","11":"tag-rugby-football","12":"tag-sports"},"share_on_mastodon":{"url":"https:\/\/pubeurope.com\/@fr\/115144804578469502","error":""},"_links":{"self":[{"href":"https:\/\/www.europesays.com\/fr\/wp-json\/wp\/v2\/posts\/365124","targetHints":{"allow":["GET"]}}],"collection":[{"href":"https:\/\/www.europesays.com\/fr\/wp-json\/wp\/v2\/posts"}],"about":[{"href":"https:\/\/www.europesays.com\/fr\/wp-json\/wp\/v2\/types\/post"}],"author":[{"embeddable":true,"href":"https:\/\/www.europesays.com\/fr\/wp-json\/wp\/v2\/users\/2"}],"replies":[{"embeddable":true,"href":"https:\/\/www.europesays.com\/fr\/wp-json\/wp\/v2\/comments?post=365124"}],"version-history":[{"count":0,"href":"https:\/\/www.europesays.com\/fr\/wp-json\/wp\/v2\/posts\/365124\/revisions"}],"wp:featuredmedia":[{"embeddable":true,"href":"https:\/\/www.europesays.com\/fr\/wp-json\/wp\/v2\/media\/365125"}],"wp:attachment":[{"href":"https:\/\/www.europesays.com\/fr\/wp-json\/wp\/v2\/media?parent=365124"}],"wp:term":[{"taxonomy":"category","embeddable":true,"href":"https:\/\/www.europesays.com\/fr\/wp-json\/wp\/v2\/categories?post=365124"},{"taxonomy":"post_tag","embeddable":true,"href":"https:\/\/www.europesays.com\/fr\/wp-json\/wp\/v2\/tags?post=365124"}],"curies":[{"name":"wp","href":"https:\/\/api.w.org\/{rel}","templated":true}]}}