{"id":365128,"date":"2025-09-04T07:20:09","date_gmt":"2025-09-04T07:20:09","guid":{"rendered":"https:\/\/www.europesays.com\/fr\/365128\/"},"modified":"2025-09-04T07:20:09","modified_gmt":"2025-09-04T07:20:09","slug":"cadillac-particulierement-impacte-par-la-bop-des-6-heures-daustin-lequipe","status":"publish","type":"post","link":"https:\/\/www.europesays.com\/fr\/365128\/","title":{"rendered":"Cadillac particuli\u00e8rement impact\u00e9 par la BoP des 6 Heures d&#039;Austin &#8211; L&#039;\u00c9quipe"},"content":{"rendered":"<ol>\n<li><a href=\"https:\/\/news.google.com\/rss\/articles\/CBMi4wFBVV95cUxPSkFtalJsRUdIWjgyZ0dIQ0cwdDlhSW01MnpDTFpsaTRNTUxMcUFJZWF1QXNJb3YxWUVQSmJQRk1JVXhkMTI3VjNCMWV5MmE1TExUb1dNcjh5c2lNa3dKRlFUSlgyY1YtbVgtU2ZyYUF4bDAxelEwTXJVaFQxZTZ6ZVVrU3BpVGZGUUxlWWlTY3RWVVJnVV9Sd2tCbXpueWVhWVlmQjRiWkY2TjFfcG1EMEE4aWdBd3EzLWdTbGcteUZEbVVsSTEwRDBWeEVTelk5cVMyb2JLZ0hvUWZDVVVfMUhhNA?oc=5\" target=\"_blank\" rel=\"nofollow noopener\">Cadillac particuli\u00e8rement impact\u00e9 par la BoP des 6 Heures d&rsquo;Austin<\/a>&nbsp;&nbsp;L&rsquo;\u00c9quipe<\/li>\n<li><a href=\"https:\/\/news.google.com\/rss\/articles\/CBMi-gFBVV95cUxOdnhQVENRZ1lmc2JRTWJzTmJ0OVRBdXBHRTlscHVSekdjb2tfXzhFb3BtLW1ERHp4THJNU2xudHJIUDg3MmFPdHhwVzlfc1BuZ25GN1BoZkFTam4xekFBcGQ4WFpTWnNxcVc2Z3AzVUNxcHFBQ3FQZjFWaTJBbDdScUppNVVZZEZqV3BDcnZSa2s3YTdmOFJicmFBcDN4NzBtc1RYWkVubFIzY2RlMmlrWFNvQjJWWFdxTUxKVHA5ZXFaRFJSdjBZNnJHY21zSUZVWHdvdHNYMjY5MElMTjRnZXhLUUlVaG5rNWtxU194R1E5N1RLZWJTcUVB?oc=5\" target=\"_blank\" rel=\"nofollow noopener\">Endurance WEC. Circuit, favoris, programme&#8230; Tout savoir sur les 6 Heures d\u2019Austin<\/a>&nbsp;&nbsp;Ouest-France<\/li>\n<li><a href=\"https:\/\/news.google.com\/rss\/articles\/CBMiqwFBVV95cUxPZ1BtdFhseWY3cUhIZGhqMU1aMGhLWWtYVDRZYUZvcDVEdUpSU1dXX2hIWXliRGJkN21nbERqLVZ3eF9xTktVX19ITVY1eWN5Vk1xLS1RX1lWTXZYY09GZWpGX3hnTm9Ld256V2tudWROenhSR0czb0t2eDFSZHVKbFduSks0ZUR4VHNHSzhxZjhuNjRKLW9qQ0UtS0hkcG1aYm5NN1U2OVdMR3c?oc=5\" target=\"_blank\" rel=\"nofollow noopener\">Austin \u2013 La BoP Hypercar du Lone Star Le Mans 2025 r\u00e9v\u00e9l\u00e9e<\/a>&nbsp;&nbsp;Endurance Info<\/li>\n<li><a href=\"https:\/\/news.google.com\/rss\/articles\/CBMiqwFBVV95cUxOalJEbE10OTVhZXdhRmZPelRWbjZQV0h3RUg1T2tTX052dHNKOTJFRUVTYlZFbnZHYXkxMjV5c1g2SW1KT1ZQZ01kWS1nM3VlUkZPQmhyNDhSdVNydEFxZl93aXUxV3ZaMURhV0NfbVZBSktOUkt4TDVUcC1BQlpPRkpYVWdPdEZhWTVJUkYxNkN2X2NLSU4wNnlaaThQR1Rnb3YtQnFOWjlXM1k?oc=5\" target=\"_blank\" rel=\"nofollow noopener\">Keely Bosn: Mener Cadillac en endurance est vraiment le job de mes r\u00eaves<\/a>&nbsp;&nbsp;FIAWEC<\/li>\n<li><a href=\"https:\/\/news.google.com\/rss\/articles\/CBMimAFBVV95cUxQQjBWU2VzVnA1dFlhcEg5Q0dRdVZVVFNOb1AwMzlZeTFKR1pCX296ZlJSVDVjemNOc2t3SE9NS1BMRG5WdlVrVWJEVU9LTmdMRWVHLTkyNXg0Q3NVRnlBeFFuVTVnN2hTZDZEajdicDZZV0l2M1BmV0hNY0xiMFpjbnVWMzcxMnJQU2JYbFp2Q3ZPYW03MW5LNA?oc=5\" target=\"_blank\" rel=\"nofollow noopener\">Le programme de Lone Star Le Mans 2025<\/a>&nbsp;&nbsp;AutoHebdo<\/li>\n<\/ol>\n","protected":false},"excerpt":{"rendered":"Cadillac particuli\u00e8rement impact\u00e9 par la BoP des 6 Heures d&rsquo;Austin&nbsp;&nbsp;L&rsquo;\u00c9quipe Endurance WEC. Circuit, favoris, programme&#8230; Tout savoir sur&hellip;\n","protected":false},"author":2,"featured_media":365129,"comment_status":"","ping_status":"","sticky":false,"template":"","format":"standard","meta":{"footnotes":""},"categories":[1412],"tags":[1451,1452,1453,1454,1455,1011,27,60],"class_list":{"0":"post-365128","1":"post","2":"type-post","3":"status-publish","4":"format-standard","5":"has-post-thumbnail","7":"category-f1","8":"tag-f1","9":"tag-formula-1","10":"tag-formula1","11":"tag-formule-1","12":"tag-formule1","13":"tag-fr","14":"tag-france","15":"tag-sports"},"share_on_mastodon":{"url":"https:\/\/pubeurope.com\/@fr\/115144820249721769","error":""},"_links":{"self":[{"href":"https:\/\/www.europesays.com\/fr\/wp-json\/wp\/v2\/posts\/365128","targetHints":{"allow":["GET"]}}],"collection":[{"href":"https:\/\/www.europesays.com\/fr\/wp-json\/wp\/v2\/posts"}],"about":[{"href":"https:\/\/www.europesays.com\/fr\/wp-json\/wp\/v2\/types\/post"}],"author":[{"embeddable":true,"href":"https:\/\/www.europesays.com\/fr\/wp-json\/wp\/v2\/users\/2"}],"replies":[{"embeddable":true,"href":"https:\/\/www.europesays.com\/fr\/wp-json\/wp\/v2\/comments?post=365128"}],"version-history":[{"count":0,"href":"https:\/\/www.europesays.com\/fr\/wp-json\/wp\/v2\/posts\/365128\/revisions"}],"wp:featuredmedia":[{"embeddable":true,"href":"https:\/\/www.europesays.com\/fr\/wp-json\/wp\/v2\/media\/365129"}],"wp:attachment":[{"href":"https:\/\/www.europesays.com\/fr\/wp-json\/wp\/v2\/media?parent=365128"}],"wp:term":[{"taxonomy":"category","embeddable":true,"href":"https:\/\/www.europesays.com\/fr\/wp-json\/wp\/v2\/categories?post=365128"},{"taxonomy":"post_tag","embeddable":true,"href":"https:\/\/www.europesays.com\/fr\/wp-json\/wp\/v2\/tags?post=365128"}],"curies":[{"name":"wp","href":"https:\/\/api.w.org\/{rel}","templated":true}]}}