{"id":365132,"date":"2025-09-04T07:22:14","date_gmt":"2025-09-04T07:22:14","guid":{"rendered":"https:\/\/www.europesays.com\/fr\/365132\/"},"modified":"2025-09-04T07:22:14","modified_gmt":"2025-09-04T07:22:14","slug":"un-joueur-libre-pour-terminer-le-mercato-estival","status":"publish","type":"post","link":"https:\/\/www.europesays.com\/fr\/365132\/","title":{"rendered":"Un joueur libre pour terminer le mercato estival ?"},"content":{"rendered":"<p><strong>Si le mercato estival a officiellement ferm\u00e9 ses portes le 1er septembre, l\u2019OM a encore la possibilit\u00e9 de recruter un joueur libre de tout contrat. Un nouveau coup \u00e0 la Adrien Rabiot ?<\/strong><\/p>\n<p>\t<img decoding=\"async\" alt=\"Medhi Benatia\" src=\"https:\/\/www.europesays.com\/fr\/wp-content\/uploads\/2025\/09\/ICONSPORT_267501_0540.jpg\"\/><\/p>\n<p>Medhi Benatia, Cr\u00e9dit photo : Icon Sport<\/p>\n<p data=\"intro\">L\u2019OM a connu un \u00e9t\u00e9 particuli\u00e8rement agit\u00e9 avec pas moins de 12 recrues enregistr\u00e9es. Un mercato dantesque qui a totalement boulevers\u00e9 l\u2019effectif phoc\u00e9en. Pour autant, si le march\u00e9 a ferm\u00e9 ses portes le 1er septembre \u00e0 20h, Medhi Benatia n\u2019a pas encore dit son dernier mot. En effet, comme il y a un an avec Adrien Rabiot, le directeur sportif de l\u2019OM peut encore miser sur une arme redoutable : le march\u00e9 des joueurs libres.<\/p>\n<p>Une opportunit\u00e9 toujours ouverte pour l\u2019OM<\/p>\n<p>Si les arriv\u00e9es classiques ne sont plus possibles, Marseille a encore la possibilit\u00e9 de renforcer son effectif gr\u00e2ce \u00e0 des joueurs sans contrat. C\u2019est exactement ce qui s\u2019\u00e9tait produit l\u2019ann\u00e9e derni\u00e8re, lorsque l\u2019OM avait r\u00e9ussi \u00e0 attirer Adrien Rabiot apr\u00e8s la cl\u00f4ture du mercato. Aujourd\u2019hui, plusieurs profils int\u00e9ressants se trouvent encore disponibles sur le march\u00e9. Adam Ounas (28 ans), Bouna Sarr (33 ans), Billal Brahimi (25 ans), Christian Eriksen (33 ans), Hakim Ziyech (32 ans), Ti\u00e9mou\u00e9 Bakayoko (31 ans) ou encore Lorenzo Insigne (34 ans) sont des pistes potentielles qui pourraient s\u00e9duire l\u2019\u00e9tat-major marseillais.<\/p>\n<p><\/p>\n<p>Benatia peut-il frapper un nouveau gros coup ?<\/p>\n<p>Avec la Ligue 1, la Coupe d\u2019Europe et les coupes nationales, l\u2019OM aura besoin d\u2019un effectif large et comp\u00e9titif. Miser sur un joueur libre pourrait donc s\u2019av\u00e9rer strat\u00e9gique, surtout si une belle opportunit\u00e9 se pr\u00e9sente. Benatia, d\u00e9j\u00e0 auteur d\u2019un mercato mouvement\u00e9, pourrait bien surprendre encore une fois en signant un renfort inattendu. La question est d\u00e9sormais de savoir si Roberto De Zerbi \u00e9mettra encore un besoin pr\u00e9cis ou s\u2019il en restera l\u00e0.<\/p>\n<p style=\"width:100%;text-align:center;  background-color: #003B6F; padding:5px; border-radius: 10px;color:white;font-size: 20px;\"><a href=\"#graphcomment\" style=\"color:white;\">Voir les commentaires<\/a><\/p>\n<p><\/p>\n<p>\t\t\t\t&#13;<br \/>\n\t\t\t\t\t&#13;<\/p>\n","protected":false},"excerpt":{"rendered":"Si le mercato estival a officiellement ferm\u00e9 ses portes le 1er septembre, l\u2019OM a encore la possibilit\u00e9 de&hellip;\n","protected":false},"author":2,"featured_media":365133,"comment_status":"","ping_status":"","sticky":false,"template":"","format":"standard","meta":{"footnotes":""},"categories":[1410],"tags":[63,1011,27,60],"class_list":{"0":"post-365132","1":"post","2":"type-post","3":"status-publish","4":"format-standard","5":"has-post-thumbnail","7":"category-football","8":"tag-football","9":"tag-fr","10":"tag-france","11":"tag-sports"},"share_on_mastodon":{"url":"https:\/\/pubeurope.com\/@fr\/115144828519653542","error":""},"_links":{"self":[{"href":"https:\/\/www.europesays.com\/fr\/wp-json\/wp\/v2\/posts\/365132","targetHints":{"allow":["GET"]}}],"collection":[{"href":"https:\/\/www.europesays.com\/fr\/wp-json\/wp\/v2\/posts"}],"about":[{"href":"https:\/\/www.europesays.com\/fr\/wp-json\/wp\/v2\/types\/post"}],"author":[{"embeddable":true,"href":"https:\/\/www.europesays.com\/fr\/wp-json\/wp\/v2\/users\/2"}],"replies":[{"embeddable":true,"href":"https:\/\/www.europesays.com\/fr\/wp-json\/wp\/v2\/comments?post=365132"}],"version-history":[{"count":0,"href":"https:\/\/www.europesays.com\/fr\/wp-json\/wp\/v2\/posts\/365132\/revisions"}],"wp:featuredmedia":[{"embeddable":true,"href":"https:\/\/www.europesays.com\/fr\/wp-json\/wp\/v2\/media\/365133"}],"wp:attachment":[{"href":"https:\/\/www.europesays.com\/fr\/wp-json\/wp\/v2\/media?parent=365132"}],"wp:term":[{"taxonomy":"category","embeddable":true,"href":"https:\/\/www.europesays.com\/fr\/wp-json\/wp\/v2\/categories?post=365132"},{"taxonomy":"post_tag","embeddable":true,"href":"https:\/\/www.europesays.com\/fr\/wp-json\/wp\/v2\/tags?post=365132"}],"curies":[{"name":"wp","href":"https:\/\/api.w.org\/{rel}","templated":true}]}}