{"id":365134,"date":"2025-09-04T07:23:15","date_gmt":"2025-09-04T07:23:15","guid":{"rendered":"https:\/\/www.europesays.com\/fr\/365134\/"},"modified":"2025-09-04T07:23:15","modified_gmt":"2025-09-04T07:23:15","slug":"francois-cluzet-marie-depuis-14-ans-a-narjiss-lacteur-lui-a-demande-sa-main-dune-facon-peu-conventionnelle","status":"publish","type":"post","link":"https:\/\/www.europesays.com\/fr\/365134\/","title":{"rendered":"Fran\u00e7ois Cluzet mari\u00e9 depuis 14 ans \u00e0 Narjiss : l&rsquo;acteur lui a demand\u00e9 sa main d&rsquo;une fa\u00e7on peu conventionnelle"},"content":{"rendered":"<p>            <img loading=\"lazy\" decoding=\"async\" src=\"https:\/\/www.europesays.com\/fr\/wp-content\/uploads\/2025\/04\/144-64f8c016610ee-35x35-1.jpg\" class=\"author-article-picture\" width=\"35\" height=\"35\"\/><\/p>\n<p>                Par<br \/>\n                                    <a class=\"author-article-bio-link\" href=\"https:\/\/www.purepeople.com\/auteur\/louise-martin_a144\" rel=\"nofollow noopener\" target=\"_blank\">Louise Martin<\/a><br \/>\n                                                    | R\u00e9dactrice<\/p>\n<p>\n                Koh Lanta, Les Marseillais mais aussi Mari\u00e9s au Premier regards\u2026 Louise Martin est une t\u00e9l\u00e9vore qui essaye, \u00e0 ses heures perdues, de refaire les g\u00e2teaux qu\u2019elle admire devant le Meilleur P\u00e2tissier\u2026 mais elle ne risque pas de gagner le tablier bleu ! Les r\u00e9seaux sociaux n\u2019ont pas de secret pour elle, les derniers scoops, les derni\u00e8res \u00e9missions, elle les conna\u00eet tous.\n            <\/p>\n<p>\n    Fran\u00e7ois Cluzet file le parfait amour avec son \u00e9pouse Narjiss et ce depuis bien des ann\u00e9es. Invit\u00e9 sur la nouvelle cha\u00eene Novo 19, l&rsquo;acteur fran\u00e7ais s&rsquo;est laiss\u00e9 aller \u00e0 une rare confidence concernant sa surprenante demande en mariage&#8230;\n<\/p>\n<p>                            <img loading=\"lazy\" decoding=\"async\" class=\"player-thumbnail\" src=\"https:\/\/www.europesays.com\/fr\/wp-content\/uploads\/2025\/09\/9afa6e329b6f3cac-580x326-1.jpg\" width=\"580\" height=\"326\"\/><\/p>\n<p>                    Fran\u00e7ois Cluzet mari\u00e9 depuis 14 ans \u00e0 Narjiss : l&rsquo;acteur lui a demand\u00e9 sa main d&rsquo;une fa\u00e7on peu conventionnelle<\/p>\n<p>La suite apr\u00e8s la publicit\u00e9<\/p>\n<p><strong>Le 5 juillet 2011, <\/strong><a href=\"https:\/\/www.purepeople.com\/people\/francois-cluzet_p703\" rel=\"nofollow noopener\" target=\"_blank\"><strong>Fran\u00e7ois Cluzet<\/strong><\/a><strong> \u00e9pousait Narjiss Slaoui-Falcoz<\/strong>, ancienne directrice de la communication de l&rsquo;h\u00f4tel Carlton \u00e0 Cannes. Avant de dire oui \u00e0 la nouvelle femme de sa vie, <strong>l&rsquo;acteur a v\u00e9cu plusieurs belles romances<\/strong> : l&rsquo;une avec Chantal Perrin, avec qui il a une fille, Blanche (41 ans), une seconde avec la regrett\u00e9e <a href=\"https:\/\/www.purepeople.com\/people\/marie-trintignant_p303\" rel=\"nofollow noopener\" target=\"_blank\">Marie Trintignant<\/a> (<a href=\"https:\/\/www.purepeople.com\/article\/nous-nous-etions-vraiment-proches-francois-cluzet-defend-la-mere-de-son-fils-marie-trintignant-face-aux-faux-amis_a541872\/1\" rel=\"nofollow noopener\" target=\"_blank\">qu&rsquo;il a r\u00e9cemment d\u00e9fendu<\/a>) qui lui a donn\u00e9 un fils Paul (32 ans), et <a href=\"https:\/\/www.purepeople.com\/people\/valerie-bonneton_p2437\" rel=\"nofollow noopener\" target=\"_blank\">Val\u00e9rie Bonneton<\/a>, avec qu&rsquo;il a eu <a href=\"https:\/\/www.purepeople.com\/article\/tout-le-monde-est-parti-valerie-bonneton-raconte-comment-son-fils-ne-de-sa-relation-avec-francois-cluzet-a-ruine-noel_a532308\/1\" rel=\"nofollow noopener\" target=\"_blank\">Joseph<\/a> (24 ans) et Marguerite (19 ans).<\/p>\n<p>Mais aujourd&rsquo;hui, ces trois histoires d&rsquo;amour sont derri\u00e8re lui. Depuis quatorze ans, <strong>il est mari\u00e9 \u00e0 Narjiss avec qui il vit <\/strong><a href=\"https:\/\/www.purepeople.com\/article\/adieu-paris-francois-cluzet-a-change-de-vie-et-sest-installe-dans-un-village-provencal-en-pleine-nature-et-au-calme_a532886\/1\" rel=\"nofollow noopener\" target=\"_blank\"><strong>dans un charmant village proven\u00e7al en pleine nature et au calme<\/strong><\/a>. Si aujourd&rsquo;hui, il est de passage \u00e0 Paris pour faire la promotion de son nouveau film, Fils de, o\u00f9 il partage l&rsquo;affiche avec <a href=\"https:\/\/www.purepeople.com\/people\/karin-viard_p736\" rel=\"nofollow noopener\" target=\"_blank\">Karin Viard<\/a>, l&rsquo;acteur n&rsquo;oublie jamais son \u00e9pouse. D&rsquo;ailleurs, dans une interview accord\u00e9e \u00e0 la journaliste Claire Arnoux, <strong>Fran\u00e7ois Cluzet a fait de rares confidences sur sa vie sentimentale&#8230;<\/strong><\/p>\n<p><strong>Fran\u00e7ois Cluzet a fait rire son \u00e9pouse Narjiss avec sa demande en mariage<\/strong><\/p>\n<p>Mardi 2 septembre 2025, l&rsquo;acteur \u00e2g\u00e9 de 69 ans \u00e9tait de passage dans l&rsquo;\u00e9mission On a du nouveau diffus\u00e9e sur la nouvelle cha\u00eene Novo 19. Alors que Claire Arnoux \u00e9voquait <a href=\"https:\/\/www.purepeople.com\/article\/taylor-swift-fiancee-avec-travis-kelce-une-etape-romantique-qui-fait-reagir-jusquau-plus-haut_a541820\/1\" rel=\"nofollow noopener\" target=\"_blank\">les fian\u00e7ailles de Taylor Swift et du footballeur Travis Kelce<\/a>, elle a profit\u00e9 de ce moment pour <strong>poser une question \u00e0 son invit\u00e9 : comment s&rsquo;est d\u00e9roul\u00e9e sa demande en mariage ?<\/strong> Ce dernier lui a r\u00e9pondu : \u00ab\u00a0J&rsquo;avais une photo de moi dans un sauna, avec la t\u00eate tr\u00e8s rouge, bien ridicule et je lui ai dit : &lsquo;Est-ce que tu veux m&rsquo;\u00e9pouser ?'\u00a0\u00bb.<\/p>\n<p>Et si cette surprenante demande en mariage a de quoi surprendre, Narjiss l&rsquo;a, semble-t-il ador\u00e9 : \u00ab\u00a0<strong>\u00c7a l&rsquo;a beaucoup fait rire<\/strong>\u00ab\u00a0, a-t-il pr\u00e9cis\u00e9 \u00e0 la journaliste de Novo 19. D&rsquo;ailleurs, cette annonce est \u00e0 l&rsquo;image de Fran\u00e7ois Cluzet. Car dans cette m\u00eame interview, il a d\u00e9clar\u00e9 ne pas se prendre au s\u00e9rieux : <strong>\u00ab\u00a0<\/strong><strong>J&rsquo;aime bien me foutre de moi, je pense que c&rsquo;est une n\u00e9cessit\u00e9<\/strong>. Tout le monde devrait avoir le sens du ridicule\u00a0\u00bb. C\u00f4t\u00e9 humour, le pari est gagn\u00e9, mais c\u00f4t\u00e9 romantisme, on a vu mieux !<\/p>\n","protected":false},"excerpt":{"rendered":"Par Louise Martin | R\u00e9dactrice Koh Lanta, Les Marseillais mais aussi Mari\u00e9s au Premier regards\u2026 Louise Martin est&hellip;\n","protected":false},"author":2,"featured_media":365135,"comment_status":"","ping_status":"","sticky":false,"template":"","format":"standard","meta":{"footnotes":""},"categories":[1359],"tags":[58,59,1011,27,973],"class_list":{"0":"post-365134","1":"post","2":"type-post","3":"status-publish","4":"format-standard","5":"has-post-thumbnail","7":"category-people","8":"tag-divertissement","9":"tag-entertainment","10":"tag-fr","11":"tag-france","12":"tag-people"},"share_on_mastodon":{"url":"https:\/\/pubeurope.com\/@fr\/115144832351908401","error":""},"_links":{"self":[{"href":"https:\/\/www.europesays.com\/fr\/wp-json\/wp\/v2\/posts\/365134","targetHints":{"allow":["GET"]}}],"collection":[{"href":"https:\/\/www.europesays.com\/fr\/wp-json\/wp\/v2\/posts"}],"about":[{"href":"https:\/\/www.europesays.com\/fr\/wp-json\/wp\/v2\/types\/post"}],"author":[{"embeddable":true,"href":"https:\/\/www.europesays.com\/fr\/wp-json\/wp\/v2\/users\/2"}],"replies":[{"embeddable":true,"href":"https:\/\/www.europesays.com\/fr\/wp-json\/wp\/v2\/comments?post=365134"}],"version-history":[{"count":0,"href":"https:\/\/www.europesays.com\/fr\/wp-json\/wp\/v2\/posts\/365134\/revisions"}],"wp:featuredmedia":[{"embeddable":true,"href":"https:\/\/www.europesays.com\/fr\/wp-json\/wp\/v2\/media\/365135"}],"wp:attachment":[{"href":"https:\/\/www.europesays.com\/fr\/wp-json\/wp\/v2\/media?parent=365134"}],"wp:term":[{"taxonomy":"category","embeddable":true,"href":"https:\/\/www.europesays.com\/fr\/wp-json\/wp\/v2\/categories?post=365134"},{"taxonomy":"post_tag","embeddable":true,"href":"https:\/\/www.europesays.com\/fr\/wp-json\/wp\/v2\/tags?post=365134"}],"curies":[{"name":"wp","href":"https:\/\/api.w.org\/{rel}","templated":true}]}}