{"id":365138,"date":"2025-09-04T07:26:11","date_gmt":"2025-09-04T07:26:11","guid":{"rendered":"https:\/\/www.europesays.com\/fr\/365138\/"},"modified":"2025-09-04T07:26:11","modified_gmt":"2025-09-04T07:26:11","slug":"date-et-heure-de-sortie-tout-ce-quil-faut-savoir","status":"publish","type":"post","link":"https:\/\/www.europesays.com\/fr\/365138\/","title":{"rendered":"date et heure de sortie, tout ce qu\u2019il faut savoir"},"content":{"rendered":"<p>Par <a class=\"author_recette\" id=\"author_name\" href=\"https:\/\/www.nextplz.fr\/auteur\/mamy\" target=\"_blank\" rel=\"noopener\">Mamy Yves<br \/>\nRatsimbazafy<\/a> &#8211; Publi\u00e9 le 04 Sep 2025 \u00e0 08:30<\/p>\n<p class=\"article-intro excerpt\">Alien: Earth continue de captiver<br \/>\nles fans de la saga. Pr\u00e9quelle se d\u00e9roulant deux ans avant le<br \/>\npremier film, la s\u00e9rie d\u00e9voile un monde menac\u00e9 o\u00f9 humains et<br \/>\nsynth\u00e9tiques s\u2019unissent face au danger.<\/p>\n<p><img width=\"750\" height=\"410\" src=\"data:image\/svg+xml,%3Csvg%20xmlns=\" http:=\"\" class=\"img-responsive alignnone size-full pinit-here zoom-it\" alt=\"Alien Earth \u00e9pisode 6 : date et heure de sortie, tout ce qu\u2019il faut savoir\" fetchpriority=\"high\" data-lazyloading=\"false\" decoding=\"async\" data-lazy-src=\"https:\/\/www.europesays.com\/fr\/wp-content\/uploads\/2025\/09\/alien-earth-750x410.jpg\"\/><\/p>\n<p>\u00a9 Hulu<\/p>\n<p>L\u2019univers d\u2019Alien s\u2019\u00e9largit avec Alien: Earth,<br \/>\nune s\u00e9rie t\u00e9l\u00e9vis\u00e9e qui plonge les spectateurs deux ans avant les<br \/>\n\u00e9v\u00e9nements du film original de Ridley Scott. L\u2019intrigue se<br \/>\nconcentre sur l\u2019arriv\u00e9e inattendue du Maginot, <a href=\"https:\/\/www.nextplz.fr\/serie\/480929-resident-alien-saison-3-quand-et-ou-sera-t-elle-diffusee-en-france\" target=\"_blank\" rel=\"noopener\"><br \/>\nun myst\u00e9rieux vaisseau spatial<\/a> qui s\u2019\u00e9crase sur Terre et qui<br \/>\nd\u00e9clenche une suite d\u2019\u00e9v\u00e9nements aussi sombres qu\u2019inqui\u00e9tants. Au<br \/>\nc\u0153ur de ce r\u00e9cit se trouve Wendy, une jeune hybride<br \/>\nsynth\u00e9tique\/humaine. H\u00e9ro\u00efne atypique et fragile en apparence, elle<br \/>\nprend la t\u00eate d\u2019une escouade de soldats aux profils h\u00e9t\u00e9roclites,<br \/>\nformant une \u00e9quipe improvis\u00e9e. Ensemble, ils se retrouvent sur la<br \/>\nligne de front d\u2019un conflit contre la plus redoutable menace jamais<br \/>\nrencontr\u00e9e par l\u2019humanit\u00e9 : les terrifiants x\u00e9nomorphes.<\/p>\n<p>Une intrigue sombre et haletante dans le sixi\u00e8me \u00e9pisode d\u2019Alien<br \/>\nEarth<\/p>\n<p>Fid\u00e8le \u00e0 l\u2019ADN de la franchise, Alien: Earth d\u00e9ploie<br \/>\nune atmosph\u00e8re pesante o\u00f9 l\u2019horreur, la science-fiction et la<br \/>\nsurvie s\u2019entrem\u00ealent. Chaque \u00e9pisode intensifie en effet la<br \/>\ntension, posant la question essentielle : jusqu\u2019o\u00f9 l\u2019humain est-il<br \/>\npr\u00eat \u00e0 aller pour survivre ? La relation entre Wendy et ses<br \/>\ncompagnons d\u2019armes apporte \u00e9galement une profondeur \u00e9motionnelle et<br \/>\nqui explore des th\u00e8mes de loyaut\u00e9, d\u2019identit\u00e9 et de sacrifice. La<br \/>\nmise en sc\u00e8ne ne manque en tout cas pas de rappeler les premiers<br \/>\nfrissons de 1979, tout en introduisant une esth\u00e9tique moderne qui<br \/>\nparle aux nouvelles g\u00e9n\u00e9rations. Entre sc\u00e8nes d\u2019action<br \/>\nspectaculaires et instants d\u2019intimit\u00e9 troublante, la s\u00e9rie tisse un<br \/>\nr\u00e9cit captivant qui promet un crescendo dramatique.<\/p>\n<p>Quand<br \/>\nsort l\u2019\u00e9pisode 6 ?<\/p>\n<p>Bonne nouvelle en tout cas pour les fans les plus impatients.<br \/>\nL\u2019\u00e9pisode 6 sera en effet diffus\u00e9 le mardi 9 septembre \u00e0 20h (ET)<br \/>\nsur FX Network et en simultan\u00e9 en streaming sur Hulu aux<br \/>\n\u00c9tats-Unis. Les spectateurs internationaux pourront ainsi le<br \/>\nd\u00e9couvrir sur Disney+ d\u00e8s le mercredi 10 septembre \u00e0 1h du matin<br \/>\n(GMT). Comme les pr\u00e9c\u00e9dents \u00e9pisodes, il sera disponible en version<br \/>\noriginale anglaise mais \u00e9galement en plusieurs langues gr\u00e2ce au<br \/>\ndoublage d\u00e9j\u00e0 pr\u00e9vu.<\/p>\n<p>Combien d\u2019\u00e9pisodes au<br \/>\ntotal ?<\/p>\n<p>La saison comptera 8 \u00e9pisodes. Apr\u00e8s un lancement marqu\u00e9 par un<br \/>\ndouble \u00e9pisode, la diffusion suit en effet d\u00e9sormais <a href=\"https:\/\/fr.wikipedia.org\/wiki\/Alien:_Earth\" target=\"_blank\" rel=\"noopener\">un<br \/>\nrythme hebdomadaire<\/a>. Ainsi, apr\u00e8s la sortie du sixi\u00e8me<br \/>\nchapitre, il ne restera plus que deux \u00e9pisodes avant la conclusion.<br \/>\nAutant dire que la tension ne fera que monter, les x\u00e9nomorphes<br \/>\nresserrant inexorablement leur emprise sur Terre.<\/p>\n","protected":false},"excerpt":{"rendered":"Par Mamy Yves Ratsimbazafy &#8211; Publi\u00e9 le 04 Sep 2025 \u00e0 08:30 Alien: Earth continue de captiver les&hellip;\n","protected":false},"author":2,"featured_media":365139,"comment_status":"","ping_status":"","sticky":false,"template":"","format":"standard","meta":{"footnotes":""},"categories":[1356],"tags":[58,59,1011,27,252,1364],"class_list":{"0":"post-365138","1":"post","2":"type-post","3":"status-publish","4":"format-standard","5":"has-post-thumbnail","7":"category-television","8":"tag-divertissement","9":"tag-entertainment","10":"tag-fr","11":"tag-france","12":"tag-television","13":"tag-tv"},"share_on_mastodon":{"url":"https:\/\/pubeurope.com\/@fr\/115144843801351633","error":""},"_links":{"self":[{"href":"https:\/\/www.europesays.com\/fr\/wp-json\/wp\/v2\/posts\/365138","targetHints":{"allow":["GET"]}}],"collection":[{"href":"https:\/\/www.europesays.com\/fr\/wp-json\/wp\/v2\/posts"}],"about":[{"href":"https:\/\/www.europesays.com\/fr\/wp-json\/wp\/v2\/types\/post"}],"author":[{"embeddable":true,"href":"https:\/\/www.europesays.com\/fr\/wp-json\/wp\/v2\/users\/2"}],"replies":[{"embeddable":true,"href":"https:\/\/www.europesays.com\/fr\/wp-json\/wp\/v2\/comments?post=365138"}],"version-history":[{"count":0,"href":"https:\/\/www.europesays.com\/fr\/wp-json\/wp\/v2\/posts\/365138\/revisions"}],"wp:featuredmedia":[{"embeddable":true,"href":"https:\/\/www.europesays.com\/fr\/wp-json\/wp\/v2\/media\/365139"}],"wp:attachment":[{"href":"https:\/\/www.europesays.com\/fr\/wp-json\/wp\/v2\/media?parent=365138"}],"wp:term":[{"taxonomy":"category","embeddable":true,"href":"https:\/\/www.europesays.com\/fr\/wp-json\/wp\/v2\/categories?post=365138"},{"taxonomy":"post_tag","embeddable":true,"href":"https:\/\/www.europesays.com\/fr\/wp-json\/wp\/v2\/tags?post=365138"}],"curies":[{"name":"wp","href":"https:\/\/api.w.org\/{rel}","templated":true}]}}