{"id":365142,"date":"2025-09-04T07:28:10","date_gmt":"2025-09-04T07:28:10","guid":{"rendered":"https:\/\/www.europesays.com\/fr\/365142\/"},"modified":"2025-09-04T07:28:10","modified_gmt":"2025-09-04T07:28:10","slug":"tarzan-cherche-une-famille-apres-avoir-ete-abandonne-et-attache-en-foret","status":"publish","type":"post","link":"https:\/\/www.europesays.com\/fr\/365142\/","title":{"rendered":"Tarzan cherche une famille apr\u00e8s avoir \u00e9t\u00e9 abandonn\u00e9 et attach\u00e9 en for\u00eat"},"content":{"rendered":"<p class=\"article__intro\">Le lundi 1er septembre 2025, la Ligue dans l&rsquo;int\u00e9r\u00eat de la soci\u00e9t\u00e9 et l&rsquo;animal (Lisa), bas\u00e9e \u00e0 Vivier-au-Court (Ardennes), a \u00e9mis une petite annonce \u00e9tonnante. L&rsquo;association cherche \u00e0 placer un bouc qu&rsquo;elle a recueilli apr\u00e8s son abandon en pleine for\u00eat.<\/p>\n<p>\n      La Quotidienne Soci\u00e9t\u00e9\n    <\/p>\n<p>\n      De la vie quotidienne aux grands enjeux, recevez tous les jours les sujets qui font la soci\u00e9t\u00e9 locale, comme la justice, l\u2019\u00e9ducation, la sant\u00e9 et la famille.\n    <\/p>\n<p>    France T\u00e9l\u00e9visions utilise votre adresse e-mail afin de vous envoyer la newsletter \u00ab\u00a0La Quotidienne Soci\u00e9t\u00e9\u00a0\u00bb. Vous pouvez vous d\u00e9sinscrire \u00e0 tout moment via le lien en bas de cette newsletter. <a target=\"_blank\" href=\"https:\/\/www.francetelevisions.fr\/groupe\/confidentialite\/politique-de-confidentialite\/politique-de-confidentialite-de-france-televisions-6503\" rel=\"nofollow noopener\">Notre politique de confidentialit\u00e9<\/a><\/p>\n<p>Il ne grimpe pas aux arbres, mais \u00e7a ne l&#8217;emp\u00eache de s&rsquo;appeler Tarzan. Un bouc a \u00e9t\u00e9 recueilli par la Ligue dans l&rsquo;int\u00e9r\u00eat de la soci\u00e9t\u00e9 et l&rsquo;animal (Lisa). L&rsquo;association essaye de placer cet animal qu&rsquo;elle a recueilli apr\u00e8s avoir \u00e9t\u00e9 trouv\u00e9 abandonn\u00e9 et attach\u00e9 dans un bois.<\/p>\n<p>L&rsquo;appel \u00e0 l&rsquo;aide, qualifi\u00e9 d'\u00a0\u00bburgent\u00a0\u00bb, a \u00e9t\u00e9 \u00e9mis le lundi 1er septembre 2025, jour de la <a href=\"https:\/\/www.franceinfo.fr\/societe\/education\/ma-fille-m-a-dit-que-c-etait-une-remplacante-pour-la-rentree-des-classes-l-equivalent-de-2500-postes-de-professeurs-ne-sont-pas-pourvus_7468381.html\" target=\"_blank\" rel=\"noopener nofollow\">rentr\u00e9e des classes<\/a>. Il a \u00e9t\u00e9 <a href=\"https:\/\/www.facebook.com\/Association.LISA\/posts\/pfbid0QKeSEtkjX9KstP7UMAJH9se2em13UwsMadZ9Ja6skj2iQA9w3TyVmSdJ1JKkmHVPl\" target=\"_blank\" rel=\"noopener nofollow\">relay\u00e9 sur la page Facebook de la Lisa<\/a>, et a \u00e9t\u00e9 partag\u00e9 maintes fois. \u00ab\u00a0Avec son allure impressionnante, Tarzan saura s\u00e9duire les amoureux des animaux de ferme qui recherchent un compagnon attachant\u00a0\u00bb, peut-on lire.\u00a0<\/p>\n<p>Bien s\u00fbr, il est \u00ab\u00a0proche des personnes qui s&rsquo;occupent de lui\u00a0\u00bb : pas de risque de prendre un coup&#8230; de bouc. Sabrina, la pr\u00e9sidente de la Lisa, l&rsquo;assure apr\u00e8s avoir \u00e9t\u00e9 contact\u00e9e par France 3 Champagne-Ardenne. \u00ab\u00a0Il est gentil, m\u00eame s&rsquo;il bourre un peu. \u00c7a reste un bouc.\u00a0\u00bb<\/p>\n<p>\u00ab\u00a0Il est arriv\u00e9 le mercredi [27 ao\u00fbt]. Il a \u00e9t\u00e9 trouv\u00e9 tout maigre, attach\u00e9 dans un bois du c\u00f4t\u00e9 du Reth\u00e9lois [sud des Ardennes; ndlr]. Il avait une grosse cha\u00eene en ferraille autour du cou. Il serait mort si la personne ne l&rsquo;avait pas trouv\u00e9. Elle nous a appel\u00e9 pour qu&rsquo;on aille le chercher. Depuis, il est chez nous.\u00a0\u00bb<\/p>\n<p>La Lisa est bas\u00e9e \u00e0 Vivier-au-Court (Ardennes), \u00e0 \u00e9quidistance des agglom\u00e9rations de Charleville-M\u00e9zi\u00e8res et Sedan. D&rsquo;ordinaire, elle peut compter sur une famille d&rsquo;accueil pour les boucs et les ch\u00e8vres, mais celle-ci est d\u00e9j\u00e0 pas mal sollicit\u00e9e. D&rsquo;o\u00f9 l&rsquo;annonce et son caract\u00e8re urgent (voir l&#8217;emplacement de la Lisa sur\u00a0<a href=\"https:\/\/www.google.com\/maps\/d\/u\/0\/edit?mid=1XXpLaUf8oF-nXC8lapO8-tMKduxvdSA&amp;usp=sharing\" target=\"_blank\" rel=\"noopener nofollow\">la cart<\/a>e ci-dessous).\u00a0<\/p>\n<\/p>\n<p>\u00ab\u00a0Ses cornes ont mal pouss\u00e9.\u00a0\u00bb L&rsquo;une part en arri\u00e8re, l&rsquo;autre forme une spirale caract\u00e9ristique et \u00e9tonnante. \u00ab\u00a0On dirait un frisoti&#8230;\u00a0\u00bb\u00a0Il s&rsquo;agit d&rsquo;un caprin de grande taille. \u00ab\u00a0Ce n&rsquo;est pas un nain. Il arrive \u00e0 la taille.\u00a0\u00bb<\/p>\n<p>\u00ab\u00a0Il n&rsquo;est pas m\u00e9chant du tout\u00a0\u00bb, rappelle Sabrina. D&rsquo;apr\u00e8s une sp\u00e9cialiste, il serait \u00e2g\u00e9 de 5 ans environ. \u00ab\u00a0On l&rsquo;a mis dans un parc \u00e0 chien en attendant de trouver un ma\u00eetre.\u00a0\u00bb\u00a0Pour l&rsquo;anecdote, un bouc mange du foin, de l&rsquo;herbe, m\u00eame des arbustes ou quelques fruits <a href=\"https:\/\/www.lacompagniedesanimaux.com\/conseil-veterinaire\/tout-savoir-sur-le-bouc-nain.html\" target=\"_blank\" rel=\"noopener nofollow\">selon ce site v\u00e9t\u00e9rinaire<\/a>.<\/p>\n<p> \u00ab\u00a0On voudrait qu&rsquo;il parte chez quelqu&rsquo;un qui a si possible d\u00e9j\u00e0 un animal. Pour qu&rsquo;il ne reste pas tout seul : il n&rsquo;aimerait pas.\u00a0\u00bb Autre bouc ou ch\u00e8vre : pas de probl\u00e8me. L&rsquo;annonce pr\u00e9cise que Tarzan est castr\u00e9 (la <a href=\"https:\/\/www.facebook.com\/Association.LISA\/posts\/pfbid0QKeSEtkjX9KstP7UMAJH9se2em13UwsMadZ9Ja6skj2iQA9w3TyVmSdJ1JKkmHVPl\" target=\"_blank\" rel=\"noopener nofollow\">voir affich\u00e9e<\/a> ci-dessous).<\/p>\n<\/p>\n<p>\u00ab\u00a0S&rsquo;il avait un petit parc, un endroit o\u00f9 se mettre \u00e0 l&rsquo;abri l&rsquo;hiver&#8230; Il m\u00e9rite d&rsquo;\u00eatre bien, comme un chien ou un chat.\u00a0\u00bb \u00c0 ce sujet, elle pr\u00e9cise, amus\u00e9e, que \u00ab\u00a0quand on va dans les autres parcs \u00e0 chien, il nous appelle. C&rsquo;est rigolo. Il le fait aussi quand on lui am\u00e8ne sa gamelle. Le soir, il se couche : il ne va pas hurler comme un \u00e2ne.\u00a0\u00bb\u00a0<\/p>\n<p>Pour tenter l&rsquo;aventure, il suffit de passer un coup de fil au 03 24 41 74 51, ou <a href=\"https:\/\/www.facebook.com\/Association.LISA\" target=\"_blank\" rel=\"noopener nofollow\">d&rsquo;aller sur la page Facebook<\/a> pour envoyer un petit message via Messenger. Les locaux de la Lisa sont ouverts tous les jours de la semaine entre 14h00 et 18h00 (mais pas le samedi ou le dimanche). Par ailleurs, une sorte de <a href=\"https:\/\/www.facebook.com\/Association.LISA\/posts\/pfbid09cVmmemM6TtUQEFACXmHgPmrrqsNm5sohzZ6ao49nGG35uopqDRdWGZork7AeErYl\" target=\"_blank\" rel=\"noopener nofollow\">journ\u00e9e portes-ouvertes est organis\u00e9e le samedi 06 septembre<\/a>, pas pour visiter ou se balader, mais afin de faciliter les rencontres individuelles avec les animaux, et in fine leur adoption.\u00a0<\/p>\n<p>Sabrina pr\u00e9cise, \u00e9pouvant\u00e9e, qu'\u00a0\u00bbon est vraiment satur\u00e9\u00a0\u00bb et qu&rsquo;elle esp\u00e8re \u00ab\u00a0faire adopter le maximum de chiens. On n&rsquo;a jamais \u00e9t\u00e9 aussi satur\u00e9. C&rsquo;est catastrophique. On a 50 places pour 70 chiens. \u00c7a fait 32 ans que je suis l\u00e0, et je n&rsquo;ai jamais vu \u00e7a.\u00a0\u00bb Vous savez ce qu&rsquo;il vous reste \u00e0 faire si vous avez la possibilit\u00e9 d&rsquo;offrir une place \u00e0 un compagnon chez vous.\u00a0<\/p>\n","protected":false},"excerpt":{"rendered":"Le lundi 1er septembre 2025, la Ligue dans l&rsquo;int\u00e9r\u00eat de la soci\u00e9t\u00e9 et l&rsquo;animal (Lisa), bas\u00e9e \u00e0 Vivier-au-Court&hellip;\n","protected":false},"author":2,"featured_media":365143,"comment_status":"","ping_status":"","sticky":false,"template":"","format":"standard","meta":{"footnotes":""},"categories":[1354],"tags":[58,59,1346,1011,27,1360],"class_list":{"0":"post-365142","1":"post","2":"type-post","3":"status-publish","4":"format-standard","5":"has-post-thumbnail","7":"category-films","8":"tag-divertissement","9":"tag-entertainment","10":"tag-films","11":"tag-fr","12":"tag-france","13":"tag-movies"},"share_on_mastodon":{"url":"https:\/\/pubeurope.com\/@fr\/115144851634620888","error":""},"_links":{"self":[{"href":"https:\/\/www.europesays.com\/fr\/wp-json\/wp\/v2\/posts\/365142","targetHints":{"allow":["GET"]}}],"collection":[{"href":"https:\/\/www.europesays.com\/fr\/wp-json\/wp\/v2\/posts"}],"about":[{"href":"https:\/\/www.europesays.com\/fr\/wp-json\/wp\/v2\/types\/post"}],"author":[{"embeddable":true,"href":"https:\/\/www.europesays.com\/fr\/wp-json\/wp\/v2\/users\/2"}],"replies":[{"embeddable":true,"href":"https:\/\/www.europesays.com\/fr\/wp-json\/wp\/v2\/comments?post=365142"}],"version-history":[{"count":0,"href":"https:\/\/www.europesays.com\/fr\/wp-json\/wp\/v2\/posts\/365142\/revisions"}],"wp:featuredmedia":[{"embeddable":true,"href":"https:\/\/www.europesays.com\/fr\/wp-json\/wp\/v2\/media\/365143"}],"wp:attachment":[{"href":"https:\/\/www.europesays.com\/fr\/wp-json\/wp\/v2\/media?parent=365142"}],"wp:term":[{"taxonomy":"category","embeddable":true,"href":"https:\/\/www.europesays.com\/fr\/wp-json\/wp\/v2\/categories?post=365142"},{"taxonomy":"post_tag","embeddable":true,"href":"https:\/\/www.europesays.com\/fr\/wp-json\/wp\/v2\/tags?post=365142"}],"curies":[{"name":"wp","href":"https:\/\/api.w.org\/{rel}","templated":true}]}}