{"id":365148,"date":"2025-09-04T07:32:10","date_gmt":"2025-09-04T07:32:10","guid":{"rendered":"https:\/\/www.europesays.com\/fr\/365148\/"},"modified":"2025-09-04T07:32:10","modified_gmt":"2025-09-04T07:32:10","slug":"des-scientifiques-extraient-ladn-le-plus-ancien-jamais-decouvert-sur-un-mammouth-et-ca-nous-dit-plein-de-choses","status":"publish","type":"post","link":"https:\/\/www.europesays.com\/fr\/365148\/","title":{"rendered":"des scientifiques extraient l&rsquo;ADN le plus ancien jamais d\u00e9couvert sur un mammouth (et \u00e7a nous dit plein de choses)"},"content":{"rendered":"<p class=\"whitespace-normal break-words\"><strong>Au c\u0153ur d\u2019une dent<br \/>\nde mammouth fossilis\u00e9e depuis plus d\u2019un million d\u2019ann\u00e9es, des<br \/>\nscientifiques su\u00e9dois ont fait une d\u00e9couverte qui bouleverse notre<br \/>\ncompr\u00e9hension du pass\u00e9. En per\u00e7ant les myst\u00e8res de l\u2019<a href=\"https:\/\/sciencepost.fr\/45-de-votre-adn-cachait-un-secret-que-personne-navait-vu-venir\/\" target=\"_blank\" rel=\"noopener nofollow\">ADN<\/a> microbien le plus ancien<br \/>\njamais r\u00e9cup\u00e9r\u00e9, ils viennent de r\u00e9v\u00e9ler que les g\u00e9ants de l\u2019\u00e8re<br \/>\nglaciaire portaient en eux les m\u00eames tueurs invisibles qui d\u00e9ciment<br \/>\nencore aujourd\u2019hui leurs descendants modernes. Cette r\u00e9v\u00e9lation<br \/>\nextraordinaire, publi\u00e9e dans la prestigieuse revue <a href=\"http:\/\/dx.doi.org\/10.1016\/j.cell.2025.08.003\" target=\"_blank\" rel=\"noopener nofollow\">Cell<\/a>, ouvre une fen\u00eatre<br \/>\nin\u00e9dite sur les v\u00e9ritables causes de l\u2019extinction des<br \/>\nmammouths.<\/strong><\/p>\n<p>Un voyage<br \/>\ndans le temps microbien<\/p>\n<p class=\"whitespace-normal break-words\">L\u2019\u00e9quipe du Centre de<br \/>\npal\u00e9og\u00e9n\u00e9tique su\u00e9dois a entrepris un d\u00e9fi technologique colossal :<br \/>\ndistinguer l\u2019ADN des mammouths de celui des micro-organismes qui<br \/>\nont colonis\u00e9 leurs corps avant et apr\u00e8s leur mort. Cette prouesse<br \/>\ntechnique, r\u00e9alis\u00e9e sur 483 sp\u00e9cimens dont 440 analys\u00e9s pour la<br \/>\npremi\u00e8re fois, repr\u00e9sente un bond en arri\u00e8re de plus d\u2019un million<br \/>\nd\u2019ann\u00e9es dans l\u2019histoire de la vie microscopique.<\/p>\n<p class=\"whitespace-normal break-words\">La m\u00e9thodologie employ\u00e9e<br \/>\nrel\u00e8ve de l\u2019exploit scientifique. En appliquant des techniques<br \/>\ng\u00e9nomiques de pointe sur des fragments de dents et d\u2019os fossilis\u00e9s,<br \/>\nles chercheurs ont r\u00e9ussi \u00e0 identifier 310 microbes appartenant \u00e0<br \/>\nsix groupes distincts, ressuscitant virtuellement des communaut\u00e9s<br \/>\nbact\u00e9riennes perdues dans les brumes du Pl\u00e9istoc\u00e8ne.<\/p>\n<p>Des tueurs<br \/>\nsilencieux traversent les mill\u00e9naires<\/p>\n<p class=\"whitespace-normal break-words\">Parmi les d\u00e9couvertes les<br \/>\nplus saisissantes figure l\u2019identification de souches bact\u00e9riennes<br \/>\naux noms \u00e9vocateurs : Actinobacillus, Pasteurella, Streptococcus et<br \/>\nErysipelothrix. Ces appellations scientifiques masquent une r\u00e9alit\u00e9<br \/>\ntroublante : certains de ces microbes n\u2019\u00e9taient pas de simples<br \/>\npassagers clandestins, mais de v\u00e9ritables agents pathog\u00e8nes.<\/p>\n<p class=\"whitespace-normal break-words\">La r\u00e9v\u00e9lation la plus<br \/>\nstup\u00e9fiante concerne une bact\u00e9rie de type Pasteurella, \u00e9tonnamment<br \/>\nsimilaire \u00e0 celle qui provoque aujourd\u2019hui des h\u00e9catombes parmi les<br \/>\npopulations d\u2019\u00e9l\u00e9phants africains. Cette similitude g\u00e9n\u00e9tique \u00e0<br \/>\ntravers plus d\u2019un million d\u2019ann\u00e9es sugg\u00e8re une continuit\u00e9<br \/>\npathologique remarquable entre les \u00e9cosyst\u00e8mes du pass\u00e9 et du<br \/>\npr\u00e9sent.<\/p>\n<p><img loading=\"lazy\" data-lazyloaded=\"1\" decoding=\"async\" class=\"size-full wp-image-315327\" src=\"https:\/\/www.europesays.com\/fr\/wp-content\/uploads\/2025\/09\/tooth-l.webp.webp\" alt=\"mammouth\" width=\"1200\" height=\"778\"  data-\/><br \/>\nUne dent de mammouth. Cr\u00e9dit image : Love Dal\u00e9nL\u2019anc\u00eatre<br \/>\nde tous les g\u00e9ants<\/p>\n<p class=\"whitespace-normal break-words\">Le sp\u00e9cimen le plus ancien<br \/>\nde l\u2019\u00e9tude, un mammouth des steppes vieux de 1,1 million d\u2019ann\u00e9es,<br \/>\na livr\u00e9 des secrets particuli\u00e8rement pr\u00e9cieux. Les scientifiques<br \/>\nont pu reconstituer des g\u00e9nomes partiels d\u2019Erysipelothrix, une<br \/>\nbact\u00e9rie pathog\u00e8ne qui infecte encore aujourd\u2019hui porcs, volailles<br \/>\net diverses esp\u00e8ces animales.<\/p>\n<p class=\"whitespace-normal break-words\">Ce mammouth des steppes,<br \/>\nanc\u00eatre du mammouth laineux et du mammouth colombien, vivait en<br \/>\nEurasie du Nord avant de conqu\u00e9rir l\u2019Am\u00e9rique du Nord durant la<br \/>\np\u00e9riode glaciaire. Son analyse r\u00e9v\u00e8le que les maladies infectieuses<br \/>\naccompagnaient d\u00e9j\u00e0 ces g\u00e9ants dans leurs migrations<br \/>\nintercontinentales.<\/p>\n<p>Un pont<br \/>\ng\u00e9n\u00e9alogique entre pass\u00e9 et pr\u00e9sent<\/p>\n<p class=\"whitespace-normal break-words\">Bien que les \u00e9l\u00e9phants<br \/>\nmodernes ne descendent pas directement des mammouths, les deux<br \/>\nlign\u00e9es partagent un anc\u00eatre commun remontant \u00e0 plusieurs millions<br \/>\nd\u2019ann\u00e9es. Cette parent\u00e9 \u00e9volutive explique pourquoi les m\u00eames<br \/>\nagents pathog\u00e8nes peuvent affecter ces esp\u00e8ces s\u00e9par\u00e9es par des<br \/>\nmillions d\u2019ann\u00e9es d\u2019\u00e9volution.<\/p>\n<p class=\"whitespace-normal break-words\">Cette d\u00e9couverte sugg\u00e8re<br \/>\nune hypoth\u00e8se fascinante : les mammouths auraient pu souffrir de<br \/>\nmaladies remarquablement similaires \u00e0 celles qui menacent encore<br \/>\nleurs cousins contemporains. Les microbes responsables de leur<br \/>\nd\u00e9clin pourraient m\u00eame survivre aujourd\u2019hui sous des formes<br \/>\n\u00e9volu\u00e9es.<\/p>\n<p>Une<br \/>\nr\u00e9volution dans l\u2019\u00e9tude des extinctions<\/p>\n<p class=\"whitespace-normal break-words\">Cette recherche transcende<br \/>\nla simple curiosit\u00e9 scientifique pour \u00e9clairer d\u2019un jour nouveau<br \/>\nles m\u00e9canismes d\u2019extinction des esp\u00e8ces pr\u00e9historiques. En r\u00e9v\u00e9lant<br \/>\nl\u2019influence des communaut\u00e9s microbiennes sur la survie des<br \/>\nmammouths, elle ouvre des perspectives in\u00e9dites sur les<br \/>\ninteractions complexes entre h\u00f4tes et pathog\u00e8nes dans les<br \/>\n\u00e9cosyst\u00e8mes anciens.<\/p>\n<p class=\"whitespace-normal break-words\">L\u2019extraction d\u2019ADN<br \/>\nmicrobien sur une telle \u00e9chelle temporelle repr\u00e9sente un d\u00e9fi<br \/>\ntechnique consid\u00e9rable. Comme l\u2019expliquent les chercheurs, suivre<br \/>\nces traces g\u00e9n\u00e9tiques \u00e9quivaut \u00e0 d\u00e9chiffrer une piste qui se<br \/>\nr\u00e9\u00e9crit constamment, les microbes \u00e9voluant \u00e0 un rythme effr\u00e9n\u00e9.<\/p>\n","protected":false},"excerpt":{"rendered":"Au c\u0153ur d\u2019une dent de mammouth fossilis\u00e9e depuis plus d\u2019un million d\u2019ann\u00e9es, des scientifiques su\u00e9dois ont fait une&hellip;\n","protected":false},"author":2,"featured_media":365149,"comment_status":"","ping_status":"","sticky":false,"template":"","format":"standard","meta":{"footnotes":""},"categories":[7],"tags":[1011,27,43,40,41,39,42,44],"class_list":{"0":"post-365148","1":"post","2":"type-post","3":"status-publish","4":"format-standard","5":"has-post-thumbnail","7":"category-sciences-et-technologies","8":"tag-fr","9":"tag-france","10":"tag-science","11":"tag-science-and-technology","12":"tag-sciences","13":"tag-sciences-et-technologies","14":"tag-technologies","15":"tag-technology"},"share_on_mastodon":{"url":"https:\/\/pubeurope.com\/@fr\/115144867486178976","error":""},"_links":{"self":[{"href":"https:\/\/www.europesays.com\/fr\/wp-json\/wp\/v2\/posts\/365148","targetHints":{"allow":["GET"]}}],"collection":[{"href":"https:\/\/www.europesays.com\/fr\/wp-json\/wp\/v2\/posts"}],"about":[{"href":"https:\/\/www.europesays.com\/fr\/wp-json\/wp\/v2\/types\/post"}],"author":[{"embeddable":true,"href":"https:\/\/www.europesays.com\/fr\/wp-json\/wp\/v2\/users\/2"}],"replies":[{"embeddable":true,"href":"https:\/\/www.europesays.com\/fr\/wp-json\/wp\/v2\/comments?post=365148"}],"version-history":[{"count":0,"href":"https:\/\/www.europesays.com\/fr\/wp-json\/wp\/v2\/posts\/365148\/revisions"}],"wp:featuredmedia":[{"embeddable":true,"href":"https:\/\/www.europesays.com\/fr\/wp-json\/wp\/v2\/media\/365149"}],"wp:attachment":[{"href":"https:\/\/www.europesays.com\/fr\/wp-json\/wp\/v2\/media?parent=365148"}],"wp:term":[{"taxonomy":"category","embeddable":true,"href":"https:\/\/www.europesays.com\/fr\/wp-json\/wp\/v2\/categories?post=365148"},{"taxonomy":"post_tag","embeddable":true,"href":"https:\/\/www.europesays.com\/fr\/wp-json\/wp\/v2\/tags?post=365148"}],"curies":[{"name":"wp","href":"https:\/\/api.w.org\/{rel}","templated":true}]}}