{"id":365153,"date":"2025-09-04T07:35:21","date_gmt":"2025-09-04T07:35:21","guid":{"rendered":"https:\/\/www.europesays.com\/fr\/365153\/"},"modified":"2025-09-04T07:35:21","modified_gmt":"2025-09-04T07:35:21","slug":"bloquons-tout-le-10-septembre-operations-peages-et-chariots-gratuits-blocages-de-gares-et-de-routes-sabotages-de-radars-et-de-distributeurs-de-billets-voici-a-quoi-sattendre","status":"publish","type":"post","link":"https:\/\/www.europesays.com\/fr\/365153\/","title":{"rendered":"\u00ab\u00a0Bloquons tout le 10 septembre\u00a0\u00bb : op\u00e9rations p\u00e9ages et chariots gratuits, blocages de gares et de routes, sabotages de radars et de distributeurs de billets&#8230; voici \u00e0 quoi s&rsquo;attendre"},"content":{"rendered":"<p>\n                                                                Les autorit\u00e9s s\u2019attendent pour la journ\u00e9e de mobilisation du 10\u00a0septembre \u00e0 des actions diverses sur tout le territoire dont l\u2019ampleur reste la grande inconnue s\u2019agissant d\u2019un \u00ab\u00a0mouvement horizontal o\u00f9 chacun fait ce qu\u2019il veut\u00a0\u00bb.\n                            <\/p>\n<p>Les services de renseignement notent que ce mouvement \u00ab\u00a0a chang\u00e9 d\u2019orientation\u00a0\u00bb depuis son lancement sur les r\u00e9seaux sociaux, avec une \u00ab\u00a0prise en main par l\u2019extr\u00eame gauche et l\u2019ultra gauche\u00a0\u00bb, a expliqu\u00e9 \u00e0 l\u2019AFP une source s\u00e9curitaire.<\/p>\n<p>Avec la rentr\u00e9e, les services rel\u00e8vent que la mobilisation passe d\u00e9sormais \u00ab\u00a0par des r\u00e9unions et des assembl\u00e9es g\u00e9n\u00e9rales o\u00f9 les gens se voient et \u00e9changent concr\u00e8tement\u00a0\u00bb. Il y a des r\u00e9unions \u00ab\u00a0partout, dans des villages et pas seulement dans les grandes villes\u00a0\u00bb et chacun, a ajout\u00e9 la source, \u00ab\u00a0y va de son id\u00e9e\u00a0\u00bb. \u00ab\u00a0\u00c7a part dans tous les sens.\u00a0\u00bb<\/p>\n<p>Sont \u00e9voqu\u00e9s p\u00eale-m\u00eale des blocages de gares, d\u2019axes de circulation, de raffineries, de d\u00e9p\u00f4ts de la grande distribution comme Amazon, des op\u00e9rations p\u00e9ages gratuits ou chariots gratuits (partir de grandes surfaces sans payer), des sabotages de radars automatiques, de distributeurs de billets, des manifestations classiques\u2026<\/p>\n<p>\u00ab\u00a0Chacun fait ce qu\u2019il veut\u00a0\u00bb<\/p>\n<p>\u00ab\u00a0Si on note une adh\u00e9sion de plus en plus importante dans les r\u00e9unions, il y a une part d\u2019al\u00e9as. Tout d\u00e9pendra du nombre de personnes r\u00e9ellement mobilis\u00e9es le jour J pour entreprendre telle ou telle action\u00a0\u00bb, a expliqu\u00e9 la source s\u00e9curitaire. \u00ab\u00a0C\u2019est un mouvement horizontal, il n\u2019y a pas un chef, chacun fait ce qu\u2019il veut\u00a0\u00bb, a-t-elle poursuivi, d\u2019o\u00f9 la difficult\u00e9 pour les autorit\u00e9s d\u2019anticiper les actions qui seront men\u00e9es et leur ampleur.<\/p>\n<p>M\u00eame si l\u2019hypoth\u00e8se d\u2019une chute du gouvernement de Fran\u00e7ois Bayrou le 8\u00a0septembre est la plus probable, les services consid\u00e8rent que le 10\u00a0septembre sera \u00ab\u00a0une journ\u00e9e qui comptera\u00a0\u00bb car il y a \u00ab\u00a0de la grogne et de la col\u00e8re\u00a0\u00bb. Elle s\u2019inscrit en outre dans \u00ab\u00a0une s\u00e9quence, une journ\u00e9e d\u2019action syndicale \u00e9tant pr\u00e9vue le 18\u00a0septembre\u00a0\u00bb.<\/p>\n<p>C\u00f4t\u00e9 revendications, il n\u2019y a pas de mot d\u2019ordre unique, cela va des \u00ab\u00a0revendications locales, \u00e9conomiques, \u00e0 la d\u00e9mission du pr\u00e9sident Emmanuel Macron\u00a0\u00bb, a \u00e9num\u00e9r\u00e9 la source. Les autorit\u00e9s surveillent \u00e9galement attentivement ce que pourraient faire les \u00e9tudiants et les lyc\u00e9ens, en s\u2019inqui\u00e9tant d\u2019une mobilisation massive et incontr\u00f4l\u00e9e. \u00ab\u00a0Les images ne seront pas belles\u00a0\u00bb, anticipe aupr\u00e8s de l\u2019AFP un responsable de la police.<\/p>\n<p>\u00c0 Paris, les forces de l\u2019ordre se pr\u00e9parent \u00e0 toute \u00e9ventualit\u00e9 et, comme lors du mouvement des \u00ab\u00a0gilets jaunes\u00a0\u00bb ou des manifestations contre la r\u00e9forme des retraites, elles vont s\u00e9curiser tous les lieux embl\u00e9matiques de la capitale comme l\u2019Elys\u00e9e, Matignon, les minist\u00e8res, l\u2019Assembl\u00e9e nationale et le S\u00e9nat. Les pr\u00e9fectures sont \u00e9galement en alerte sur tout le territoire, m\u00eame si les autorit\u00e9s envisagent des mouvements plus forts dans certaines r\u00e9gions, comme l\u2019ouest notamment avec les villes de Rennes et Nantes.<\/p>\n","protected":false},"excerpt":{"rendered":"Les autorit\u00e9s s\u2019attendent pour la journ\u00e9e de mobilisation du 10\u00a0septembre \u00e0 des actions diverses sur tout le territoire&hellip;\n","protected":false},"author":2,"featured_media":365154,"comment_status":"","ping_status":"","sticky":false,"template":"","format":"standard","meta":{"footnotes":""},"categories":[4],"tags":[11,1011,27,12,25],"class_list":{"0":"post-365153","1":"post","2":"type-post","3":"status-publish","4":"format-standard","5":"has-post-thumbnail","7":"category-france","8":"tag-actualites","9":"tag-fr","10":"tag-france","11":"tag-news","12":"tag-republique-francaise"},"share_on_mastodon":{"url":"https:\/\/pubeurope.com\/@fr\/115144879280758148","error":""},"_links":{"self":[{"href":"https:\/\/www.europesays.com\/fr\/wp-json\/wp\/v2\/posts\/365153","targetHints":{"allow":["GET"]}}],"collection":[{"href":"https:\/\/www.europesays.com\/fr\/wp-json\/wp\/v2\/posts"}],"about":[{"href":"https:\/\/www.europesays.com\/fr\/wp-json\/wp\/v2\/types\/post"}],"author":[{"embeddable":true,"href":"https:\/\/www.europesays.com\/fr\/wp-json\/wp\/v2\/users\/2"}],"replies":[{"embeddable":true,"href":"https:\/\/www.europesays.com\/fr\/wp-json\/wp\/v2\/comments?post=365153"}],"version-history":[{"count":0,"href":"https:\/\/www.europesays.com\/fr\/wp-json\/wp\/v2\/posts\/365153\/revisions"}],"wp:featuredmedia":[{"embeddable":true,"href":"https:\/\/www.europesays.com\/fr\/wp-json\/wp\/v2\/media\/365154"}],"wp:attachment":[{"href":"https:\/\/www.europesays.com\/fr\/wp-json\/wp\/v2\/media?parent=365153"}],"wp:term":[{"taxonomy":"category","embeddable":true,"href":"https:\/\/www.europesays.com\/fr\/wp-json\/wp\/v2\/categories?post=365153"},{"taxonomy":"post_tag","embeddable":true,"href":"https:\/\/www.europesays.com\/fr\/wp-json\/wp\/v2\/tags?post=365153"}],"curies":[{"name":"wp","href":"https:\/\/api.w.org\/{rel}","templated":true}]}}