{"id":365157,"date":"2025-09-04T07:37:13","date_gmt":"2025-09-04T07:37:13","guid":{"rendered":"https:\/\/www.europesays.com\/fr\/365157\/"},"modified":"2025-09-04T07:37:13","modified_gmt":"2025-09-04T07:37:13","slug":"concert-de-louane-au-zenith-de-st-etienne-i-activ-agenda","status":"publish","type":"post","link":"https:\/\/www.europesays.com\/fr\/365157\/","title":{"rendered":"Concert de Louane au Z\u00e9nith de St-Etienne I ACTIV AGENDA"},"content":{"rendered":"<p><img decoding=\"async\" class=\"\" style=\"width:100%\" src=\"https:\/\/www.europesays.com\/fr\/wp-content\/uploads\/2025\/09\/louane1756903573238.jpeg\" alt=\"Concert de Louane au Z\u00e9nith de St-Etienne\"\/><\/p>\n<p>Concert de Louane au Z\u00e9nith de St-Etienne<\/p>\n<p>Cr\u00e9dit : Concert de Louane au Z\u00e9nith de St-Etienne<\/p>\n<p>Nouvelle tourn\u00e9e de LOUANE \u00ab Solo Tour \u00bb qui passera par le Z\u00e9nith de St-Etienne le vendredi 3 octobre 2025 \u00e0 20H\u00a0<\/p>\n<p>Apr\u00e8s 11 ans de carri\u00e8re, elle vous pr\u00e9sentera son nouvel album \u00ab Solo\u00a0\u00bb, sorti en octobre 2024.<\/p>\n<p>Ainsi que son 1er album Best-of \u00ab\u00a0Tiens mon Best Of\u00a0\u00bb, sorti en mai 2025.<\/p>\n<p>Titres\u00a0:<\/p>\n<p>\u00ab\u00a0Maman\u00a0\u00bb (interpr\u00e9t\u00e9 \u00e0 l\u2019Eurovision 2025 \u2013 7\u00e8me au classement final)<\/p>\n<p>\u00ab\u00a0Jour 1\u00a0\u00bb<\/p>\n<p>\u00ab\u00a0Midi sur novembre\u00a0\u00bb &#8211; Duo avec Julien Dor\u00e9<\/p>\n<p><strong>\u00a0<\/strong><\/p>\n","protected":false},"excerpt":{"rendered":"Concert de Louane au Z\u00e9nith de St-Etienne Cr\u00e9dit : Concert de Louane au Z\u00e9nith de St-Etienne Nouvelle tourn\u00e9e&hellip;\n","protected":false},"author":2,"featured_media":365158,"comment_status":"","ping_status":"","sticky":false,"template":"","format":"standard","meta":{"footnotes":""},"categories":[9653],"tags":[1111,11,2430,1777,674,1011,27,12,25,4001],"class_list":{"0":"post-365157","1":"post","2":"type-post","3":"status-publish","4":"format-standard","5":"has-post-thumbnail","7":"category-saint-etienne","8":"tag-actu","9":"tag-actualites","10":"tag-auvergne-rhone-alpes","11":"tag-eu","12":"tag-europe","13":"tag-fr","14":"tag-france","15":"tag-news","16":"tag-republique-francaise","17":"tag-saint-etienne"},"share_on_mastodon":{"url":"https:\/\/pubeurope.com\/@fr\/115144887224060562","error":""},"_links":{"self":[{"href":"https:\/\/www.europesays.com\/fr\/wp-json\/wp\/v2\/posts\/365157","targetHints":{"allow":["GET"]}}],"collection":[{"href":"https:\/\/www.europesays.com\/fr\/wp-json\/wp\/v2\/posts"}],"about":[{"href":"https:\/\/www.europesays.com\/fr\/wp-json\/wp\/v2\/types\/post"}],"author":[{"embeddable":true,"href":"https:\/\/www.europesays.com\/fr\/wp-json\/wp\/v2\/users\/2"}],"replies":[{"embeddable":true,"href":"https:\/\/www.europesays.com\/fr\/wp-json\/wp\/v2\/comments?post=365157"}],"version-history":[{"count":0,"href":"https:\/\/www.europesays.com\/fr\/wp-json\/wp\/v2\/posts\/365157\/revisions"}],"wp:featuredmedia":[{"embeddable":true,"href":"https:\/\/www.europesays.com\/fr\/wp-json\/wp\/v2\/media\/365158"}],"wp:attachment":[{"href":"https:\/\/www.europesays.com\/fr\/wp-json\/wp\/v2\/media?parent=365157"}],"wp:term":[{"taxonomy":"category","embeddable":true,"href":"https:\/\/www.europesays.com\/fr\/wp-json\/wp\/v2\/categories?post=365157"},{"taxonomy":"post_tag","embeddable":true,"href":"https:\/\/www.europesays.com\/fr\/wp-json\/wp\/v2\/tags?post=365157"}],"curies":[{"name":"wp","href":"https:\/\/api.w.org\/{rel}","templated":true}]}}