{"id":365163,"date":"2025-09-04T07:41:29","date_gmt":"2025-09-04T07:41:29","guid":{"rendered":"https:\/\/www.europesays.com\/fr\/365163\/"},"modified":"2025-09-04T07:41:29","modified_gmt":"2025-09-04T07:41:29","slug":"debordee-de-dons-la-ressourcerie-de-la-rade-ferme-temporairement-ses-collectes-toulon-2","status":"publish","type":"post","link":"https:\/\/www.europesays.com\/fr\/365163\/","title":{"rendered":"D\u00e9bord\u00e9e de dons, la Ressourcerie de la Rade ferme temporairement ses collectes &#8211; Toulon"},"content":{"rendered":"<p data-start=\"347\" data-end=\"664\">Comme <a href=\"https:\/\/www.facebook.com\/share\/r\/14G1hmFU16y\/\" target=\"_blank\" rel=\"nofollow noopener\">La Grande Ressourcerie de Draguignan <\/a>et bien\u00a0d\u2019autres structures de l\u2019\u00e9conomie circulaire en Provence, la Ressourcerie de la Rade, \u00e0 Toulon, a d\u00fb fermer temporairement ses collectes de dons textiles et objets. Depuis sa r\u00e9ouverture apr\u00e8s la pause estivale, <a href=\"https:\/\/www.facebook.com\/story.php?story_fbid=1285642546681974&amp;id=100057087234679&amp;_rdr\" target=\"_blank\" rel=\"nofollow noopener\">l\u2019association croule sous les arriv\u00e9es massives<\/a>, au point de saturer ses espaces de tri.<\/p>\n<p>&#13;<\/p>\n<p data-start=\"347\" data-end=\"664\">Un afflux massif apr\u00e8s l\u2019\u00e9t\u00e9<\/p>\n<p>&#13;<br \/>\n<a href=\"https:\/\/www.europesays.com\/fr\/wp-content\/uploads\/2025\/09\/11270.jpg\" data-fancybox=\"gallery\" class=\"grouped_elements\" rel=\"example_group\"><img decoding=\"async\" src=\"https:\/\/www.europesays.com\/fr\/wp-content\/uploads\/2025\/09\/11270.jpg\" class=\"include_img\" loading=\"lazy\"\/><\/a>&#13;<\/p>\n<p style=\"margin-left: 30px;\" data-start=\"701\" data-end=\"1143\">Rien que la derni\u00e8re semaine d\u2019ao\u00fbt, pr\u00e8s de <strong data-start=\"864\" data-end=\"893\">4 \u00e0 5 tonnes de v\u00eatements<\/strong> ont \u00e9t\u00e9 d\u00e9pos\u00e9s, l\u2019\u00e9quivalent de plus de <strong>10 % des apports annuels en quelques jours<\/strong> seulement.\u00a0Cette vague s\u2019explique en partie par les <strong>tris<\/strong> et <strong>d\u00e9m\u00e9nagements<\/strong> effectu\u00e9s pendant l\u2019\u00e9t\u00e9 ou par la rentr\u00e9e, moments o\u00f9 \u00e9tudiants et familles renouvellent leur \u00e9quipement.<\/p>\n<p>&#13;<br \/>\nLa mal\u00e9diction de la fast fashion&#13;<\/p>\n<p style=\"margin-left: 30px;\">Mais parmi ces dons, <strong>beaucoup ne sont pas exploitables.<\/strong> \u00ab\u00a0On subit de plein fouet les revers de la fast fashion. Les gens ach\u00e8tent trop et de mauvaise qualit\u00e9. Ils nous apportent des textiles t\u00e2ch\u00e9s, trou\u00e9s ou peluch\u00e9s encore neufs. Sans machine \u00e0 laver, impossible de mettre en rayon. On finit donc par les jeter nous-m\u00eames \u00e0 la d\u00e9chetterie, ce qui demande du temps et co\u00fbte de l&rsquo;argent\u00a0\u00bb, regrette C\u00e9cile Van Garder, la directrice de La Ressourcerie de La Rade.<\/p>\n<p>&#13;<br \/>\n<a href=\"https:\/\/www.europesays.com\/fr\/wp-content\/uploads\/2025\/09\/11271.jpg\" data-fancybox=\"gallery\" class=\"grouped_elements\" rel=\"example_group\"><img decoding=\"async\" src=\"https:\/\/www.europesays.com\/fr\/wp-content\/uploads\/2025\/09\/11271.jpg\" class=\"include_img\" loading=\"lazy\"\/><\/a>&#13;<\/p>\n<p style=\"margin-left: 30px;\" data-start=\"1180\" data-end=\"1791\">Un ph\u00e9nom\u00e8ne qui <strong>p\u00e8se lourdement sur le mod\u00e8le \u00e9conomique des ressourceries<\/strong>. Certaines structures, qui doivent r\u00e9mun\u00e9rer des salari\u00e9s pour ce tri, accusent des pertes importantes, doivent m\u00eame parfois fermer.<\/p>\n<p>&#13;<br \/>\nDes b\u00e9n\u00e9voles essentiels mais en nombre limit\u00e9&#13;<\/p>\n<p style=\"margin-left: 30px;\">\u00c0 Toulon, le tri repose surtout sur les b\u00e9n\u00e9voles. Mais \u00e0 la rentr\u00e9e, nombre d\u2019entre eux sont <strong>encore en vacances<\/strong>, ce qui a accentu\u00e9 la saturation. \u00ab\u00a0On \u00e9tait seulement quatre lundi dernier pour g\u00e9rer les montagnes de textiles. \u00c0 un moment, tout ce qu\u2019on triait partait directement \u00e0 la benne\u00a0\u00bb, confie la responsable.<\/p>\n<p>&#13;<\/p>\n<p style=\"margin-left: 30px;\" data-start=\"1846\" data-end=\"2437\">La Ressourcerie peut compter sur <strong data-start=\"2200\" data-end=\"2247\">60 b\u00e9n\u00e9voles actifs r\u00e9partis sur deux sites<\/strong>, l\u2019\u00e9quivalent de 6 \u00e0 7 emplois \u00e0 temps plein, mais les besoins sont croissants. \u00ab\u00a0Il nous faudrait au moins trois personnes au tri textile chaque jour. Nous lan\u00e7ons un appel \u00e0 renfort.\u00a0\u00bb<\/p>\n<p>&#13;<br \/>\nDes initiatives pour limiter la casse&#13;<br \/>\n<a href=\"https:\/\/www.europesays.com\/fr\/wp-content\/uploads\/2025\/09\/11272.jpg\" data-fancybox=\"gallery\" class=\"grouped_elements\" rel=\"example_group\"><img decoding=\"async\" src=\"https:\/\/www.europesays.com\/fr\/wp-content\/uploads\/2025\/09\/11272.jpg\" class=\"include_img\" loading=\"lazy\"\/><\/a>&#13;<\/p>\n<p style=\"margin-left: 30px;\" data-start=\"3222\" data-end=\"3686\">Pour \u00e9viter de jeter, la Ressourcerie a mis en place <strong>des sacs \u00ab surprise \u00bb vendus entre 1 et 2 euros<\/strong>, remplis de v\u00eatements qui ne trouvent pas preneur. Une solution adopt\u00e9e notamment par les revendeurs.<br data-start=\"3424\" data-end=\"3427\"\/> Par ailleurs, l\u2019association multiplie les partenariats : <strong>ateliers p\u00e9dagogiques avec les \u00e9coles, compostage avec Les Chercheurs en Herbe, r\u00e9paration de meubles avec l\u2019Union Diaconale du Var<\/strong>\u2026 autant d\u2019actions qui renforcent son r\u00f4le social et environnemental.<\/p>\n<p>&#13;<br \/>\nUn mod\u00e8le qui s\u00e9duit de plus en plus&#13;<br \/>\n<a href=\"https:\/\/www.europesays.com\/fr\/wp-content\/uploads\/2025\/09\/11269.jpg\" data-fancybox=\"gallery\" class=\"grouped_elements\" rel=\"example_group\"><img decoding=\"async\" src=\"https:\/\/www.europesays.com\/fr\/wp-content\/uploads\/2025\/09\/11269.jpg\" class=\"include_img\" loading=\"lazy\"\/><\/a>&#13;<\/p>\n<p style=\"margin-left: 30px;\">Malgr\u00e9 ces difficult\u00e9s, la Ressourcerie conna\u00eet une fr\u00e9quentation record. En 2024, elle a \u00e9coul\u00e9 <strong data-start=\"2579\" data-end=\"2597\">48 000 paniers<\/strong> d\u2019objets et textiles, avec un prix moyen de 5 euros. \u00ab\u00a0Les gens viennent pour faire de bonnes affaires, mais aussi parce qu\u2019avec un euro, on repart avec quelque chose d\u2019utile. C\u2019est important, notamment pour les plus pr\u00e9caires, qui gardent leur dignit\u00e9 en achetant sans demander d\u2019aide\u00a0\u00bb, souligne C\u00e9cile.<\/p>\n<p>&#13;<\/p>\n<p style=\"margin-left: 30px;\" data-start=\"2482\" data-end=\"3176\">Au fil des ans, le lieu est m\u00eame <strong>devenu un espace social. <\/strong>\u00ab\u00a0On\u00a0croise des \u00e9tudiants, des familles, des retrait\u00e9s, des personnes en difficult\u00e9\u2026 C\u2019est tr\u00e8s \u00e9clectique. La Ressourcerie, c\u2019est presque un tiers-lieu, il ne manque plus qu\u2019un caf\u00e9\u00a0\u00bb, sourit la directrice.<\/p>\n<p>&#13;<br \/>\nRendez-vous au forum des associations&#13;<\/p>\n<p style=\"margin-left: 30px;\" data-start=\"3732\" data-end=\"4093\">Apr\u00e8s une semaine de fermeture des collectes, la Ressourcerie de la Rade s\u2019organise pour rattraper son retard et esp\u00e8re une reprise fluide. En attendant, elle sera <strong data-start=\"3896\" data-end=\"3953\">pr\u00e9sente au Forum des associations ce samedi \u00e0 Toulon<\/strong>, aux c\u00f4t\u00e9s de l\u2019Union Diaconale du Var, pour pr\u00e9senter ses actions, recruter de nouveaux b\u00e9n\u00e9voles et sensibiliser le public au r\u00e9emploi.<\/p>\n<p>&#13;<\/p>\n","protected":false},"excerpt":{"rendered":"Comme La Grande Ressourcerie de Draguignan et bien\u00a0d\u2019autres structures de l\u2019\u00e9conomie circulaire en Provence, la Ressourcerie de la&hellip;\n","protected":false},"author":2,"featured_media":364358,"comment_status":"","ping_status":"","sticky":false,"template":"","format":"standard","meta":{"footnotes":""},"categories":[9619],"tags":[1111,11,1777,674,1011,27,12,882,25,2310],"class_list":{"0":"post-365163","1":"post","2":"type-post","3":"status-publish","4":"format-standard","5":"has-post-thumbnail","7":"category-toulon","8":"tag-actu","9":"tag-actualites","10":"tag-eu","11":"tag-europe","12":"tag-fr","13":"tag-france","14":"tag-news","15":"tag-provence-alpes-cote-dazur","16":"tag-republique-francaise","17":"tag-toulon"},"share_on_mastodon":{"url":"https:\/\/pubeurope.com\/@fr\/115144902930079072","error":""},"_links":{"self":[{"href":"https:\/\/www.europesays.com\/fr\/wp-json\/wp\/v2\/posts\/365163","targetHints":{"allow":["GET"]}}],"collection":[{"href":"https:\/\/www.europesays.com\/fr\/wp-json\/wp\/v2\/posts"}],"about":[{"href":"https:\/\/www.europesays.com\/fr\/wp-json\/wp\/v2\/types\/post"}],"author":[{"embeddable":true,"href":"https:\/\/www.europesays.com\/fr\/wp-json\/wp\/v2\/users\/2"}],"replies":[{"embeddable":true,"href":"https:\/\/www.europesays.com\/fr\/wp-json\/wp\/v2\/comments?post=365163"}],"version-history":[{"count":0,"href":"https:\/\/www.europesays.com\/fr\/wp-json\/wp\/v2\/posts\/365163\/revisions"}],"wp:featuredmedia":[{"embeddable":true,"href":"https:\/\/www.europesays.com\/fr\/wp-json\/wp\/v2\/media\/364358"}],"wp:attachment":[{"href":"https:\/\/www.europesays.com\/fr\/wp-json\/wp\/v2\/media?parent=365163"}],"wp:term":[{"taxonomy":"category","embeddable":true,"href":"https:\/\/www.europesays.com\/fr\/wp-json\/wp\/v2\/categories?post=365163"},{"taxonomy":"post_tag","embeddable":true,"href":"https:\/\/www.europesays.com\/fr\/wp-json\/wp\/v2\/tags?post=365163"}],"curies":[{"name":"wp","href":"https:\/\/api.w.org\/{rel}","templated":true}]}}