{"id":365169,"date":"2025-09-04T07:45:49","date_gmt":"2025-09-04T07:45:49","guid":{"rendered":"https:\/\/www.europesays.com\/fr\/365169\/"},"modified":"2025-09-04T07:45:49","modified_gmt":"2025-09-04T07:45:49","slug":"mathilde-prouvost-etudiante-sportive-de-haut-niveau","status":"publish","type":"post","link":"https:\/\/www.europesays.com\/fr\/365169\/","title":{"rendered":"Mathilde Prouvost &#8211; \u00e9tudiante sportive de haut-niveau"},"content":{"rendered":"<p>Publi\u00e9 le 03 septembre 2025<\/p>\n<p>Je m\u2019appelle Mathilde Prouvost, j\u2019ai 23 ans. Actuellement, je suis en Master ressources humaines au sein de l\u2019IAE de Rouen Normandie. Je fais ce Master en alternance. Avant cela, j\u2019ai fait la licence gestion parcours management, \u00e9galement \u00e0 l\u2019IAE. J\u2019avais commenc\u00e9 mes \u00e9tudes en pr\u00e9pa int\u00e9gr\u00e9e du c\u00f4t\u00e9 de l\u2019INSA. \u00c0 c\u00f4t\u00e9 de cela, j\u2019ai eu double projet, \u00e0 la fois universitaire et sportif, gr\u00e2ce au statut de sportive de haut niveau de l\u2019universit\u00e9 de Rouen Normandie.<\/p>\n<p>\u00a0<\/p>\n<ul>\n<li><strong>Vous \u00eates une nageuse de haut niveau, pouvez-vous nous parler de ce pan de votre vie ? <\/strong><\/li>\n<\/ul>\n<p>J\u2019ai commenc\u00e9 la natation toute petite, d\u2019abord pour apprendre \u00e0 nager et puis je n\u2019ai jamais arr\u00eat\u00e9. Je me suis rapidement sp\u00e9cialis\u00e9e en eau libre. Les disciplines sur lesquelles je pratiquais la comp\u00e9tition allaient du 5 au 25 kilom\u00e8tres. Pendant toute cette p\u00e9riode, j\u2019avais entre huit et dix entra\u00eenements par semaine, ce qui \u00e9quivaut \u00e0 une vingtaine d\u2019heures.<\/p>\n<p>\u00a0<\/p>\n<ul>\n<li><strong>Pour combiner parfaitement le sport et les \u00e9tudes, vous avez b\u00e9n\u00e9fici\u00e9 du statut de sportif de haut niveau. Pouvez-vous nous en parler ?<\/strong><\/li>\n<\/ul>\n<p>Ce statut permet de rater certains cours, de s\u2019absenter aux CM ou aux TD. Personnellement, j\u2019ai fait le choix de suivre la majorit\u00e9 de mes CM et de mes TD parce que j\u2019avais le sentiment d\u2019en avoir besoin pour pouvoir rester bien \u00e0 jour dans mes cours. Je m\u2019entrainais donc le matin \u00e0 6h30 et le soir aux alentours de 17h. Mais le statut offre des possibilit\u00e9s et de la latitude dans le suivi des cours. Il permet aussi de nous absenter pour les comp\u00e9titions et pour les stages. Et il offre aussi la possibilit\u00e9 d\u2019avoir quelqu\u2019un qui va prendre nos cours et pouvoir tout nous transcrire \u00e0 c\u00f4t\u00e9 afin de nous aider \u00e0 rattraper.<\/p>\n<p><img fetchpriority=\"high\" decoding=\"async\" class=\"aligncenter wp-image-27769\" src=\"https:\/\/www.europesays.com\/fr\/wp-content\/uploads\/2025\/09\/image0-684x1024.jpeg\" alt=\"\" width=\"334\" height=\"500\"  \/><\/p>\n<p>J\u2019ai fait le choix d\u2019assister au plus de cours possible parce que le cursus que je suis \u00e0 l\u2019IAE, ce n\u2019est pas forc\u00e9ment un apprentissage o\u00f9 on va avoir besoin d\u2019\u00e9crire. J\u2019avais besoin d\u2019assister pour \u00e9couter les enseignants parler et travailler sur des projets de groupe. Donc, dans la mesure du possible, j\u2019ai fait le choix de faire toute ma journ\u00e9e de cours et de m\u2019entra\u00eener le matin et le soir<\/p>\n<p>Cela demande une sacr\u00e9e organisation parce qu\u2019il y a entra\u00eenement tout au long de la semaine et le week-end, on est souvent en comp\u00e9tition. C\u2019est parfois un peu plus compliqu\u00e9 de concilier tout cela, notamment quand on a des projets de groupe \u00e0 g\u00e9rer. Or, \u00e0 l\u2019IAE, il y a quand m\u00eame souvent des projets qui se passent en groupe. Mais j\u2019ai eu de la chance parce qu\u2019\u00e0 chaque fois, mes camarades \u00e9taient assez conciliants. Nous avons toujours r\u00e9ussi \u00e0 nous caler sur mes contraintes et, globalement, \u00e0 travailler efficacement. Nous profitions des trous dans la journ\u00e9e pour travailler plut\u00f4t que d\u2019attendre la fin de celle-ci pour nous retrouver apr\u00e8s les cours car j\u2019\u00e9tais en entra\u00eenement \u00e0 ce moment-l\u00e0.<\/p>\n<p>\u00a0<\/p>\n<ul>\n<li><strong>Comment avez-vous d\u00e9couvert l\u2019existence de ce statut de sportif de haut niveau ? <\/strong><\/li>\n<\/ul>\n<p>Comme je le disais, j\u2019ai commenc\u00e9 mes \u00e9tudes par une pr\u00e9pa int\u00e9gr\u00e9e en \u00e9cole d\u2019ing\u00e9nieur, \u00e0 l\u2019INSA Rouen Normandie. L\u00e0-bas, j\u2019avais aussi un statut de sportive de haut-niveau. Quand j\u2019ai d\u00e9cid\u00e9 de venir \u00e0 l\u2019URN, mon entra\u00eeneur de l\u2019\u00e9poque m\u2019a parl\u00e9 de ce statut. Il m\u2019a conseill\u00e9 de regarder et de me renseigner. Il connaissait son existence car d\u2019autres nageuses du groupe en b\u00e9n\u00e9ficiaient.<\/p>\n<p>\u00a0<\/p>\n<ul>\n<li><strong>Avez-vous pris part \u00e0 des comp\u00e9titions universitaires\u00a0? <\/strong><\/li>\n<\/ul>\n<p>J\u2019ai fait le championnat de France universitaire. Mais je n\u2019ai pu y participer fait qu\u2019une seule fois parce que malheureusement, \u00e0 chaque fois, cela tombait pendant des stages. Mais quand j\u2019y ai particip\u00e9, j\u2019ai \u00e9videmment fait tout le parcours qualificatif en amont. Par contre le championnat de France universitaire n\u2019est qu\u2019en bassin, il n\u2019y a pas d\u2019eau libre, ce qui est ma sp\u00e9cialit\u00e9.<\/p>\n<p><img loading=\"lazy\" decoding=\"async\" class=\"aligncenter wp-image-27768 lazyload\" src=\"https:\/\/www.europesays.com\/fr\/wp-content\/uploads\/2025\/09\/image2-684x1024.jpeg\" alt=\"\" width=\"334\" height=\"500\"  data- style=\"--smush-placeholder-width: 334px; --smush-placeholder-aspect-ratio: 334\/500;\"\/><\/p>\n<p>\u00a0<\/p>\n<ul>\n<li><strong>Et d\u00e9sormais, qu\u2019envisagez-vous pour le futur\u00a0? <\/strong><\/li>\n<\/ul>\n<p>J\u2019aimerais garder la pratique du sport et de la natation \u00e9videmment. Mais pas du tout sur un plan professionnel. Mon objectif est de travailler dans les ressources humaines et tout ce qui se rapporte \u00e0 la QVCT, la qualit\u00e9 de vie et des conditions de travail. Et par chance, j\u2019ai ces missions l\u00e0 dans la structure dans laquelle je vais faire mon alternance.<\/p>\n","protected":false},"excerpt":{"rendered":"Publi\u00e9 le 03 septembre 2025 Je m\u2019appelle Mathilde Prouvost, j\u2019ai 23 ans. Actuellement, je suis en Master ressources&hellip;\n","protected":false},"author":2,"featured_media":365170,"comment_status":"","ping_status":"","sticky":false,"template":"","format":"standard","meta":{"footnotes":""},"categories":[9587],"tags":[1111,11,1777,674,1011,27,12,5161,25,9590],"class_list":{"0":"post-365169","1":"post","2":"type-post","3":"status-publish","4":"format-standard","5":"has-post-thumbnail","7":"category-rouen","8":"tag-actu","9":"tag-actualites","10":"tag-eu","11":"tag-europe","12":"tag-fr","13":"tag-france","14":"tag-news","15":"tag-normandie","16":"tag-republique-francaise","17":"tag-rouen"},"share_on_mastodon":{"url":"https:\/\/pubeurope.com\/@fr\/115144922489106707","error":""},"_links":{"self":[{"href":"https:\/\/www.europesays.com\/fr\/wp-json\/wp\/v2\/posts\/365169","targetHints":{"allow":["GET"]}}],"collection":[{"href":"https:\/\/www.europesays.com\/fr\/wp-json\/wp\/v2\/posts"}],"about":[{"href":"https:\/\/www.europesays.com\/fr\/wp-json\/wp\/v2\/types\/post"}],"author":[{"embeddable":true,"href":"https:\/\/www.europesays.com\/fr\/wp-json\/wp\/v2\/users\/2"}],"replies":[{"embeddable":true,"href":"https:\/\/www.europesays.com\/fr\/wp-json\/wp\/v2\/comments?post=365169"}],"version-history":[{"count":0,"href":"https:\/\/www.europesays.com\/fr\/wp-json\/wp\/v2\/posts\/365169\/revisions"}],"wp:featuredmedia":[{"embeddable":true,"href":"https:\/\/www.europesays.com\/fr\/wp-json\/wp\/v2\/media\/365170"}],"wp:attachment":[{"href":"https:\/\/www.europesays.com\/fr\/wp-json\/wp\/v2\/media?parent=365169"}],"wp:term":[{"taxonomy":"category","embeddable":true,"href":"https:\/\/www.europesays.com\/fr\/wp-json\/wp\/v2\/categories?post=365169"},{"taxonomy":"post_tag","embeddable":true,"href":"https:\/\/www.europesays.com\/fr\/wp-json\/wp\/v2\/tags?post=365169"}],"curies":[{"name":"wp","href":"https:\/\/api.w.org\/{rel}","templated":true}]}}