{"id":365171,"date":"2025-09-04T07:46:49","date_gmt":"2025-09-04T07:46:49","guid":{"rendered":"https:\/\/www.europesays.com\/fr\/365171\/"},"modified":"2025-09-04T07:46:49","modified_gmt":"2025-09-04T07:46:49","slug":"solitaire-du-figaro-paprec-tiphaine-ragueneau-orcom-entre-apprehension-et-excitation","status":"publish","type":"post","link":"https:\/\/www.europesays.com\/fr\/365171\/","title":{"rendered":"Solitaire du Figaro Paprec : Tiphaine Ragueneau (ORCOM) entre appr\u00e9hension et excitation"},"content":{"rendered":"<p>Courses au large et nautisme &#8211; \u00c0 32 ans, la navigatrice bretonne Tiphaine Ragueneau s\u2019appr\u00eate \u00e0 vivre sa premi\u00e8re Solitaire du Figaro. Engag\u00e9e sous les couleurs d\u2019ORCOM, elle figure parmi les treize \u00ab Bizuths \u00bb de cette 56\u1d49 \u00e9dition, dont le d\u00e9part sera donn\u00e9 dimanche entre Rouen et la baie de Morlaix.\n    <\/p>\n<p data-end=\"208\" data-start=\"116\" style=\"text-align: justify;\">La Solitaire du Figaro reste une \u00e9preuve incontournable de la course au large, et Tiphaine Ragueneau en sera cette ann\u00e9e l\u2019une des r\u00e9v\u00e9lations attendues. Ancienne v\u00e9t\u00e9rinaire, elle a choisi il y a peu de consacrer sa vie \u00e0 la voile. Dix ans apr\u00e8s ses d\u00e9buts tardifs sur un voilier, elle aborde d\u00e9sormais une comp\u00e9tition de r\u00e9f\u00e9rence, longue de 1850 milles nautiques entre Rouen, Vigo et Saint-Vaast-La-Hougue.<\/p>\n<p data-end=\"1501\" data-start=\"902\" style=\"text-align: justify;\">La navigatrice a b\u00e2ti son parcours avec pers\u00e9v\u00e9rance. Apr\u00e8s des ann\u00e9es en match racing et en r\u00e9gates inshore, elle s\u2019installe en Bretagne en 2018 et se lance dans les courses au large. Sa victoire avec Pamela Lee au programme \u00ab Cap pour Elles \u00bb lui ouvre la Transat Jacques Vabre 2023 en Class40. S\u00e9lectionn\u00e9e ensuite par le <strong data-end=\"1256\" data-start=\"1227\">Team UpWind by MerConcept<\/strong>, elle int\u00e8gre un \u00e9quipage 100 % f\u00e9minin sur le circuit Ocean Fifty. L\u2019hiver dernier, elle a poursuivi sa pr\u00e9paration au P\u00f4le France de Port-la-For\u00eat, multipliant les heures d\u2019entra\u00eenement avant d\u2019entamer sa premi\u00e8re saison compl\u00e8te en Figaro.<\/p>\n<p data-end=\"1892\" data-start=\"1503\" style=\"text-align: justify;\">\u00c0 la veille du d\u00e9part, la skipper d\u2019ORCOM oscille entre nervosit\u00e9 et enthousiasme. Elle confie aborder l\u2019\u00e9preuve sans ambitions d\u00e9mesur\u00e9es mais avec le d\u00e9sir de naviguer \u00ab de mani\u00e8re pos\u00e9e et sereine \u00bb. L\u2019objectif premier reste l\u2019apprentissage : d\u00e9couvrir la navigation en solitaire sur plusieurs jours, g\u00e9rer le sommeil, l\u2019alimentation et les choix tactiques face \u00e0 une flotte aguerrie.<\/p>\n<p data-end=\"2237\" data-start=\"1894\" style=\"text-align: justify;\">Si le classement Bizuth attire logiquement son attention, Tiphaine insiste sur l\u2019importance de vivre pleinement l\u2019exp\u00e9rience et de capitaliser sur ce premier grand rendez-vous. Une fa\u00e7on de poser les bases d\u2019une carri\u00e8re qui, en quelques ann\u00e9es, l\u2019a d\u00e9j\u00e0 men\u00e9e des v\u00ealages en clinique v\u00e9t\u00e9rinaire aux d\u00e9parts mythiques de la course au large.<\/p>\n","protected":false},"excerpt":{"rendered":"Courses au large et nautisme &#8211; \u00c0 32 ans, la navigatrice bretonne Tiphaine Ragueneau s\u2019appr\u00eate \u00e0 vivre sa&hellip;\n","protected":false},"author":2,"featured_media":365172,"comment_status":"","ping_status":"","sticky":false,"template":"","format":"standard","meta":{"footnotes":""},"categories":[9587],"tags":[1111,11,1777,674,1011,27,12,5161,25,9590],"class_list":{"0":"post-365171","1":"post","2":"type-post","3":"status-publish","4":"format-standard","5":"has-post-thumbnail","7":"category-rouen","8":"tag-actu","9":"tag-actualites","10":"tag-eu","11":"tag-europe","12":"tag-fr","13":"tag-france","14":"tag-news","15":"tag-normandie","16":"tag-republique-francaise","17":"tag-rouen"},"share_on_mastodon":{"url":"https:\/\/pubeurope.com\/@fr\/115144926366404703","error":""},"_links":{"self":[{"href":"https:\/\/www.europesays.com\/fr\/wp-json\/wp\/v2\/posts\/365171","targetHints":{"allow":["GET"]}}],"collection":[{"href":"https:\/\/www.europesays.com\/fr\/wp-json\/wp\/v2\/posts"}],"about":[{"href":"https:\/\/www.europesays.com\/fr\/wp-json\/wp\/v2\/types\/post"}],"author":[{"embeddable":true,"href":"https:\/\/www.europesays.com\/fr\/wp-json\/wp\/v2\/users\/2"}],"replies":[{"embeddable":true,"href":"https:\/\/www.europesays.com\/fr\/wp-json\/wp\/v2\/comments?post=365171"}],"version-history":[{"count":0,"href":"https:\/\/www.europesays.com\/fr\/wp-json\/wp\/v2\/posts\/365171\/revisions"}],"wp:featuredmedia":[{"embeddable":true,"href":"https:\/\/www.europesays.com\/fr\/wp-json\/wp\/v2\/media\/365172"}],"wp:attachment":[{"href":"https:\/\/www.europesays.com\/fr\/wp-json\/wp\/v2\/media?parent=365171"}],"wp:term":[{"taxonomy":"category","embeddable":true,"href":"https:\/\/www.europesays.com\/fr\/wp-json\/wp\/v2\/categories?post=365171"},{"taxonomy":"post_tag","embeddable":true,"href":"https:\/\/www.europesays.com\/fr\/wp-json\/wp\/v2\/tags?post=365171"}],"curies":[{"name":"wp","href":"https:\/\/api.w.org\/{rel}","templated":true}]}}