{"id":365173,"date":"2025-09-04T07:48:11","date_gmt":"2025-09-04T07:48:11","guid":{"rendered":"https:\/\/www.europesays.com\/fr\/365173\/"},"modified":"2025-09-04T07:48:11","modified_gmt":"2025-09-04T07:48:11","slug":"603-000-eleves-de-retour-en-cours-dans-lacademie-de-grenoble","status":"publish","type":"post","link":"https:\/\/www.europesays.com\/fr\/365173\/","title":{"rendered":"603 000 \u00e9l\u00e8ves de retour en cours dans l&rsquo;acad\u00e9mie de Grenoble"},"content":{"rendered":"<p>\u00c0 l\u2019\u00c9ducation nationale, la rentr\u00e9e 2025 est plac\u00e9e sous le signe des sciences, tandis que les t\u00e9l\u00e9phones n\u2019ont plus leur place au coll\u00e8ge.<\/p>\n<p>Ce lundi 1er\u00a0septembre, les \u00e9coles fourmillent apr\u00e8s deux mois de calme. Au groupe scolaire Saint-Laurent, \u00e0 Grenoble, des \u00e9l\u00e8ves de la petite section au CM2 rentrent de vacances. Patrice Gros, inspecteur d\u2019acad\u00e9mie et directeur acad\u00e9mique des services de l\u2019\u00c9ducation Nationale de l\u2019Is\u00e8re, est pr\u00e9sent pour cette rentr\u00e9e, aux c\u00f4t\u00e9s d\u2019\u00c9ric Piolle, maire de Grenoble. \u00c9galement sur place, Catherine S\u00e9guin, pr\u00e9f\u00e8te de l\u2019Is\u00e8re, est accompagn\u00e9e par Christian Goyheneix, directeur adjoint interd\u00e9partemental de la police nationale. \u00ab\u00a0C\u2019est un rappel de notre implication permanente \u00e0 assurer la s\u00e9curit\u00e9 des \u00e9tablissements\u00a0\u00bb, souligne-t-elle. L\u2019acad\u00e9mie de Grenoble compte 603\u00a0000\u00a0\u00e9l\u00e8ves cette ann\u00e9e, dont 317\u00a0000 du 1er degr\u00e9. Cela repr\u00e9sente 5,1\u00a0% des \u00e9coliers en France.<\/p>\n<p>\u00c9galit\u00e9 et sciences dures<\/p>\n<p>La volont\u00e9 politique de renforcer l\u2019industrie se traduit dans l\u2019enseignement par le plan Filles et maths, visant \u00e0 r\u00e9pondre au besoin d\u2019ing\u00e9nieurs et de techniciens. Contre le d\u00e9terminisme dans l\u2019orientation, ce plan inclut une sensibilisation des personnels dans les \u00e9coles, pour une p\u00e9dagogie \u00e9galitaire et un objectif de parit\u00e9 dans la sp\u00e9cialit\u00e9 math\u00e9matiques d\u2019ici 2030, dans les lyc\u00e9es g\u00e9n\u00e9raux. Pour les \u00e9l\u00e8ves de 4e\u00a0et de 3e, des classes \u00e0 horaires am\u00e9nag\u00e9s en math\u00e9matiques et en sciences (Chams) ouvrent cette rentr\u00e9e. Cela concerne 61 coll\u00e8ges pilotes, dont 29\u00a0dans l\u2019acad\u00e9mie de Grenoble, qui a souhait\u00e9 une pr\u00e9figuration \u00e0 grande \u00e9chelle.<\/p>\n<p>Bient\u00f4t sans portable<\/p>\n<p>Les coll\u00e9giens toujours, font leur derni\u00e8re rentr\u00e9e avec un t\u00e9l\u00e9phone en poche. La ministre de l\u2019\u00c9ducation nationale \u00c9lisabeth Borne annon\u00e7ait en avril dernier vouloir en finir avec l\u2019usage de ces appareils dans les \u00e9tablissements, gr\u00e2ce au dispositif Portable en pause. L\u2019id\u00e9e est de fournir aux \u00e9l\u00e8ves un espace, type casier ou pochette, dans lequel ils d\u00e9posent leurs smartphones en d\u00e9but de journ\u00e9e et le r\u00e9cup\u00e8rent le soir. En Ard\u00e8che, o\u00f9 plusieurs coll\u00e8ges se sont livr\u00e9s \u00e0 l\u2019exp\u00e9rimentation, la mesure est d\u00e9j\u00e0 en place. La m\u00e9thode doit se g\u00e9n\u00e9raliser avant la fin de l\u2019ann\u00e9e civile dans l\u2019ensemble des coll\u00e8ges du territoire fran\u00e7ais, mais le manque de moyens mat\u00e9riels, pour le stockage des appareils, ralentit l\u2019introduction du dispositif. De son c\u00f4t\u00e9, l\u2019acad\u00e9mie de Grenoble d\u00e9sire que cela s\u2019accompagne d\u2019\u00e9ducation<br \/>aux m\u00e9dias.<\/p>\n","protected":false},"excerpt":{"rendered":"\u00c0 l\u2019\u00c9ducation nationale, la rentr\u00e9e 2025 est plac\u00e9e sous le signe des sciences, tandis que les t\u00e9l\u00e9phones n\u2019ont&hellip;\n","protected":false},"author":2,"featured_media":365174,"comment_status":"","ping_status":"","sticky":false,"template":"","format":"standard","meta":{"footnotes":""},"categories":[9566],"tags":[1111,11,2430,1777,674,1011,27,2731,12,25],"class_list":{"0":"post-365173","1":"post","2":"type-post","3":"status-publish","4":"format-standard","5":"has-post-thumbnail","7":"category-grenoble","8":"tag-actu","9":"tag-actualites","10":"tag-auvergne-rhone-alpes","11":"tag-eu","12":"tag-europe","13":"tag-fr","14":"tag-france","15":"tag-grenoble","16":"tag-news","17":"tag-republique-francaise"},"share_on_mastodon":{"url":"https:\/\/pubeurope.com\/@fr\/115144930420503589","error":""},"_links":{"self":[{"href":"https:\/\/www.europesays.com\/fr\/wp-json\/wp\/v2\/posts\/365173","targetHints":{"allow":["GET"]}}],"collection":[{"href":"https:\/\/www.europesays.com\/fr\/wp-json\/wp\/v2\/posts"}],"about":[{"href":"https:\/\/www.europesays.com\/fr\/wp-json\/wp\/v2\/types\/post"}],"author":[{"embeddable":true,"href":"https:\/\/www.europesays.com\/fr\/wp-json\/wp\/v2\/users\/2"}],"replies":[{"embeddable":true,"href":"https:\/\/www.europesays.com\/fr\/wp-json\/wp\/v2\/comments?post=365173"}],"version-history":[{"count":0,"href":"https:\/\/www.europesays.com\/fr\/wp-json\/wp\/v2\/posts\/365173\/revisions"}],"wp:featuredmedia":[{"embeddable":true,"href":"https:\/\/www.europesays.com\/fr\/wp-json\/wp\/v2\/media\/365174"}],"wp:attachment":[{"href":"https:\/\/www.europesays.com\/fr\/wp-json\/wp\/v2\/media?parent=365173"}],"wp:term":[{"taxonomy":"category","embeddable":true,"href":"https:\/\/www.europesays.com\/fr\/wp-json\/wp\/v2\/categories?post=365173"},{"taxonomy":"post_tag","embeddable":true,"href":"https:\/\/www.europesays.com\/fr\/wp-json\/wp\/v2\/tags?post=365173"}],"curies":[{"name":"wp","href":"https:\/\/api.w.org\/{rel}","templated":true}]}}