{"id":365175,"date":"2025-09-04T07:49:16","date_gmt":"2025-09-04T07:49:16","guid":{"rendered":"https:\/\/www.europesays.com\/fr\/365175\/"},"modified":"2025-09-04T07:49:16","modified_gmt":"2025-09-04T07:49:16","slug":"maxence-alloto-et-anouche-agobian-quittent-place-publique","status":"publish","type":"post","link":"https:\/\/www.europesays.com\/fr\/365175\/","title":{"rendered":"Maxence Alloto et Anouche Agobian quittent Place publique"},"content":{"rendered":"<p>La fin d\u2019un \u00e9pi\u00adsode\u2026 en atten\u00addant le pro\u00adchain\u00a0? Les \u00e9lus d\u2019op\u00adpo\u00adsi\u00adtion gre\u00adno\u00adblois Maxence Alloto et Anouche Agobian annoncent se reti\u00adrer du parti <a href=\"https:\/\/place-publique.eu\/\" target=\"_blank\" rel=\"noopener nofollow\">Place publique<\/a>, dans un com\u00admu\u00adni\u00adqu\u00e9 dat\u00e9 du 3 sep\u00adtembre 2025. \u00ab\u00a0Nous ne nous recon\u00adnais\u00adsons plus dans les valeurs por\u00adt\u00e9es loca\u00adle\u00adment, notam\u00adment par des r\u00e9f\u00e9\u00adrents actuels, valeurs de clien\u00adt\u00e9\u00adlisme et d\u2019auto cen\u00adtrage en total inad\u00e9\u00adqua\u00adtion avec l\u2019essence m\u00eame de ce parti\u00a0\u00bb, d\u00e9clarent-ils sans ambages.<\/p>\n<p><a href=\"https:\/\/www.europesays.com\/fr\/wp-content\/uploads\/2025\/09\/Place-Publique-europeennes-2-scaled.jpg\" target=\"_blank\" rel=\"noopener\"><img fetchpriority=\"high\" decoding=\"async\" aria-describedby=\"caption-attachment-623524\" class=\"wp-image-623524 size-full\" src=\"data:image\/svg+xml,%3Csvg%20xmlns=\" http:=\"\" alt=\"Quand Maxence Alloto (\u00e0 gauche) menait la campagne de Place publique lors des europ\u00e9ennes de 2024, aux c\u00f4t\u00e9s de Charles Priou et Eric Roets. \u00a9 Manuel Pavard - Place Gre'net\" width=\"2048\" height=\"1542\" data-lazy- data-lazy- data-lazy-src=\"https:\/\/www.europesays.com\/fr\/wp-content\/uploads\/2025\/09\/Place-Publique-europeennes-2-scaled.jpg\"\/><\/a><\/p>\n<p id=\"caption-attachment-623524\" class=\"wp-caption-text\">Quand Maxence Alloto (\u00e0 gauche) menait la cam\u00adpagne de Place publique lors des euro\u00adp\u00e9ennes de 2024, aux c\u00f4t\u00e9s de Charles Priou et Eric Roets. \u00a9 Manuel Pavard \u2013 Place Gre\u2019net<\/p>\n<p>Aux yeux des deux \u00e9lus, la gou\u00adver\u00adnance de Place publique a d\u00e9voy\u00e9 l\u2019es\u00adprit ini\u00adtial du mou\u00adve\u00adment. \u00ab\u00a0Nous sommes des sociaux d\u00e9mo\u00adcrates \u00e9co\u00adlo\u00adgistes [et] nous croyons en l\u2019unit\u00e9 de la gauche dans sa diver\u00adsit\u00e9 et avec un souci d\u2019apaisement du dia\u00adlogue public. [\u2026] Place publique c\u2019\u00e9tait ce trait d\u2019union de la gauche entre les socia\u00adlistes et les \u00e9co\u00adlo\u00adgistes\u00a0\u00bb, jugent-ils. Avant d\u2019ac\u00adcu\u00adser le parti de \u00ab\u00a0faire du Macron nou\u00advelle ver\u00adsion\u00a0\u00bb, en int\u00e9\u00adgrant des per\u00adson\u00adna\u00adli\u00adt\u00e9s poli\u00adtiques comme Aur\u00e9lien Rousseau ou Sacha Houli\u00e9.<\/p>\n<p>Maxence Alloto <a href=\"https:\/\/www.placegrenet.fr\/2025\/05\/21\/le-groupe-municipal-grenoblois-place-publique-se-divise-apres-la-suspension-de-maxence-alloto-du-mouvement\/652845\" target=\"_blank\" rel=\"noopener nofollow\">avait \u00e9t\u00e9 sus\u00adpendu<\/a> du parti de Rapha\u00ebl Glucksmann au mois de mai, tan\u00addis que le groupe d\u2019op\u00adpo\u00adsi\u00adtion Place publique du conseil muni\u00adci\u00adpal de Grenoble volait en \u00e9clat, abou\u00adtis\u00adsant \u00e0 la coexis\u00adtence (dou\u00adlou\u00adreuse) de deux groupes\u00a0: Place publique (com\u00adpos\u00e9 de Romain Gentil et Barbara Schuman) et Place publique social-d\u00e9mo\u00adcrate (com\u00adpos\u00e9 de Maxence Alloto et Anouche Agobian). Une divi\u00adsion sur laquelle le maire de Grenoble n\u2019a\u00advait pas man\u00adqu\u00e9 d\u2019i\u00adro\u00adni\u00adser lors du conseil muni\u00adci\u00adpal de juin\u00a02025.<\/p>\n<p>\u00ab\u00a0Maxence Alloto a \u00e9t\u00e9 sus\u00adpendu une semaine avant le scru\u00adtin interne d\u00e9par\u00adte\u00admen\u00adtal, uni\u00adque\u00adment pour ver\u00adrouiller et faire taire cette voix qui sou\u00adhai\u00adtait le ras\u00adsem\u00adble\u00adment\u00a0\u00bb, d\u00e9nonce aujourd\u2019\u00adhui le com\u00admu\u00adni\u00adqu\u00e9. Qui note que la com\u00admis\u00adsion des conflits n\u2019a tou\u00adjours pas re\u00e7u l\u2019\u00e9lu et pointe \u00ab\u00a0une dr\u00f4le de fa\u00e7on de fonc\u00adtion\u00adner pour un mou\u00adve\u00adment qui porte la d\u00e9mo\u00adcra\u00adtie si for\u00adte\u00adment de ne pou\u00advoir accep\u00adter un d\u00e9bat contra\u00addic\u00adtoire\u00a0\u00bb. Ce non sans \u00e9vo\u00adquer \u00ab\u00a0une grave erreur et une d\u00e9cep\u00adtion encore pr\u00e9\u00adgnante\u00a0\u00bb.<\/p>\n<p><a href=\"https:\/\/www.europesays.com\/fr\/wp-content\/uploads\/2025\/09\/ferrari-face-camera-2-scaled.jpg\" target=\"_blank\" rel=\"noopener\"><img loading=\"lazy\" decoding=\"async\" aria-describedby=\"caption-attachment-643308\" class=\"wp-image-643308 size-full\" src=\"data:image\/svg+xml,%3Csvg%20xmlns=\" http:=\"\" alt=\"Les deux \u00e9lus grenoblois d\u00e9noncent l'adh\u00e9sion de Christophe Ferrari, pr\u00e9sident de la M\u00e9tropole de Grenoble, \u00e0 Place publique. \u00a9 Jo\u00ebl Kermabon - Place Gre'net\" width=\"2048\" height=\"1152\" data-lazy- data-lazy- data-lazy-src=\"https:\/\/www.europesays.com\/fr\/wp-content\/uploads\/2025\/09\/ferrari-face-camera-2-scaled.jpg\"\/><\/a><\/p>\n<p id=\"caption-attachment-643308\" class=\"wp-caption-text\">Les deux \u00e9lus gre\u00adno\u00adblois d\u00e9noncent l\u2019adh\u00e9\u00adsion de Christophe Ferrari, pr\u00e9\u00adsident de la M\u00e9tropole de Grenoble, \u00e0 Place publique. \u00a9 Jo\u00ebl Kermabon \u2013 Place Gre\u2019net<\/p>\n<p>Au niveau local, l<a href=\"https:\/\/www.placegrenet.fr\/2025\/04\/16\/christophe-ferrari-president-de-la-metropole-de-grenoble-et-maire-de-pont-de-claix-rejoint-le-mouvement-place-publique\/650872\" target=\"_blank\" rel=\"noopener nofollow\">\u2019adh\u00e9\u00adsion du pr\u00e9\u00adsident de la M\u00e9tropole Christophe Ferrari<\/a> \u00e0 Place publique est, pour sa part, per\u00ad\u00e7ue comme une ten\u00adta\u00adtive de \u00ab\u00a0peser sur les futures \u00e9lec\u00adtions \u00e0 Grenoble\u00a0\u00bb. \u00ab\u00a0Nous vou\u00adlions un groupe ouvert qui ras\u00adsemble au ser\u00advice des habi\u00adtants et qui n\u2019est pas au ser\u00advice d\u2019un homme pour ten\u00adter de se main\u00adte\u00adnir dans la vie poli\u00adtique depuis plus de 25 ans\u00a0\u00bb, attaquent-ils. Et de d\u00e9non\u00adcer au pas\u00adsage \u00ab\u00a0la pro\u00adfes\u00adsion\u00adna\u00adli\u00adsa\u00adtion de la vie poli\u00adtique avec des gens qui sont d\u00e9pen\u00addants d\u2019un man\u00addat \u00e9lec\u00adto\u00adral\u00a0\u00bb.<\/p>\n<p>\u00ab\u00a0Nous for\u00admu\u00adlons l\u2019espoir que la pro\u00adchaine \u00e9ch\u00e9ance \u00e9lec\u00adto\u00adrale soit le ren\u00addez-vous de l\u2019honn\u00eatet\u00e9, de l\u2019\u00e9thique et que tous les amou\u00adreux de Grenoble por\u00adtant des valeurs huma\u00adnistes, \u00e9co\u00adlo\u00adgiques et de gauche puissent se retrou\u00adver en dis\u00adcu\u00adtant intel\u00adli\u00adgem\u00adment sur un pro\u00adjet\u00a0\u00bb, expliquent encore Maxence Alloto et Anouche Agobian. Ce sans don\u00adner de d\u00e9tails sur leur propre enga\u00adge\u00adment poli\u00adtique \u00e0 venir, mais en assu\u00adrant \u00ab\u00a0veiller en cette fin de man\u00addat de d\u00e9fendre sur ces aspects les int\u00e9\u00adr\u00eats des m\u00e9tro\u00adpo\u00adli\u00adtains\u00a0\u00bb.<\/p>\n","protected":false},"excerpt":{"rendered":"La fin d\u2019un \u00e9pi\u00adsode\u2026 en atten\u00addant le pro\u00adchain\u00a0? Les \u00e9lus d\u2019op\u00adpo\u00adsi\u00adtion gre\u00adno\u00adblois Maxence Alloto et Anouche Agobian annoncent&hellip;\n","protected":false},"author":2,"featured_media":365176,"comment_status":"","ping_status":"","sticky":false,"template":"","format":"standard","meta":{"footnotes":""},"categories":[9566],"tags":[1111,11,2430,1777,674,1011,27,2731,12,25],"class_list":{"0":"post-365175","1":"post","2":"type-post","3":"status-publish","4":"format-standard","5":"has-post-thumbnail","7":"category-grenoble","8":"tag-actu","9":"tag-actualites","10":"tag-auvergne-rhone-alpes","11":"tag-eu","12":"tag-europe","13":"tag-fr","14":"tag-france","15":"tag-grenoble","16":"tag-news","17":"tag-republique-francaise"},"share_on_mastodon":{"url":"https:\/\/pubeurope.com\/@fr\/115144934252033224","error":""},"_links":{"self":[{"href":"https:\/\/www.europesays.com\/fr\/wp-json\/wp\/v2\/posts\/365175","targetHints":{"allow":["GET"]}}],"collection":[{"href":"https:\/\/www.europesays.com\/fr\/wp-json\/wp\/v2\/posts"}],"about":[{"href":"https:\/\/www.europesays.com\/fr\/wp-json\/wp\/v2\/types\/post"}],"author":[{"embeddable":true,"href":"https:\/\/www.europesays.com\/fr\/wp-json\/wp\/v2\/users\/2"}],"replies":[{"embeddable":true,"href":"https:\/\/www.europesays.com\/fr\/wp-json\/wp\/v2\/comments?post=365175"}],"version-history":[{"count":0,"href":"https:\/\/www.europesays.com\/fr\/wp-json\/wp\/v2\/posts\/365175\/revisions"}],"wp:featuredmedia":[{"embeddable":true,"href":"https:\/\/www.europesays.com\/fr\/wp-json\/wp\/v2\/media\/365176"}],"wp:attachment":[{"href":"https:\/\/www.europesays.com\/fr\/wp-json\/wp\/v2\/media?parent=365175"}],"wp:term":[{"taxonomy":"category","embeddable":true,"href":"https:\/\/www.europesays.com\/fr\/wp-json\/wp\/v2\/categories?post=365175"},{"taxonomy":"post_tag","embeddable":true,"href":"https:\/\/www.europesays.com\/fr\/wp-json\/wp\/v2\/tags?post=365175"}],"curies":[{"name":"wp","href":"https:\/\/api.w.org\/{rel}","templated":true}]}}