{"id":365177,"date":"2025-09-04T07:50:40","date_gmt":"2025-09-04T07:50:40","guid":{"rendered":"https:\/\/www.europesays.com\/fr\/365177\/"},"modified":"2025-09-04T07:50:40","modified_gmt":"2025-09-04T07:50:40","slug":"ivre-au-volant-elle-avait-cause-la-mort-dyllann","status":"publish","type":"post","link":"https:\/\/www.europesays.com\/fr\/365177\/","title":{"rendered":"Ivre au volant, elle avait caus\u00e9 la mort d&rsquo;Yllann"},"content":{"rendered":"<p style=\"text-align: justify;\">Un avocat au bord des larmes, des brassards noirs, des regards rougis, des tee-shirts blancs avec le visage souriant d\u2019un gar\u00e7on de 18 ans. Ce mardi 2 septembre, la salle du tribunal correctionnel de Rennes est pleine \u00e0 craquer. Devant la pr\u00e9sidente Caroline Gosset, une jeune m\u00e8re de famille, cheveux noirs et lunettes sombres, compara\u00eet pour homicide et blessures involontaires, commis sous l\u2019empire d\u2019un \u00e9tat alcoolique.<\/p>\n<p><img fetchpriority=\"high\" decoding=\"async\" class=\"alignnone size-medium wp-image-104787\" src=\"https:\/\/www.europesays.com\/fr\/wp-content\/uploads\/2025\/09\/une-2-600x357.jpg\" alt=\"\" width=\"600\" height=\"357\" data-wp-pid=\"104787\"  \/><\/p>\n<p style=\"text-align: justify;\">Le drame s\u2019est nou\u00e9 dans la nuit du 20 octobre 2024. Apr\u00e8s une soir\u00e9e \u00e0 la discoth\u00e8que Le Tremplin, elle prend le volant d\u2019une Peugeot 3008. Elle file sur la route d\u00e9partementale avec \u00e0 son bord quatre passagers. Rien ne l\u2019arr\u00eate, m\u00eame les supplications, les pleurs des occupants. \u00ab\u2009Je m\u2019en fous, je n\u2019ai rien \u00e0 perdre\u2009\u00bb, r\u00e9p\u00e8te-t-elle. Dans un virage \u00e0 Saint-Onen-la-Chapelle, elle perd finalement le contr\u00f4le. Cent m\u00e8tres plus loin, Yllann meurt sur la chauss\u00e9e. Dans le sang de la conductrice : 1,17 g d\u2019alcool\u2009!<\/p>\n<blockquote>\n<p style=\"text-align: justify;\">C\u2019est toujours tr\u00e8s difficile, parce que nous, les avocats, on est cens\u00e9s porter la parole des familles. Il ne faut pas croire que rev\u00eatir la robe prot\u00e8ge de toutes les \u00e9motions.\u2009\u00bb Olivier Pacheu.<\/p>\n<\/blockquote>\n<p style=\"text-align: justify;\">\u00c0 l\u2019audience, la jeune femme parle peu, souvent dans un murmure. Elle tente de se justifier. \u00ab\u2009Je venais de perdre mon compagnon\u2009\u00bb, dit-elle. \u00ab\u2009J\u2019avais bu six Vodka-Red Bull\u2009\u00bb, ajoute-t-elle. Mais le plus souvent, elle bafouille. Elle est inaudible sous le flot des questions de la pr\u00e9sidente. \u00ab\u2009La premi\u00e8re fois, quand le proc\u00e8s fut report\u00e9, elle ne parlait pas\u2009\u00bb, explique le p\u00e8re d\u2019Yllann. \u00ab\u2009L\u00e0, c\u2019\u00e9tait pareil. Il n\u2019y a pas eu de pardon, d\u2019excuses.\u2009\u00bb<\/p>\n<p style=\"text-align: justify;\">\u00c0 la barre, l\u2019avocat d\u2019une des passag\u00e8res pointe l\u2019attitude de l\u2019automobiliste. \u00ab\u2009Elle a \u00e9t\u00e9 insultante, m\u00e9prisante\u00a0\u00e0 tous les stades de la proc\u00e9dure\u2009\u00bb, mart\u00e8le Thomas Koukezian. Dans le registre de l\u2019\u00e9motion, Olivier Pacheu, avocat des parties civiles, a trouv\u00e9 les mots. \u00ab\u2009La mort ne touche pas que les proches. Elle frappe les amis, les coll\u00e8gues, les grands-parents et, dans cette affaire, deux arri\u00e8re-grands-m\u00e8res.\u2009\u00bb<\/p>\n<p style=\"text-align: justify;\">Mais au-del\u00e0 du chagrin, Olivier Pacheu a rappel\u00e9 l\u2019insoutenable v\u00e9rit\u00e9 de ce dossier. \u00ab\u2009La pr\u00e9venue ne peut pas dire qu\u2019elle ne savait pas. Cela fait maintenant trente ans que la pr\u00e9vention routi\u00e8re mart\u00e8le les dangers de l\u2019alcool. Ce soir-l\u00e0, elle avait plusieurs portes de sortie. Elle pouvait ne pas boire. Elle pouvait joindre un taxi, elle pouvait prendre une navette.\u2009\u00bb<\/p>\n<p style=\"text-align: justify;\">Repr\u00e9sentant du minist\u00e8re public, Tanguy Courroye a eu, lui aussi, des paroles r\u00e9confortantes pour la famille. \u00ab\u2009On ne peut que s\u2019incliner devant la tristesse des proches\u2009\u00bb, a-t-il confi\u00e9.\u2009\u00bb On ne peut d\u00e9plorer cette injustice de la route.\u2009\u00bb Face au comportement de la conductrice, il esp\u00e9rait plus d\u2019introspection. \u00ab\u2009Tout l\u2019accable\u2009\u00bb, a-t-il affirm\u00e9. \u00ab\u2009La faute est dans l\u2019alcoolisation, dans la vitesse excessive, dans le non-respect des r\u00e8gles de circulation. Il aurait \u00e9t\u00e9 tout simple de refuser de conduire.\u2009\u00bb Il a requis une peine de cinq ans d\u2019emprisonnement, dont quatre assorti du sursis, avec l\u2019interdiction de repasser le permis pendant deux ans et l\u2019obligation de soins.\u2009<\/p>\n<p style=\"text-align: justify;\">De l\u2019autre c\u00f4t\u00e9 de la barre, Yves Honhon, d\u00e9fenseur de la pr\u00e9venue, a reconnu les \u00ab\u2009douleurs \u00abindicibles\u2009\u00bb des proches. Mais il s\u2019est \u00e9mu d\u2019une enqu\u00eate fragile, rapide. \u00ab\u2009Elle ne se cherche aucune excuse\u2009\u00bb, a rappel\u00e9 son avocat, Yves Honhon, en sortie d\u2019audience. \u00ab\u2009Elle le dit elle-m\u00eame : tout l\u2019accable. Mais il y a \u00e9galement des \u00e9l\u00e9ments qui expliquent son geste, qui rel\u00e8vent de son psychisme. Elle avait la possibilit\u00e9 de ne pas aller \u00e0 l\u2019anniversaire de son fr\u00e8re, de ne pas s\u2019embrouiller avec son compagnon. Je demande pour elle un am\u00e9nagement de la peine ferme.\u2009\u00bb La d\u00e9cision tombera le 18 septembre prochain, \u00e0 14 h. \u00ab\u2009Nous souhaitons une sanction pour qu\u2019Yllan ne soit pas parti pour rien. Mais aucune condamnation ne sera \u00e0 la hauteur de la perte de notre enfant\u2009\u00bb, a pr\u00e9cis\u00e9 le p\u00e8re de la victime. \u00a0<\/p>\n<p>\u00a0<\/p>\n","protected":false},"excerpt":{"rendered":"Un avocat au bord des larmes, des brassards noirs, des regards rougis, des tee-shirts blancs avec le visage&hellip;\n","protected":false},"author":2,"featured_media":365178,"comment_status":"","ping_status":"","sticky":false,"template":"","format":"standard","meta":{"footnotes":""},"categories":[2821],"tags":[1111,11,829,1777,674,1011,27,12,584,25],"class_list":{"0":"post-365177","1":"post","2":"type-post","3":"status-publish","4":"format-standard","5":"has-post-thumbnail","7":"category-rennes","8":"tag-actu","9":"tag-actualites","10":"tag-bretagne","11":"tag-eu","12":"tag-europe","13":"tag-fr","14":"tag-france","15":"tag-news","16":"tag-rennes","17":"tag-republique-francaise"},"share_on_mastodon":{"url":"https:\/\/pubeurope.com\/@fr\/115144938376431638","error":""},"_links":{"self":[{"href":"https:\/\/www.europesays.com\/fr\/wp-json\/wp\/v2\/posts\/365177","targetHints":{"allow":["GET"]}}],"collection":[{"href":"https:\/\/www.europesays.com\/fr\/wp-json\/wp\/v2\/posts"}],"about":[{"href":"https:\/\/www.europesays.com\/fr\/wp-json\/wp\/v2\/types\/post"}],"author":[{"embeddable":true,"href":"https:\/\/www.europesays.com\/fr\/wp-json\/wp\/v2\/users\/2"}],"replies":[{"embeddable":true,"href":"https:\/\/www.europesays.com\/fr\/wp-json\/wp\/v2\/comments?post=365177"}],"version-history":[{"count":0,"href":"https:\/\/www.europesays.com\/fr\/wp-json\/wp\/v2\/posts\/365177\/revisions"}],"wp:featuredmedia":[{"embeddable":true,"href":"https:\/\/www.europesays.com\/fr\/wp-json\/wp\/v2\/media\/365178"}],"wp:attachment":[{"href":"https:\/\/www.europesays.com\/fr\/wp-json\/wp\/v2\/media?parent=365177"}],"wp:term":[{"taxonomy":"category","embeddable":true,"href":"https:\/\/www.europesays.com\/fr\/wp-json\/wp\/v2\/categories?post=365177"},{"taxonomy":"post_tag","embeddable":true,"href":"https:\/\/www.europesays.com\/fr\/wp-json\/wp\/v2\/tags?post=365177"}],"curies":[{"name":"wp","href":"https:\/\/api.w.org\/{rel}","templated":true}]}}