{"id":365179,"date":"2025-09-04T07:51:13","date_gmt":"2025-09-04T07:51:13","guid":{"rendered":"https:\/\/www.europesays.com\/fr\/365179\/"},"modified":"2025-09-04T07:51:13","modified_gmt":"2025-09-04T07:51:13","slug":"les-tribunes-de-rennes-et-guingamp-basculent-elles-a-lextreme-droite","status":"publish","type":"post","link":"https:\/\/www.europesays.com\/fr\/365179\/","title":{"rendered":"Les tribunes de Rennes et Guingamp basculent-elles \u00e0 l\u2019extr\u00eame droite ?"},"content":{"rendered":"<p>Sous les chants des supporters et les \u00ab\u00a0craquages de fumig\u00e8nes\u00a0\u00bb, au rythme des tambours, le stade de foot de l\u2019En Avant Guingamp s\u2019anime. C\u2019est soir de match dans la petite ville des C\u00f4tes-d\u2019Armor, en Bretagne, dont les tribunes (18 462 places) peuvent accueillir deux fois et demie la population de la ville.<\/p>\n<p>Son public a \u00e9t\u00e9 \u00e9lu \u00ab\u00a0meilleur de France\u00a0\u00bb \u00e0 cinq reprises, depuis 2001, par la Ligue professionnelle de football. D\u00e9sormais, les amoureux du football ne se retrouvent plus dans le Kop Rouge, le principal club de supporters. Certains h\u00e9sitent \u00e0 reprendre leur carte de membre.<\/p>\n<p>Vincent, qui fr\u00e9quente le stade du Roudourou de Guinguamp depuis 30 ans, se souvient de cette \u00e9poque r\u00e9volue, quand l\u2019ambiance et la ferveur \u00e9taient tellement conviviales que les ultras guingampais \u2013 les supporters les plus fid\u00e8les et passionn\u00e9s \u2013 faisaient le tour du stade avec les supporters de l\u2019\u00e9quipe adverse. \u00ab\u00a0J\u2019ai per\u00e7u un durcissement il y a quatre ou cinq ans, une perte des valeurs qui caract\u00e9risaient le Kop Rouge\u00a0\u00bb, t\u00e9moigne Vincent.<\/p>\n<p>En avril 2024, Guingamp re\u00e7oit Amiens. Sous l\u2019\u0153il des cam\u00e9ras de surveillance, une bagarre \u00e9clate dans l\u2019enceinte du stade. Une quinzaine de hooligans cagoul\u00e9s s\u2019en prennent violemment \u00e0 un groupe d\u2019ultras affichant leurs sympathies antiracistes et antifascistes. Le chef de la s\u00e9curit\u00e9 intervient et intime aux ultras antifas de quitter le stade\u00a0: \u00ab\u00a0Partez les gars sinon \u00e7a va d\u00e9g\u00e9n\u00e9rer\u00a0!\u00a0\u00bb C\u2019est donc aux agress\u00e9s de partir et non aux hooligans agresseurs.<\/p>\n<p>\u00ab\u00a0Nous sommes retourn\u00e9s en tribune, ils ont continu\u00e9 les provocations. J\u2019ai failli me faire exfiltrer du stade\u00a0\u00bb, relate Erwan*, qui fr\u00e9quente le kop depuis deux d\u00e9cennies. Suite \u00e0 cet \u00e9v\u00e8nement, le bureau du Kop Rouge d\u00e9cide de se mettre en sommeil. La presse, le club et le Kop Rouge mettent en avant la violence li\u00e9e au hooliganisme. La question des divergences politiques est \u00e9vacu\u00e9e.<\/p>\n<p>Un t\u00e9moin, embarqu\u00e9 dans un car de supporters lors d\u2019un d\u00e9placement \u00e0 Lorient en 2024, se souvient, atterr\u00e9\u00a0: \u00ab\u00a0Le voyage \u00e9tait insupportable\u00a0: j\u2019ai entendu non-stop un discours raciste d\u00e9complex\u00e9.\u00a0\u00bb Un autre t\u00e9moin pr\u00e9sent dans le parcage \u2013 l\u00e0 o\u00f9 sont install\u00e9s les supporters visiteurs \u2013 confirme\u00a0: \u00ab\u00a0J\u2019ai vu Romain, l\u2019un des assaillants du festival antifasciste de Saint-Brieuc de juillet 2023, tenant un discours raciste pros\u00e9lyte aupr\u00e8s de jeunes adolescents.\u00a0\u00bb Un mois plus tard, le m\u00eame Romain sera condamn\u00e9 \u00e0 une interdiction de stade.<\/p>\n<p>Des violences politiques qui trouvent des soutiens au sein du kop<\/p>\n<p>Le 4\u00a0d\u00e9cembre 2024, le hooligan guingampais et cinq de ses \u00ab\u00a0camarades\u00a0\u00bb d\u2019extr\u00eame droite sont condamn\u00e9s par la justice \u00e0 des peines d\u2019interdiction de para\u00eetre au stade. \u00c0 la barre, lors de l\u2019audience, tous disent s\u2019\u00eatre rencontr\u00e9s dans le cadre du football. Les faits\u00a0? Violences aggrav\u00e9es\u2026 lors de l\u2019attaque d\u2019un festival antifasciste \u00e0 Saint-Brieuc (C\u00f4tes-d\u2019Armor), \u00e0 coup de matraque t\u00e9lescopique et poing am\u00e9ricain. Les six comparses sont condamn\u00e9s \u00e0 une peine d\u2019emprisonnement avec sursis (<a href=\"https:\/\/basta.media\/quand-le-hooliganisme-d-extreme-droite-s-incruste-dans-les-tribunes-du-foot\" class=\"spip_in\" rel=\"nofollow noopener\" target=\"_blank\">voir notre premier \u00e9pisode<\/a>).<\/p>\n<p>\t<a class=\"stretched-link\" href=\"https:\/\/basta.media\/quand-le-hooliganisme-d-extreme-droite-s-incruste-dans-les-tribunes-du-foot\" rel=\"nofollow noopener\" target=\"_blank\">Quand le hooliganisme d\u2019extr\u00eame droite s\u2019incruste dans les tribunes du foot breton <\/a><\/p>\n<p>Signe que l\u2019ambiance a chang\u00e9 au sein du Kop Rouge, suite \u00e0 cette condamnation, une banderole est d\u00e9ploy\u00e9e pour rendre hommage aux hooligans d\u2019extr\u00eame droite condamn\u00e9s\u00a0:  \u00ab\u00a0IDS pr\u00e9sents\u00a0\u00bb. Mises en valeur sur les barri\u00e8res au plus proche du terrain, \u00e0 la vue de tous, ces trois lettres signifient \u00ab\u00a0Interdits de stade pr\u00e9sents\u00a0\u00bb.<\/p>\n<p>C\u2019est l\u2019une des antiennes favorites des ultras, ces fervents supporters qui se rendent \u00e0 tous les matchs et sont pr\u00e9sents en d\u00e9placement quand ils le peuvent\u00a0: la banderole permet de soutenir les camarades interdits de stade. Pour l\u2019Association nationale des supporters, l\u2019IDS est source de crispation. D\u00e9cid\u00e9e par le pr\u00e9fet, cette mesure administrative est souvent appliqu\u00e9e de mani\u00e8re abusive, \u00e0 la moindre suspicion, sans contr\u00f4le d\u2019un juge.<\/p>\n<p> <a href=\"https:\/\/basta.media\/IMG\/png\/guingamp_kop_rouge_-_ids_pre_sents_28_4_25.png\" class=\"spip_doc_lien mediabox\" type=\"image\/png\" rel=\"portfolio-autolien nofollow noopener\" target=\"_blank\"><\/p>\n<p><img decoding=\"async\" loading=\"lazy\" onload=\"this.parentNode.className+=' loaded'\" src=\"https:\/\/www.europesays.com\/fr\/wp-content\/uploads\/2025\/09\/0e19bb0ccd04ba108a72e7efc8b3d8.png\" width=\"960\" height=\"960\" alt=\"La tribune du Kop Rouge \u00e0 Guingamp, ses supporters, drapeaux et banderoles lors d'un match\" aria-describedby=\"by21842-e4fedc6f6a25c352f7c20da6d6e18945\" class=\"adapt-img\"  \/><\/a><\/p>\n<p><strong>Le Kop rouge de Guingamp<br \/>\n<\/strong><\/p>\n<p>La banderole \u00ab\u00a0IDS pr\u00e9sents\u00a0\u00bb (lettres blanches sur fond rouge \u00e0 droite) rend hommage aux hooligans d\u2019extr\u00eame droite condamn\u00e9s apr\u00e8s avoir attaqu\u00e9 un festival antiraciste \u00e0 Saint-Brieuc, en 2023.\n<\/p>\n<p>DR\n<\/p>\n<p>Probl\u00e8me\u00a0: ce n\u2019est pas d\u2019une interdiction administrative dont il s\u2019agit dans l\u2019affaire des hooligans violents de Guingamp, mais d\u2019une interdiction judiciaire d\u00e9livr\u00e9e par la justice pour violences politiques, et suite \u00e0 un proc\u00e8s. Pourtant, dans les mois qui suivent le jugement, la banderole \u00ab\u00a0IDS pr\u00e9sents\u00a0\u00bb est syst\u00e9matiquement affich\u00e9e sur les photos diffus\u00e9es par le Kop Rouge sur les r\u00e9seaux sociaux. Avant cet incident, elle n\u2019appara\u00eet jamais.<\/p>\n<p>Ce n\u2019est pas anodin\u00a0: ce sont les cadres de l\u2019association de supporters qui valident les banderoles d\u00e9ploy\u00e9es, qu\u2019il s\u2019agissent de d\u00e9noncer le business des droits t\u00e9l\u00e9 \u2013 \u00ab\u00a0BeIN sport tue la ligue 2\u00a0\u00bb \u2013 tout comme ce \u00ab\u00a0IDS pr\u00e9sents\u00a0\u00bb en solidarit\u00e9 avec les condamn\u00e9s des violences de Saint-Brieuc. Cette banderole d\u00e9montre une connivence entre les dirigeants du kop et ces hooligans d\u2019extr\u00eame droite\u00a0radicale. Pas \u00e9tonnant, quand on sait que le capo, celui qui lance les chants du Kop Rouge, entretient des relations avec quatre des condamn\u00e9s.<\/p>\n<p>\t\t\t<strong class=\"c-call--newsletter-title d-block mb-2 mb-lg-0\">Chez les ind\u00e9s<\/strong><\/p>\n<p>Gratuit, chaque vendredi<\/p>\n<p class=\"c-call--newsletter-text mb-2\">La revue de presse du journalisme engag\u00e9 : une s\u00e9lection d\u2019enqu\u00eates, de r\u00e9cits, et d\u2019alternatives parues dans la presse ind\u00e9pendante, directement dans votre bo\u00eete mail.<\/p>\n<p>Un groupe de combat<\/p>\n<p>Pour les supporters historiques, attach\u00e9s \u00e0 l\u2019esprit familial de Guingamp, tout a d\u00e9but\u00e9 avec l\u2019arriv\u00e9e en 2014 d\u2019un groupe hooligan, des supporters qui utilisent le football comme pr\u00e9texte pour leurs actions violentes. L\u2019Armoric Clan, comme ils se d\u00e9nomment, d\u00e9ploie une esth\u00e9tique ultra prononc\u00e9e\u00a0: fumig\u00e8nes, banderoles, d\u00e9placements aux quatre coins de l\u2019Hexagone et tifos, un show visuel pour afficher des messages en tribune. Si le groupe n\u2019est pas homog\u00e8ne politiquement, de nombreux profils penchent s\u00e9rieusement \u00e0 l\u2019extr\u00eame droite.<\/p>\n<p>Ce \u00ab\u00a0clan\u00a0\u00bb abrite \u00e9galement un \u00ab\u00a0groupe de fight\u00a0\u00bb (combat, en anglais), une pratique courante du hooliganisme. Le but\u00a0: organiser des bagarres dans des coins isol\u00e9s, en for\u00eat par exemple, avec une dizaine d\u2019autres hooligans de clubs adverses. Appel\u00e9 \u00ab\u00a0Fine fleur Gwengamp\u00a0\u00bb, ce groupe de fight est anim\u00e9 par des profils qui flirtent ouvertement avec le n\u00e9onazisme. Cinq des membres s\u2019amusent r\u00e9guli\u00e8rement \u00e0 se prendre en photo faisant le salut de K\u00fchnen, un succ\u00e9dan\u00e9 de salut hitl\u00e9rien. L\u2019un d\u2019entre eux e\u0301marge me\u0302me un temps a\u0300 Ge\u0301ne\u0301ration identitaire, un mouvement nationaliste blanc et islamophobe, dissous en 2021.<\/p>\n<p>L\u2019Armoric Clan s\u2019est depuis \u00e9teint, mais la culture\u00a0hooligan d\u2019extr\u00eame droite n\u2019a pas pour autant disparu des tribunes de Guingamp. Les \u00ab\u00a0retrait\u00e9s du stade\u00a0\u00bb sont encore en lien avec les plus jeunes, bien qu\u2019ils ne prennent plus forc\u00e9ment part aux bagarres. Selon nos sources, l\u2019un des n\u00e9onazis de l\u2019Armoric Clan aurait mis le pied a\u0300 l\u2019e\u0301trier a\u0300 la ge\u0301ne\u0301ration actuelle. Elle ne se contente plus de bastons contre l\u2019ennemi he\u0301re\u0301ditaire, le club voisin du Stade brestois, mais prend part \u00e0 des fights en for\u00eat et \u00e0 des actions militantes de la mouvance d\u2019extr\u00eame droite telle l\u2019attaque du festival antifasciste de Saint-Brieuc.<\/p>\n<p>Lors des matchs, ces hooligans d\u2019extr\u00eame droite s\u2019affichent au plus pr\u00e8s du terrain, une place de choix pour les supporters du Kop Rouge. Parmi eux, Arnaud S., visible sur les photos de l\u2019attaque du festival antifasciste de Saint-Brieuc. Nous l\u2019avons \u00e9galement identifi\u00e9 parmi les protagonistes d\u2019une manifestation de groupuscules allant des nationaux-r\u00e9volutionnaires aux n\u00e9onazis contre l\u2019installation d\u2019un centre d\u2019accueil pour demandeurs d\u2019asile \u00e0 Saint-Brevin-les-Pins (Loire-Atlantique). Il ne cache pas le tatouage de croix celtique sur sa jambe, symbole commun aux groupes n\u00e9ofascistes europ\u00e9ens.<\/p>\n<p>Du hooliganisme \u00e0 l\u2019action politique<\/p>\n<p>\u00c0 ses c\u00f4t\u00e9s, Yanis*, un jeune Guingampais, applaudit son \u00e9quipe. Sur ses r\u00e9seaux sociaux, le jeune homme appr\u00e9cie les \u00ab\u00a0runes de vie et de mort\u00a0\u00bb, symboles utilis\u00e9s par la Waffen-SS, la branche militaire du r\u00e9gime hitl\u00e9rien. D\u2019autres s\u2019affichent fi\u00e8rement bras tendu, avec les trois doigts en l\u2019air \u2013 un salut de K\u00fchnen. Ce foisonnement de symboles et de codes est typique des groupuscules n\u00e9ofascistes et nationalistes-r\u00e9volutionnaires.<\/p>\n<p>Le club subit en r\u00e9alit\u00e9 l\u2019entrisme de hooligans d\u2019extr\u00eame droite depuis le d\u00e9but des ann\u00e9es 2000, quand appara\u00eet la New School Gwengamp, qui donne naissance \u00e0 l\u2019Armoric Clan, suite \u00e0 sa dissolution en 2010. Dans ses rangs, Christophe Daniou, futur patron de l\u2019antenne de G\u00e9n\u00e9ration identitaire \u00e0 Rennes. Entr\u00e9 en politique par le football, il se rapproche de figures du hooliganisme rennais engag\u00e9es en politique. En 2014, le n\u00e9o-Rennais est pre\u0301sent sur la liste du Front national pour les municipales.<\/p>\n<p>C\u2019est une longue histoire d\u2019amiti\u00e9 qui lie depuis le hooliganisme rennais et guingampais. \u00c0 plusieurs reprises, les groupes se retrouvent pour des bastons contre Brest. Ils se rejoignent aussi pour des actions politiques, comme l\u2019attaque du festival \u00e0 Saint-Brieuc en 2023, ou encore la mobilisation de groupuscules nationalistes-r\u00e9volutionnaires et n\u00e9onazis \u00e0 Saint-Brevin-les-Pins. La capitale bretonne, Rennes, conna\u00eet elle aussi une bascule \u00e0 l\u2019extr\u00eame droite\u00a0depuis deux d\u00e9cennies.<\/p>\n<p>De Rennes antiraciste \u00e0 Rennes anti-antifasciste<\/p>\n<p>\u00ab\u00a0Celtic People Against Racism\u00a0\u00bb\u00a0: drap\u00e9s d\u2019une banderole rouge et noir aux couleurs du club rennais, les supporters rennais et son kop \u2013 le Roazhon Celtic Kop91 (RCK91) \u2013 \u00e9taient officiellement antiracistes en 2011. Le RCK91 \u00e9tait m\u00eame \u00e0 l\u2019origine de la cr\u00e9ation d\u2019un r\u00e9seau de supporters de r\u00e9sistance antiraciste.<\/p>\n<p>\t\t<img loading=\"lazy\" decoding=\"async\" src=\"https:\/\/www.europesays.com\/fr\/wp-content\/uploads\/2025\/09\/dda431d11fdacd0440acc07e4a49ed.jpg\" width=\"393\" height=\"393\" alt=\"Gigantesque banderole \u00ab Celtic People Against Racism \u00bb d\u00e9ploy\u00e9e dans les tribunes rennaises\" aria-describedby=\"by21841-2c42824c6d90edd24fb69f31f3e0efd0\"\/><\/p>\n<p><strong>\u00ab\u00a0Celtic People Against Racism\u00a0\u00bb<br \/>\n<\/strong><\/p>\n<p>\u00ab\u00a0Celtic People Against Racism\u00a0\u00bb sur une banderole rouge et noir aux couleurs du club rennais\u00a0: les supporters \u00e9taient officiellement antiracistes en 2011.\n<\/p>\n<p>DR\n<\/p>\n<p>\u00c0 peine quinze ans plus tard, le 18\u00a0avril 2025, des saluts de K\u00fchnen sont identifi\u00e9s dans l\u2019enceinte du Stade rennais, club appartenant au multimilliardaire Fran\u00e7ois Pinault. Derri\u00e8re les cages de but gard\u00e9es par Brice Samba, gardien de l\u2019\u00e9quipe de France, un groupe de hooligans d\u2019extr\u00eame droite, les Roazhon 1901, y a d\u00e9sormais sa place r\u00e9serv\u00e9e. Comment en est-on arriv\u00e9 l\u00e0\u00a0?<\/p>\n<p>\u00ab\u00a0D\u00e9sabus\u00e9 et triste. J\u2019avais l\u2019id\u00e9e un peu na\u00efve que les fachos n\u2019\u00e9taient pas les bienvenus dans le kop et au stade. L\u2019image du kop antiraciste me rendait plut\u00f4t fier\u00a0\u00bb, \u00e9crit un supporter rennais, en avril 2025, sur le forum du club \u00e0 la suite des saluts de K\u00fchnen r\u00e9alis\u00e9s dans le stade. \u00ab\u00a0\u00c7a fait quelque temps que le RCK se revendique \u201capolitique\u201d\u00a0\u00bb, analyse un autre. \u00ab\u00a0Une mani\u00e8re d\u00e9guis\u00e9e quand on a des copains d\u2019extr\u00eame droite de les laisser int\u00e9grer le groupe tranquillement sans faire de bruit\u00a0\u00bb, selon lui.<\/p>\n<p>Au plus proche de la pelouse, dans ce \u00ab\u00a0carr\u00e9 VIP\u00a0\u00bb des hooligans d\u2019extr\u00eame droite, des stickers orn\u00e9s d\u2019un Totenkopf, insigne des troupes nazies SS sont \u00e9pisodiquement visibles. Et parmi les membres du RCK, les Roazhon 1901 ne cachent plus leurs liens avec des organisations nationales-r\u00e9volutionnaires telles que l\u2019Oriflamme Rennes, le GUD ou G\u00e9n\u00e9ration identitaire. En 2023, une banderole est m\u00eame d\u00e9ploy\u00e9e par le RCK91 en hommage \u00e0 Jean-Marie Gontier, hooligan des Roazhon 1901 tu\u00e9 dans une rixe \u00e0 la sortie d\u2019un bar.<\/p>\n<p>Le noyau \u2013 ceux qui dirigent le kop et d\u00e9cident de ce type d\u2019actions \u2013 a vir\u00e9 \u00e0 l\u2019extr\u00eame droite ou pr\u00e9f\u00e8re regarder ailleurs. \u00ab\u00a0Nous sommes de plus en plus nombreux \u00e0 ne pas nous r\u00e9encarter\u00a0\u00bb, se d\u00e9sole Gwendal, supporter rennais abonn\u00e9 au RCK91 depuis une quinzaine d\u2019ann\u00e9es.<\/p>\n<p>Quelques jours plus tard, l\u2019hommage \u00e0 Jean-Marie Gontier est repris sur le site identitaire et islamophobe Breizh Info, cr\u00e9\u00e9 par un certain Yann Vall\u00e9rie. L\u2019homme a longtemps fr\u00e9quent\u00e9 les tribunes rennaises, et participe aux premi\u00e8res apparitions embryonnaires du hooliganisme en 2003. Apr\u00e8s une scission politique avec le RCK, il cr\u00e9e un second groupe de supporters\u00a0: les Breizh Stourmer, \u00ab\u00a0guerriers bretons\u00a0\u00bb dans l\u2019idiome local, dont la pr\u00e9sentation figure m\u00eame sur le site officiel du Stade rennais.<\/p>\n<p>Des tribunes aux urnes<\/p>\n<p>Au moment de cr\u00e9er ce premier groupe, Yann Vall\u00e9rie a seulement 19 ans. Il essaie d\u2019abord de f\u00e9d\u00e9rer des troupes de tous bords politiques autour d\u2019une cause commune\u00a0: les bagarres contre Nantes qui, a\u0300 l\u2019e\u0301poque, tournent souvent \u00e0 la racle\u0301e pour les Rennais. \u00ab\u00a0On voulait \u00e0 la fois continuer le trip ultra mais aussi aller vers le hooliganisme, dans la rue\u00a0\u00bb, nous dit-il. \u00ab\u00a0D\u00e9but 2004, Rennes croit en ses chances\u2026 mais d\u00e9tale \u00e0 la vue de 150 Nantais faisant face. Assez d\u2019\u00eatre humili\u00e9s\u00a0! Assez de courir\u00a0! Rennes doit se venger\u2026\u00a0\u00bb, peut-on lire sur une vid\u00e9o promo de l\u2019\u00e9poque.<\/p>\n<p>Derri\u00e8re la rivalit\u00e9 entre ultras des deux clubs, certains ultras rennais rejoignent les Breizh Stourmer et basculent \u00e0 l\u2019extr\u00eame droite. Ils se rapprochent du GUD, une organisation \u00e9tudiante d\u2019extr\u00eame droite radicale r\u00e9put\u00e9e pour ses actions violentes, et posent fi\u00e8rement avec un drapeau \u00ab\u00a0Blood &amp; Honour\u00a0\u00bb, un r\u00e9seau de promotion de musique n\u00e9onazie fond\u00e9 dans les ann\u00e9es 1980. D\u2019une petite vingtaine de supporters en 2003, les Breizh Stourmer passent \u00e0 plus de 70 membres en 2008. Le groupe a m\u00eame son propre drapeau \u00ab\u00a0Stade rennais Football Club\u00a0\u00bb&#8230; orn\u00e9 d\u2019une croix celtique.<\/p>\n<p>Ce foyer hooligan sert de tremplin vers l\u2019extr\u00eame droite. Apr\u00e8s l\u2019autodissolution des Breizh Stourmer en 2008, Yann Valle\u0301rie entame une carri\u00e8re de militant politique. Aux c\u00f4t\u00e9s du hooligan guingampais Christophe Daniou, il devient porte-parole de Jeune Bretagne, une antenne re\u0301gionale du Bloc identitaire. En 2012, il se pre\u0301sente sous cette e\u0301tiquette aux \u00e9lections cantonales a\u0300 Fouesnant, dans le Finist\u00e8re, ou\u0300 il essuie un revers cuisant\u00a0: 0,58\u00a0% des voix. En 2013, il se mue en entrepreneur identitaire a\u0300 travers la cre\u0301ation du site Breizh Info, son site de propagande identitaire adepte de fausses informations.<\/p>\n<p>\u00ab\u00a0Cette fin n\u2019est qu\u2019un renouveau, les combattants bretons restant les combattants bretons\u00a0\u00bb, \u00e9crivent les Breizh Stourmer lors de leur dissolution. Quelques ann\u00e9es plus tard, Matthias, un jeune hooligan, prend la t\u00eate du nouveau groupe hooligan Roazhon 1901, et pose en compagnie d\u2019amateurs de saluts de K\u00fchnen, l\u2019incontournable symbole du hooliganisme d\u2019extr\u00eame droite. \u00ab\u00a0Cela reste d\u2019abord un groupe de hooligans, mais des gens y font de la politique, sans doute beaucoup plus qu\u2019auparavant\u00a0\u00bb, confirme Yann Vall\u00e9rie qui continue d\u2019y entretenir des amiti\u00e9s.<\/p>\n<p>Les Roazhon 1901 ont tiss\u00e9 des relations avec d\u2019autres groupes hooligans d\u2019extr\u00eame droite, tels que les Ligallo de Saragosse, en Espagne, les Turons 1951 de Tours ou les hooligans ukrainiens du Dynamo Kyiv, avec qui ils s\u2019entra\u00eenent r\u00e9guli\u00e8rement au fight.<\/p>\n<p>\t<a class=\"stretched-link\" href=\"https:\/\/basta.media\/quand-le-hooliganisme-d-extreme-droite-s-incruste-dans-les-tribunes-du-foot\" rel=\"nofollow noopener\" target=\"_blank\">Quand le hooliganisme d\u2019extr\u00eame droite s\u2019incruste dans les tribunes du foot breton <\/a><br \/>\n\t <img loading=\"lazy\" decoding=\"async\" src=\"https:\/\/www.europesays.com\/fr\/wp-content\/uploads\/2025\/09\/eaa1aba6950d14f6e103bc120ef7b6-ec3db.jpg\" class=\"spip_logo\" width=\"200\" height=\"133\" alt=\"Dessin repr\u00e9sentant une tribune du stade rennais avec, \u00e0 c\u00f4t\u00e9 des supporters, un groupe de hooligans n\u00e9o-nazis\"\/><\/p>\n<p>Les hooligans rennais ou guingampais \u00e9taient, il y a encore dix ans, mis au ban par les groupes de supporters majoritaires. Leurs h\u00e9ritiers des Roazhon 1901 et du Tregor Squad semblent maintenant tol\u00e9r\u00e9s, voire l\u00e9gitim\u00e9s, avec la pr\u00e9sence en tribune, au plus proche de la pelouse, dans le \u00ab\u00a0carr\u00e9 VIP\u00a0\u00bb des supporters les plus fervents, d\u2019individus et de symboles d\u2019extr\u00eame droite. Leurs symboles et leurs codes sont difficiles \u00e0 reconna\u00eetre et \u00e0 d\u00e9crypter pour les non avertis. Un petit guide pratique pour diff\u00e9rencier un ultra d\u2019un hooligan d\u2019extr\u00eame droite sera publi\u00e9 dans notre prochain \u00e9pisode, \u00e0 para\u00eetre ce 5\u00a0septembre.<\/p>\n<p><b>\u2013<\/b>\u00a0Lire <a href=\"https:\/\/basta.media\/quand-le-hooliganisme-d-extreme-droite-s-incruste-dans-les-tribunes-du-foot\" class=\"spip_in\" rel=\"nofollow noopener\" target=\"_blank\">le premier \u00e9pisode<\/a><\/p>\n<p>*Pr\u00e9nom modifi\u00e9<\/p>\n","protected":false},"excerpt":{"rendered":"Sous les chants des supporters et les \u00ab\u00a0craquages de fumig\u00e8nes\u00a0\u00bb, au rythme des tambours, le stade de foot&hellip;\n","protected":false},"author":2,"featured_media":365180,"comment_status":"","ping_status":"","sticky":false,"template":"","format":"standard","meta":{"footnotes":""},"categories":[2821],"tags":[1111,11,829,1777,674,1011,27,12,584,25],"class_list":{"0":"post-365179","1":"post","2":"type-post","3":"status-publish","4":"format-standard","5":"has-post-thumbnail","7":"category-rennes","8":"tag-actu","9":"tag-actualites","10":"tag-bretagne","11":"tag-eu","12":"tag-europe","13":"tag-fr","14":"tag-france","15":"tag-news","16":"tag-rennes","17":"tag-republique-francaise"},"share_on_mastodon":{"url":"https:\/\/pubeurope.com\/@fr\/115144942471281157","error":""},"_links":{"self":[{"href":"https:\/\/www.europesays.com\/fr\/wp-json\/wp\/v2\/posts\/365179","targetHints":{"allow":["GET"]}}],"collection":[{"href":"https:\/\/www.europesays.com\/fr\/wp-json\/wp\/v2\/posts"}],"about":[{"href":"https:\/\/www.europesays.com\/fr\/wp-json\/wp\/v2\/types\/post"}],"author":[{"embeddable":true,"href":"https:\/\/www.europesays.com\/fr\/wp-json\/wp\/v2\/users\/2"}],"replies":[{"embeddable":true,"href":"https:\/\/www.europesays.com\/fr\/wp-json\/wp\/v2\/comments?post=365179"}],"version-history":[{"count":0,"href":"https:\/\/www.europesays.com\/fr\/wp-json\/wp\/v2\/posts\/365179\/revisions"}],"wp:featuredmedia":[{"embeddable":true,"href":"https:\/\/www.europesays.com\/fr\/wp-json\/wp\/v2\/media\/365180"}],"wp:attachment":[{"href":"https:\/\/www.europesays.com\/fr\/wp-json\/wp\/v2\/media?parent=365179"}],"wp:term":[{"taxonomy":"category","embeddable":true,"href":"https:\/\/www.europesays.com\/fr\/wp-json\/wp\/v2\/categories?post=365179"},{"taxonomy":"post_tag","embeddable":true,"href":"https:\/\/www.europesays.com\/fr\/wp-json\/wp\/v2\/tags?post=365179"}],"curies":[{"name":"wp","href":"https:\/\/api.w.org\/{rel}","templated":true}]}}