{"id":365181,"date":"2025-09-04T07:52:29","date_gmt":"2025-09-04T07:52:29","guid":{"rendered":"https:\/\/www.europesays.com\/fr\/365181\/"},"modified":"2025-09-04T07:52:29","modified_gmt":"2025-09-04T07:52:29","slug":"strasbourg-un-rassemblement-pour-lutter-contre-lhomophobie-ce-jeudi-4-septembre","status":"publish","type":"post","link":"https:\/\/www.europesays.com\/fr\/365181\/","title":{"rendered":"Strasbourg. Un rassemblement pour lutter contre l\u2019homophobie ce jeudi 4\u00a0septembre"},"content":{"rendered":"<p>Le collectif FAGs (Front d\u2019Action Gay Strasbourg) appelle \u00e0 un rassemblement ce jeudi 4\u00a0septembre \u00e0 18\u00a0h\u00a0devant le tribunal judiciaire de Strasbourg\u00a0en m\u00e9moire des victimes de crimes homophobes.\u00a0Le collectif souhaite rendre hommage \u00ab\u00a0\u00e0 Sami (21 ans), Frantz (48 ans), Abdellah (21 ans) et Amir (26 ans), assassin\u00e9s cet \u00e9t\u00e9 \u00e0 <a href=\"https:\/\/www.dna.fr\/faits-divers-justice\/2025\/08\/31\/reportage-a-choisy-le-roi-sur-les-traces-du-tueur-en-serie-presume\" target=\"_blank\" rel=\"nofollow noopener\">Choisy-le-Roy<\/a> , et \u00e0 tous les homosexuels qui ont \u00e9t\u00e9 victimes de violences, de meurtre, d\u2019humiliations.\u00a0Cet \u00e9t\u00e9, les actes gayphobes se sont multipli\u00e9s comme \u00e0 <a href=\"https:\/\/www.dna.fr\/faits-divers-justice\/2025\/08\/29\/apres-des-agressions-homophobes-pres-de-nantes-quatre-hommes-arretes-et-deferes\" target=\"_blank\" rel=\"nofollow noopener\">Nantes<\/a> , Choisy ou Strasbourg.\u00a0\u00bb<\/p>\n<p>FAGs pointe \u00e9galement des \u00ab\u00a0descentes de police et des militaires [dans les lieux de rencontres ext\u00e9rieurs] \u00e0 Strasbourg comme dans le reste de la France [\u2026] o\u00f9 les gays peuvent recevoir des amendes, \u00eatre victime d\u2019homophobie polici\u00e8re et bien plus s\u2018ils sont sans-papiers [\u2026]\u00a0\u00bb et condamne les violences d\u2019une \u00ab\u00a0soci\u00e9t\u00e9\u00a0cis-h\u00e9t\u00e9ro-patriarcale sur les plus fragiles et pr\u00e9caires d\u2019entre nous.\u00a0\u00bb<\/p>\n","protected":false},"excerpt":{"rendered":"Le collectif FAGs (Front d\u2019Action Gay Strasbourg) appelle \u00e0 un rassemblement ce jeudi 4\u00a0septembre \u00e0 18\u00a0h\u00a0devant le tribunal&hellip;\n","protected":false},"author":2,"featured_media":365182,"comment_status":"","ping_status":"","sticky":false,"template":"","format":"standard","meta":{"footnotes":""},"categories":[2820],"tags":[1111,11,2389,2649,2880,1777,674,107,1011,27,775,12,25,801,640,2879],"class_list":{"0":"post-365181","1":"post","2":"type-post","3":"status-publish","4":"format-standard","5":"has-post-thumbnail","7":"category-strasbourg","8":"tag-actu","9":"tag-actualites","10":"tag-alsace","11":"tag-bas-rhin","12":"tag-edition-strasbourg","13":"tag-eu","14":"tag-europe","15":"tag-fil-info","16":"tag-fr","17":"tag-france","18":"tag-grand-est","19":"tag-news","20":"tag-republique-francaise","21":"tag-social","22":"tag-strasbourg","23":"tag-strasbourg-ville"},"share_on_mastodon":{"url":"https:\/\/pubeurope.com\/@fr\/115144946100378665","error":""},"_links":{"self":[{"href":"https:\/\/www.europesays.com\/fr\/wp-json\/wp\/v2\/posts\/365181","targetHints":{"allow":["GET"]}}],"collection":[{"href":"https:\/\/www.europesays.com\/fr\/wp-json\/wp\/v2\/posts"}],"about":[{"href":"https:\/\/www.europesays.com\/fr\/wp-json\/wp\/v2\/types\/post"}],"author":[{"embeddable":true,"href":"https:\/\/www.europesays.com\/fr\/wp-json\/wp\/v2\/users\/2"}],"replies":[{"embeddable":true,"href":"https:\/\/www.europesays.com\/fr\/wp-json\/wp\/v2\/comments?post=365181"}],"version-history":[{"count":0,"href":"https:\/\/www.europesays.com\/fr\/wp-json\/wp\/v2\/posts\/365181\/revisions"}],"wp:featuredmedia":[{"embeddable":true,"href":"https:\/\/www.europesays.com\/fr\/wp-json\/wp\/v2\/media\/365182"}],"wp:attachment":[{"href":"https:\/\/www.europesays.com\/fr\/wp-json\/wp\/v2\/media?parent=365181"}],"wp:term":[{"taxonomy":"category","embeddable":true,"href":"https:\/\/www.europesays.com\/fr\/wp-json\/wp\/v2\/categories?post=365181"},{"taxonomy":"post_tag","embeddable":true,"href":"https:\/\/www.europesays.com\/fr\/wp-json\/wp\/v2\/tags?post=365181"}],"curies":[{"name":"wp","href":"https:\/\/api.w.org\/{rel}","templated":true}]}}