{"id":365183,"date":"2025-09-04T07:53:18","date_gmt":"2025-09-04T07:53:18","guid":{"rendered":"https:\/\/www.europesays.com\/fr\/365183\/"},"modified":"2025-09-04T07:53:18","modified_gmt":"2025-09-04T07:53:18","slug":"rabby-nzingoula-suspendu-trois-matches-alsasports","status":"publish","type":"post","link":"https:\/\/www.europesays.com\/fr\/365183\/","title":{"rendered":"Rabby Nzingoula suspendu trois matches \u2014 Alsa&rsquo;Sports"},"content":{"rendered":"<p><strong>Le milieu du Racing Rabby Nzingoula a \u00e9cop\u00e9 de trois matchs de suspension ferme et un match avec sursis apr\u00e8s son carton rouge re\u00e7u dimanche \u00e0 Monaco. <\/strong><\/p>\n<p>La d\u00e9faite subie \u00e0 Monaco a laiss\u00e9 un go\u00fbt amer dans la bouche des Strasbourgeois. Dans le temps additionnel (90+8\u2032), le milieu de terrain Rabby Nzingoula a eu un geste d\u2019humeur en saisissant le Mon\u00e9gasque Jordan Teze par le cou qui lui a valu un carton rouge. Le Fran\u00e7ais s\u2019estimait victime d\u2019une faute commise par Teze au d\u00e9part qui n\u2019a pas \u00e9t\u00e9 siffl\u00e9e. Un carton rouge qui va co\u00fbter cher au joueur. R\u00e9unie ce mercredi, la commission de discipline de la LFP a d\u00e9cid\u00e9 de suspendre Nzingoula pour trois matches ferme et un match avec sursis. <\/p>\n","protected":false},"excerpt":{"rendered":"Le milieu du Racing Rabby Nzingoula a \u00e9cop\u00e9 de trois matchs de suspension ferme et un match avec&hellip;\n","protected":false},"author":2,"featured_media":365184,"comment_status":"","ping_status":"","sticky":false,"template":"","format":"standard","meta":{"footnotes":""},"categories":[2820],"tags":[1111,11,1777,674,63,1011,27,775,66,12,4448,25,640],"class_list":{"0":"post-365183","1":"post","2":"type-post","3":"status-publish","4":"format-standard","5":"has-post-thumbnail","7":"category-strasbourg","8":"tag-actu","9":"tag-actualites","10":"tag-eu","11":"tag-europe","12":"tag-football","13":"tag-fr","14":"tag-france","15":"tag-grand-est","16":"tag-ligue-1","17":"tag-news","18":"tag-rc-strasbourg","19":"tag-republique-francaise","20":"tag-strasbourg"},"share_on_mastodon":{"url":"https:\/\/pubeurope.com\/@fr\/115144950088853388","error":""},"_links":{"self":[{"href":"https:\/\/www.europesays.com\/fr\/wp-json\/wp\/v2\/posts\/365183","targetHints":{"allow":["GET"]}}],"collection":[{"href":"https:\/\/www.europesays.com\/fr\/wp-json\/wp\/v2\/posts"}],"about":[{"href":"https:\/\/www.europesays.com\/fr\/wp-json\/wp\/v2\/types\/post"}],"author":[{"embeddable":true,"href":"https:\/\/www.europesays.com\/fr\/wp-json\/wp\/v2\/users\/2"}],"replies":[{"embeddable":true,"href":"https:\/\/www.europesays.com\/fr\/wp-json\/wp\/v2\/comments?post=365183"}],"version-history":[{"count":0,"href":"https:\/\/www.europesays.com\/fr\/wp-json\/wp\/v2\/posts\/365183\/revisions"}],"wp:featuredmedia":[{"embeddable":true,"href":"https:\/\/www.europesays.com\/fr\/wp-json\/wp\/v2\/media\/365184"}],"wp:attachment":[{"href":"https:\/\/www.europesays.com\/fr\/wp-json\/wp\/v2\/media?parent=365183"}],"wp:term":[{"taxonomy":"category","embeddable":true,"href":"https:\/\/www.europesays.com\/fr\/wp-json\/wp\/v2\/categories?post=365183"},{"taxonomy":"post_tag","embeddable":true,"href":"https:\/\/www.europesays.com\/fr\/wp-json\/wp\/v2\/tags?post=365183"}],"curies":[{"name":"wp","href":"https:\/\/api.w.org\/{rel}","templated":true}]}}