{"id":365185,"date":"2025-09-04T07:54:14","date_gmt":"2025-09-04T07:54:14","guid":{"rendered":"https:\/\/www.europesays.com\/fr\/365185\/"},"modified":"2025-09-04T07:54:14","modified_gmt":"2025-09-04T07:54:14","slug":"lazaza-ad-vitam-peintures-a-la-cave-romagnan","status":"publish","type":"post","link":"https:\/\/www.europesays.com\/fr\/365185\/","title":{"rendered":"Lazaza : \u00ab Ad Vitam \u00bb, peintures \u00e0 la Cave Romagnan"},"content":{"rendered":"<p>N\u00e9e \u00e0 Carthage, d\u2019une famille italienne, Isa, dite Lazaza arrive \u00e0 Nice en 1976, \u00e0 l\u2019\u00e2ge de 8 ans apr\u00e8s avoir d\u00e9couvert la peinture dans \u00ab\u00a0l\u2019atelier d\u2019une artiste dada\u00efste en Afrique du Nord\u00a0\u00bb. <br class=\"autobr\"\/><br \/>\nDepuis, elle a toujours \u00e9crit, dessin\u00e9, peint.<\/p>\n<p>Ses \u00e9tudes de droit et de commerce, ses diff\u00e9rents m\u00e9tiers (dans la banque, l\u2019automobile, la peinture-d\u00e9coration, l\u2019\u00e9ducation nationale), n\u2019ont entam\u00e9e en rien son \u00e9nergie et son d\u00e9sir de s\u2019exprimer au travers d\u2019activit\u00e9s plus artistiques.<br class=\"autobr\"\/><br \/>\nMalgr\u00e9 un temps toujours compt\u00e9\u00a0: les soins aux enfants, \u00e0 la famille, aux parents, les obligations de toutes sortes, m\u00eame si tout cela p\u00e8se, rien ne l\u2019entrave . Elle trouve toujours le temps\u00a0: a minima, un carnet et un crayon, chaque matin, pour se raconter ses r\u00eaves, fixer une id\u00e9e, noter un fragment po\u00e9tique. Comme une respiration indispensable, comme une trace laiss\u00e9e dans le tumulte de la vie.<br class=\"autobr\"\/><br \/>\nElle vit plusieurs existences \u00e0 la fois, mais l\u2019art reste toujours au c\u0153ur de chacune de ses journ\u00e9es.<\/p>\n<p>Chez elle, tout part du corps, de ses mains, de ce qui l\u2019a touch\u00e9e de pr\u00e8s, parfois de si pr\u00e8s qu\u2019elle en garde les lambeaux\u00a0: v\u00eatements port\u00e9s, us\u00e9s, transform\u00e9s en fragments d\u2019\u0153uvre. Rien n\u2019est anodin, rien n\u2019est neutre. Chaque geste s\u2019inscrit dans une continuit\u00e9 intime, chaque pi\u00e8ce renvoie \u00e0 une vie partag\u00e9e, un souvenir, un instant d\u00e9cisif.<\/p>\n<p>Entre peinture, dessin, \u00e9criture, photographie, jazz, expositions ou performances, tout finit par se nouer \u2014 parfois dans l\u2019harmonie, parfois dans la douleur. Mais rien ne l\u2019arr\u00eate, elle avance, infatigable.<\/p>\n<p>\t\t<img loading=\"lazy\" decoding=\"async\" src=\"https:\/\/www.europesays.com\/fr\/wp-content\/uploads\/2025\/09\/img_0981.jpg\" width=\"615\" height=\"615\" alt=\"\"\/><\/p>\n<p>\u00a9Lazaza\n<\/p>\n<p>Insatiable, elle jouit de l\u2019art comme une n\u00e9cessit\u00e9 vitale.<\/p>\n<p>Lorsque durant deux ans elle accompagne son p\u00e8re dans sa ultime travers\u00e9e, elle transforme m\u00eame les sachets de th\u00e9 qu\u2019elle a bus \u00e0 son chevet en promesses de cr\u00e9ation.\u00a0: s\u00e9ch\u00e9s, peints, gain\u00e9s de fil de fer, ils attendent l\u2019\u0153uvre qui viendra les accueillir. L\u2019id\u00e9e surgira, elle le sait. Elle ne force pas le temps\u00a0: elle le laisse travailler en elle.<\/p>\n<p><strong>Sa maison-atelier est une tour \u00e9troite de quatre \u00e9tages aux escaliers abrupts, pos\u00e9e au c\u0153ur du vieux Valbonne.<\/strong> Un refuge vibrante, encombr\u00e9 de livres, de sculptures, de bo\u00eetes, o\u00f9 l\u2019\u0153il se prom\u00e8ne, ne sachant o\u00f9 se poser. <br class=\"autobr\"\/><br \/>\nDans cet espace pourtant foisonnant, ses \u0153uvres sont class\u00e9es avec soin. Par p\u00e9riodes, par styles, par s\u00e9ries \u2014 car elle travaille toujours ainsi, par vagues successives, comme si les formes s\u2019imposaient \u00e0 elle avec la logique d\u2019un texte. Ses s\u00e9ries sont des phrases, ses \u0153uvres des mots.<br class=\"autobr\"\/><br \/>\nDes premiers coups de pinceau \u00e0 l\u2019abstraction lyrique des ann\u00e9es 1980 et aux travaux les plus r\u00e9cents, Isabelle d\u00e9roule une histoire faite de ruptures et de continuit\u00e9s. Tout semble h\u00e9t\u00e9roclite, mais chaque pi\u00e8ce s\u2019enracine dans un moment de vie, un geste, un secret partag\u00e9. Elle en parle avec des accents po\u00e9tiques.<\/p>\n<p>\t\t<img loading=\"lazy\" decoding=\"async\" src=\"https:\/\/www.europesays.com\/fr\/wp-content\/uploads\/2025\/09\/img_0984.jpg\" width=\"600\" height=\"609\" alt=\"\"\/><\/p>\n<p>\u00a9Lazaza\n<\/p>\n<p>Il y a toujours, dans ses gestes, un d\u00e9calage. <\/p>\n<p>Une surface peinte et creus\u00e9e devient la matrice d\u2019empreintes, proches de la gravure ou de la s\u00e9rigraphie, toutes uniques, toutes saisissantes. <br class=\"autobr\"\/><br \/>\nSes d\u00e9calages se retrouvent ailleurs\u00a0: dans les tissus d\u00e9chir\u00e9s, repris au fil, fix\u00e9s sur un ch\u00e2ssis blanc, ou dans les vieilles dentelles familiales qu\u2019elle repeint, r\u00e9organise, refait vivre autrement. M\u00eame n\u00e9cessit\u00e9 dans ses \u00ab\u00a0essuyages\u00a0\u00bb\u00a0: sauver la peinture encore attach\u00e9e aux poils du pinceau, la lib\u00e9rer sur une toile ou une feuille. Alors surgissent des formes anthropomorphes, silhouettes sauvages, graffitis involontaires, n\u00e9s du hasard et du reste, empreints d\u2019une v\u00e9rit\u00e9 brute, en marge de la pens\u00e9e.<\/p>\n<p>\t\t<img loading=\"lazy\" decoding=\"async\" src=\"https:\/\/www.europesays.com\/fr\/wp-content\/uploads\/2025\/09\/vertical_article_small-14.png\" width=\"300\" height=\"370\" alt=\"\"\/><\/p>\n<p>Elle photographie les mains dans les mus\u00e9es, les \u00e9glises, les statues, les recompose une s\u00e9rie de mains recueillies comme autant de signes. D\u2019autres images, petites photographies en noir et blanc, o\u00f9 les sujets semblent incomplets, effac\u00e9s, viennent interroger les limites de la repr\u00e9sentation.<\/p>\n<p><strong>La maladie de son p\u00e8re a suscit\u00e9 deux s\u00e9ries <\/strong>\u00a0: les \u00ab\u00a0cellules\u00a0\u00bb, carr\u00e9es et color\u00e9es, et les \u00ab\u00a0flux\u00a0\u00bb, de plus grand format. Toutes deux sont pr\u00e9sent\u00e9es dans son exposition actuelle.<br class=\"autobr\"\/><br \/>\nEnfin, le jazz tient une place centrale dans sa vie. Par amour de la musique, elle organise r\u00e9guli\u00e8rement des concerts \u00e0 la Cave Romagnan, ce petit temple ni\u00e7ois du jazz rue d\u2019Angleterre.<\/p>\n<p>Tout en elle fonctionne ainsi\u00a0: rien n\u2019est perdu, tout se transforme, tout s\u2019inscrit. <\/p>\n<p>Depuis 2012, elle expose et performe. Ses \u0153uvres, comme sa vie, sont travers\u00e9es d\u2019intensit\u00e9s, de silences, de fulgurances. Elle marche, pense, cr\u00e9e \u2014 et ne cesse jamais d\u2019avancer\u00a0: <br class=\"autobr\"\/><br \/>\n\u00ab\u00a0Je suis et j\u2019assume l\u2019autodidaxie d\u2019\u00eatre une dessinatrice, un peintre, un po\u00e8te, un photographe, un com\u00e9dien, un performeur et tout ce que l\u2019univers m\u2019octroie en missions de vie. Et je l\u2019en remercie\u00a0\u00bb<\/p>\n<p><br class=\"autobr\"\/><br \/>\nExposition \u00ab\u00a0Ad Vitam\u00a0\u00bb jusqu\u2019au 9 novembre, chez Manu \u00e0 la Cave Romagnan, 22 rue d\u2019Angleterre \u00e0 Nice.<br class=\"autobr\"\/><br \/>\nVoir aussi sa page <a href=\"https:\/\/www.facebook.com\/IsaditLazaza\/?locale=fr_FR\" class=\"spip_out\" rel=\"external nofollow noopener\" target=\"_blank\">facebook \u00ab\u00a0Isa, dite Lazaza\u00a0\u00bb<\/a><\/p>\n","protected":false},"excerpt":{"rendered":"N\u00e9e \u00e0 Carthage, d\u2019une famille italienne, Isa, dite Lazaza arrive \u00e0 Nice en 1976, \u00e0 l\u2019\u00e2ge de 8&hellip;\n","protected":false},"author":2,"featured_media":365186,"comment_status":"","ping_status":"","sticky":false,"template":"","format":"standard","meta":{"footnotes":""},"categories":[2819],"tags":[1111,11,1777,674,1011,27,12,2401,882,25],"class_list":{"0":"post-365185","1":"post","2":"type-post","3":"status-publish","4":"format-standard","5":"has-post-thumbnail","7":"category-nice","8":"tag-actu","9":"tag-actualites","10":"tag-eu","11":"tag-europe","12":"tag-fr","13":"tag-france","14":"tag-news","15":"tag-nice","16":"tag-provence-alpes-cote-dazur","17":"tag-republique-francaise"},"share_on_mastodon":{"url":"https:\/\/pubeurope.com\/@fr\/115144954094503111","error":""},"_links":{"self":[{"href":"https:\/\/www.europesays.com\/fr\/wp-json\/wp\/v2\/posts\/365185","targetHints":{"allow":["GET"]}}],"collection":[{"href":"https:\/\/www.europesays.com\/fr\/wp-json\/wp\/v2\/posts"}],"about":[{"href":"https:\/\/www.europesays.com\/fr\/wp-json\/wp\/v2\/types\/post"}],"author":[{"embeddable":true,"href":"https:\/\/www.europesays.com\/fr\/wp-json\/wp\/v2\/users\/2"}],"replies":[{"embeddable":true,"href":"https:\/\/www.europesays.com\/fr\/wp-json\/wp\/v2\/comments?post=365185"}],"version-history":[{"count":0,"href":"https:\/\/www.europesays.com\/fr\/wp-json\/wp\/v2\/posts\/365185\/revisions"}],"wp:featuredmedia":[{"embeddable":true,"href":"https:\/\/www.europesays.com\/fr\/wp-json\/wp\/v2\/media\/365186"}],"wp:attachment":[{"href":"https:\/\/www.europesays.com\/fr\/wp-json\/wp\/v2\/media?parent=365185"}],"wp:term":[{"taxonomy":"category","embeddable":true,"href":"https:\/\/www.europesays.com\/fr\/wp-json\/wp\/v2\/categories?post=365185"},{"taxonomy":"post_tag","embeddable":true,"href":"https:\/\/www.europesays.com\/fr\/wp-json\/wp\/v2\/tags?post=365185"}],"curies":[{"name":"wp","href":"https:\/\/api.w.org\/{rel}","templated":true}]}}