{"id":365188,"date":"2025-09-04T07:56:30","date_gmt":"2025-09-04T07:56:30","guid":{"rendered":"https:\/\/www.europesays.com\/fr\/365188\/"},"modified":"2025-09-04T07:56:30","modified_gmt":"2025-09-04T07:56:30","slug":"la-region-des-pays-de-la-loire-et-le-japon-renforcent-leurs-liens","status":"publish","type":"post","link":"https:\/\/www.europesays.com\/fr\/365188\/","title":{"rendered":"La R\u00e9gion des Pays de la Loire et le Japon renforcent leurs liens"},"content":{"rendered":"<p>Le mercredi 3 septembre 2025, la R\u00e9gion Pays de la Loire re\u00e7oit \u00e0 l\u2019H\u00f4tel de r\u00e9gion, \u00e0 Nantes, Makita Shimokawa, l\u2019ambassadeur du Japon en France. Une premi\u00e8re depuis la nomination de ce dernier en 2022. Le vice-pr\u00e9sident de la R\u00e9gion Franck Louvrier et l\u2019ambassadeur \u00e9changeront notamment sur la dynamique \u00e9conomique entre le Japon et les Pays de la Loire, en particulier aux plans de l\u2019export et des investissements \u00e9trangers. Le Japon est aujourd\u2019hui le 9e investisseur \u00e9tranger en Pays de la Loire, avec 42 entreprises implant\u00e9es repr\u00e9sentant 3 700 emplois. Des leaders industriels tels que Toyota Material Handling, Kubota ou encore Yanmar y ont d\u00e9velopp\u00e9 des sites de production et de R &amp; D.<\/p>\n<p>\u00ab Une nouvelle \u00e9tape dans la consolidation des relations nippo-lig\u00e9riennes \u00bb<\/p>\n<p>Franck Louvrier et Makita Shimokawa pr\u00e9sideront ensuite \u00e0 une s\u00e9rie d\u2019\u00e9changes avec des acteurs du territoire mobilis\u00e9s vers le Japon, parmi lesquels des entreprises exportatrices, des entreprises \u00e0 capitaux japonais implant\u00e9es en Pays de la Loire, des repr\u00e9sentants de p\u00f4les de comp\u00e9titivit\u00e9 et de la Team France Export.Cette visite officielle marque une nouvelle \u00e9tape dans la consolidation des relations nippo-lig\u00e9riennes. Elle t\u00e9moigne de la volont\u00e9 commune de renforcer les \u00e9changes \u00e9conomiques, scientifiques et culturels, dans un contexte mondial o\u00f9 l\u2019innovation et la transition \u00e9nerg\u00e9tique sont au c\u0153ur des enjeux, assure Franck Louvrier.<\/p>\n<p>Depuis plusieurs ann\u00e9es, la R\u00e9gion m\u00e8ne une strat\u00e9gie export volontariste vers le Japon, avec des missions \u00e9conomiques (la derni\u00e8re, en novembre 2022, avait mobilis\u00e9 11 entreprises), des participations \u00e0 des salons internationaux (par exemple le Foodex Tokyo chaque ann\u00e9e en partenariat avec Food\u2019Loire d\u00e9di\u00e9 aux acteurs de l\u2019agroalimentaire) et des projets collaboratifs, port\u00e9s par des entreprises et p\u00f4les de comp\u00e9titivit\u00e9 dans des domaines tels que l\u2019agroalimentaire, la sant\u00e9, l\u2019innovation, le maritime et la transition \u00e9nerg\u00e9tique.<\/p>\n<p>\u00a0<\/p>\n","protected":false},"excerpt":{"rendered":"Le mercredi 3 septembre 2025, la R\u00e9gion Pays de la Loire re\u00e7oit \u00e0 l\u2019H\u00f4tel de r\u00e9gion, \u00e0 Nantes,&hellip;\n","protected":false},"author":2,"featured_media":365189,"comment_status":"","ping_status":"","sticky":false,"template":"","format":"standard","meta":{"footnotes":""},"categories":[2818],"tags":[1111,11,1777,674,1011,27,2070,32595,3367,766,12,5457,2636,16,12220,25],"class_list":{"0":"post-365188","1":"post","2":"type-post","3":"status-publish","4":"format-standard","5":"has-post-thumbnail","7":"category-nantes","8":"tag-actu","9":"tag-actualites","10":"tag-eu","11":"tag-europe","12":"tag-fr","13":"tag-france","14":"tag-japon","15":"tag-liens","16":"tag-loire","17":"tag-nantes","18":"tag-news","19":"tag-pays","20":"tag-pays-de-la-loire","21":"tag-region","22":"tag-renforcent","23":"tag-republique-francaise"},"share_on_mastodon":{"url":"https:\/\/pubeurope.com\/@fr\/115144961957070509","error":""},"_links":{"self":[{"href":"https:\/\/www.europesays.com\/fr\/wp-json\/wp\/v2\/posts\/365188","targetHints":{"allow":["GET"]}}],"collection":[{"href":"https:\/\/www.europesays.com\/fr\/wp-json\/wp\/v2\/posts"}],"about":[{"href":"https:\/\/www.europesays.com\/fr\/wp-json\/wp\/v2\/types\/post"}],"author":[{"embeddable":true,"href":"https:\/\/www.europesays.com\/fr\/wp-json\/wp\/v2\/users\/2"}],"replies":[{"embeddable":true,"href":"https:\/\/www.europesays.com\/fr\/wp-json\/wp\/v2\/comments?post=365188"}],"version-history":[{"count":0,"href":"https:\/\/www.europesays.com\/fr\/wp-json\/wp\/v2\/posts\/365188\/revisions"}],"wp:featuredmedia":[{"embeddable":true,"href":"https:\/\/www.europesays.com\/fr\/wp-json\/wp\/v2\/media\/365189"}],"wp:attachment":[{"href":"https:\/\/www.europesays.com\/fr\/wp-json\/wp\/v2\/media?parent=365188"}],"wp:term":[{"taxonomy":"category","embeddable":true,"href":"https:\/\/www.europesays.com\/fr\/wp-json\/wp\/v2\/categories?post=365188"},{"taxonomy":"post_tag","embeddable":true,"href":"https:\/\/www.europesays.com\/fr\/wp-json\/wp\/v2\/tags?post=365188"}],"curies":[{"name":"wp","href":"https:\/\/api.w.org\/{rel}","templated":true}]}}