{"id":365190,"date":"2025-09-04T07:57:17","date_gmt":"2025-09-04T07:57:17","guid":{"rendered":"https:\/\/www.europesays.com\/fr\/365190\/"},"modified":"2025-09-04T07:57:17","modified_gmt":"2025-09-04T07:57:17","slug":"le-diocese-de-nantes-face-a-laffaire-des-abus-sexuels-a-saint%e2%80%90stanislas","status":"publish","type":"post","link":"https:\/\/www.europesays.com\/fr\/365190\/","title":{"rendered":"Le dioc\u00e8se de Nantes face \u00e0 l\u2019affaire des abus sexuels \u00e0 Saint\u2010Stanislas"},"content":{"rendered":"<p>\u00ab\u202fNous sommes boulevers\u00e9s par ces t\u00e9moignages et r\u00e9volt\u00e9s par ces actes. Il est essentiel que la parole puisse continuer \u00e0 se lib\u00e9rer et la v\u00e9rit\u00e9 \u00e9clater au grand jour\u202f\u00bb. Chaque mot de l\u2019\u00e9v\u00eaque de Nantes, Mgr Laurent Percerou, est pes\u00e9. Ce vendredi 29 ao\u00fbt dans l\u2019apr\u00e8s\u2010midi, une vaste salle de la direction de l\u2019enseignement catholique (DEC) de Loire\u2010Atlantique re\u00e7oit une vingtaine de journalistes. Autour d\u2019eux, tout autant de personnels ou de membres d\u2019associations. L\u2019ambiance est lourde. \u00ab\u202fCes faits ne disent rien de ce qu\u2019il se passe aujourd\u2019hui \u00e0 Saint\u2010Stan. \u00c7a ne doit pas compromettre le travail de qualit\u00e9 qui y est fait\u202f\u00bb, d\u00e9mine Fr\u00e9d\u00e9ric Delemazure, directeur dioc\u00e9sain de l\u2019enseignement catholique.<\/p>\n<p>Car ce sont bien des abus sexuels survenus au sein du <a href=\"https:\/\/www.mediacites.fr\/enquete\/nantes\/2023\/09\/28\/a-nantes-saint-stanislas-letablissement-pour-enfants-de-milieu-aise-se-veut-desormais-ouvert-a-tous\/\" rel=\"nofollow noopener\" target=\"_blank\">prestigieux coll\u00e8ge\u2010lyc\u00e9e de Saint\u2010Stanislas<\/a>, fond\u00e9 en 1829 dans le centre de Nantes, qui sont r\u00e9v\u00e9l\u00e9s ce jour\u2010l\u00e0. Et ce \u00e0 trois jours de cette semaine de rentr\u00e9e, durant laquelle l\u2019\u00e9tablissement accueille 1 612 \u00e9l\u00e8ves. Thierry Bourg\u00e8re, son directeur depuis 2018, dit ressentir \u00ab\u202fune forme de d\u00e9go\u00fbt pour ces actes inimaginables. C\u2019est un \u00e9tablissement familial, et nous \u00e9prouvons une forme de compassion pour toutes les victimes\u202f\u00bb, ajoute\u2010t\u2010il. Retour sur une affaire de violences sexuelles d\u2019une ampleur jamais vue \u00e0 l\u2019\u00e9chelle de l\u2019acad\u00e9mie de Nantes.<\/p>\n<p>Nous vous offrons l\u2019acc\u00e8s \u00e0 cet article<\/p>\n<p>Et \u00e0 toutes nos enqu\u00eates pendant deux jours\u00a0\u00a0! <br \/>Oui, on est g\u00e9n\u00e9reux \ud83d\ude09 Mais pensez aussi \u00e0 <a href=\"https:\/\/www.mediacites.fr\/sabonner\/\" target=\"_blank\" style=\"color:#fff\" rel=\"nofollow noopener\">vous abonner<\/a>\u00a0\u00a0!<\/p>\n<p>\t\tEn renseignant votre adresse, vous acceptez nos <a href=\"https:\/\/www.mediacites.fr\/conditions-generales-d-utilisation\/\" target=\"_blank\" rel=\"nofollow noopener\">conditions g\u00e9n\u00e9rales d\u2019utilisation<\/a>. <br \/>Mediacit\u00e9s s\u2019engage \u00e0 ne pas c\u00e9der votre adresse \u00e0 des tiers. En cas d\u2019\u00e9chec, \u00e9crivez \u00e0 <a href=\"https:\/\/www.mediacites.fr\/decryptage\/nantes\/2025\/09\/04\/le-diocese-de-nantes-face-a-laffaire-des-abus-sexuels-a-saint-stanislas\/mailto:contact@mediacites.fr\" rel=\"nofollow noopener\" target=\"_blank\">contact@mediacites.fr<\/a><\/p>\n<ul>\n<li>J\u2019acc\u00e8de aux 4 \u00e9ditions de Mediacit\u00e9s (Lille, Lyon, Nantes et Toulouse)<\/li>\n<li>Je d\u00e9couvre un m\u00e9dia 100 % ind\u00e9pendant, avec 0 % de publicit\u00e9<\/li>\n<\/ul>\n<p>Envie de lire la\u00a0suite\u202f?<\/p>\n<p class=\"price\">1\u20ac le premier mois<\/p>\n<p class=\"description\">Puis 7,90\u20ac par\u00a0mois<\/p>\n<p><a class=\"button button--green\" href=\"https:\/\/www.mediacites.fr\/sabonner\/?sub=55\" style=\"margin-top:22px;font-size:13px;\" rel=\"nofollow noopener\" target=\"_blank\">Je teste\u202f! <\/a><\/p>\n<ul>\n<li>Acc\u00e8s aux 4 \u00e9ditions de Mediacit\u00e9s (Lille, Lyon, Nantes et Toulouse)<\/li>\n<li>100 % ind\u00e9pendant, avec 0 % de publicit\u00e9<\/li>\n<li>R\u00e9siliation facile \u00e0 tout moment<\/li>\n<\/ul>\n<p>Mediacit\u00e9s offre l\u2019acc\u00e8s \u00e0 cet article aux lecteurs de News2Com<\/p>\n<p>Et \u00e0 toutes nos enqu\u00eates pendant deux jours\u00a0\u00a0! <br \/>Oui, on est g\u00e9n\u00e9reux \ud83d\ude09 Mais pensez aussi \u00e0 <a href=\"https:\/\/www.mediacites.fr\/sabonner\/\" target=\"_blank\" style=\"color:#fff\" rel=\"nofollow noopener\">vous abonner<\/a>\u00a0\u00a0!<\/p>\n<p>\t\tEn renseignant votre adresse, vous acceptez nos <a href=\"https:\/\/www.mediacites.fr\/conditions-generales-d-utilisation\/\" target=\"_blank\" rel=\"nofollow noopener\">conditions g\u00e9n\u00e9rales d\u2019utilisation<\/a>. <br \/>Mediacit\u00e9s s\u2019engage \u00e0 ne pas c\u00e9der votre adresse \u00e0 des tiers. En cas d\u2019\u00e9chec, \u00e9crivez \u00e0 <a href=\"https:\/\/www.mediacites.fr\/decryptage\/nantes\/2025\/09\/04\/le-diocese-de-nantes-face-a-laffaire-des-abus-sexuels-a-saint-stanislas\/mailto:contact@mediacites.fr\" rel=\"nofollow noopener\" target=\"_blank\">contact@mediacites.fr<\/a><\/p>\n<ul>\n<li>J\u2019acc\u00e8de aux 4 \u00e9ditions de Mediacit\u00e9s (Lille, Lyon, Nantes et Toulouse)<\/li>\n<li>Je d\u00e9couvre un m\u00e9dia 100 % ind\u00e9pendant, avec 0 % de publicit\u00e9<\/li>\n<\/ul>\n","protected":false},"excerpt":{"rendered":"\u00ab\u202fNous sommes boulevers\u00e9s par ces t\u00e9moignages et r\u00e9volt\u00e9s par ces actes. Il est essentiel que la parole puisse&hellip;\n","protected":false},"author":2,"featured_media":365191,"comment_status":"","ping_status":"","sticky":false,"template":"","format":"standard","meta":{"footnotes":""},"categories":[2818],"tags":[1111,11,1777,674,1011,27,766,12,2636,25],"class_list":{"0":"post-365190","1":"post","2":"type-post","3":"status-publish","4":"format-standard","5":"has-post-thumbnail","7":"category-nantes","8":"tag-actu","9":"tag-actualites","10":"tag-eu","11":"tag-europe","12":"tag-fr","13":"tag-france","14":"tag-nantes","15":"tag-news","16":"tag-pays-de-la-loire","17":"tag-republique-francaise"},"share_on_mastodon":{"url":"https:\/\/pubeurope.com\/@fr\/115144965804644964","error":""},"_links":{"self":[{"href":"https:\/\/www.europesays.com\/fr\/wp-json\/wp\/v2\/posts\/365190","targetHints":{"allow":["GET"]}}],"collection":[{"href":"https:\/\/www.europesays.com\/fr\/wp-json\/wp\/v2\/posts"}],"about":[{"href":"https:\/\/www.europesays.com\/fr\/wp-json\/wp\/v2\/types\/post"}],"author":[{"embeddable":true,"href":"https:\/\/www.europesays.com\/fr\/wp-json\/wp\/v2\/users\/2"}],"replies":[{"embeddable":true,"href":"https:\/\/www.europesays.com\/fr\/wp-json\/wp\/v2\/comments?post=365190"}],"version-history":[{"count":0,"href":"https:\/\/www.europesays.com\/fr\/wp-json\/wp\/v2\/posts\/365190\/revisions"}],"wp:featuredmedia":[{"embeddable":true,"href":"https:\/\/www.europesays.com\/fr\/wp-json\/wp\/v2\/media\/365191"}],"wp:attachment":[{"href":"https:\/\/www.europesays.com\/fr\/wp-json\/wp\/v2\/media?parent=365190"}],"wp:term":[{"taxonomy":"category","embeddable":true,"href":"https:\/\/www.europesays.com\/fr\/wp-json\/wp\/v2\/categories?post=365190"},{"taxonomy":"post_tag","embeddable":true,"href":"https:\/\/www.europesays.com\/fr\/wp-json\/wp\/v2\/tags?post=365190"}],"curies":[{"name":"wp","href":"https:\/\/api.w.org\/{rel}","templated":true}]}}