{"id":365192,"date":"2025-09-04T07:58:13","date_gmt":"2025-09-04T07:58:13","guid":{"rendered":"https:\/\/www.europesays.com\/fr\/365192\/"},"modified":"2025-09-04T07:58:13","modified_gmt":"2025-09-04T07:58:13","slug":"la-gironde-et-bordeaux-en-vigilance-face-a-la-menace-de-la-fourmi-electrique","status":"publish","type":"post","link":"https:\/\/www.europesays.com\/fr\/365192\/","title":{"rendered":"La Gironde et Bordeaux en vigilance face \u00e0 la menace de la fourmi \u00e9lectrique"},"content":{"rendered":"<p>La Gironde et plus largement la Nouvelle-Aquitaine sont plac\u00e9es en \u00e9tat d\u2019alerte face \u00e0 la progression de la fourmi \u00e9lectrique, <strong>Wasmannia auropunctata<\/strong>, un insecte minuscule d\u2019\u00e0 peine 1,2 millim\u00e8tre, originaire d\u2019Am\u00e9rique du Sud. <\/p>\n<p><img fetchpriority=\"high\" decoding=\"async\" width=\"1024\" height=\"683\" src=\"https:\/\/www.bougerabordeaux.com\/wp-content\/uploads\/2025\/09\/fourmi-electrique-1024x683.webp\" alt=\"\" class=\"wp-image-83057\"  \/>Bordeaux sous surveillance accrue : la fourmi \u00e9lectrique menace biodiversit\u00e9, vignobles et jardins urbains par ses supercolonies envahissantes et piq\u00fbres douloureuses.<\/p>\n<p><strong>Son arriv\u00e9e progressive en France inqui\u00e8te les autorit\u00e9s, notamment depuis qu\u2019un foyer a \u00e9t\u00e9 confirm\u00e9 \u00e0 Toulon en 2022.<\/strong> Dans le sud-ouest, les conditions climatiques et les \u00e9changes commerciaux offrent un terrain propice \u00e0 son implantation, et Bordeaux figure parmi les zones les plus expos\u00e9es.<\/p>\n<p>Une esp\u00e8ce envahissante au mode de vie unique<\/p>\n<p><strong>La fourmi \u00e9lectrique se distingue par sa reproduction clonale : les reines transmettent leur patrimoine g\u00e9n\u00e9tique sans m\u00e9lange, tout comme les m\u00e2les.<\/strong> Ce m\u00e9canisme favorise une expansion rapide et homog\u00e8ne, renforc\u00e9e par un mode de colonisation original. Loin de se limiter \u00e0 une fourmili\u00e8re, elle b\u00e2tit de v\u00e9ritables r\u00e9seaux de petits nids reli\u00e9s entre eux, formant des supercolonies capables d\u2019occuper des hectares entiers. Son impact \u00e9cologique est redoutable : disparition des insectes locaux, effondrement de la biodiversit\u00e9 et d\u00e9s\u00e9quilibre durable des sols.<\/p>\n<p>Une r\u00e9gion en premi\u00e8re ligne<\/p>\n<p><img loading=\"lazy\" decoding=\"async\" width=\"1024\" height=\"533\" src=\"https:\/\/www.europesays.com\/fr\/wp-content\/uploads\/2025\/09\/fourmi-electrique-2-1024x533.jpeg\" alt=\"\" class=\"wp-image-83058\"  \/>En Gironde, la fourmi \u00e9lectrique inqui\u00e8te : ports, serres et \u00e9changes commerciaux exposent Bordeaux et Arcachon \u00e0 une colonisation rapide.<\/p>\n<p><strong>En Gironde, les risques sont multiples. <\/strong>Le bassin d\u2019Arcachon, avec ses ports, ses serres horticoles et ses millions de pots de plantes \u00e9chang\u00e9s chaque ann\u00e9e, constitue une porte d\u2019entr\u00e9e id\u00e9ale. Bordeaux, centre n\u00e9vralgique du commerce et de la logistique r\u00e9gionale, est \u00e9galement vuln\u00e9rable. La circulation continue de conteneurs, plantes exotiques et marchandises accro\u00eet les probabilit\u00e9s d\u2019introduction. Des campagnes de surveillance sont d\u00e9j\u00e0 en cours, notamment dans les zones humides autour d\u2019Arcachon et dans certaines p\u00e9pini\u00e8res girondines. <strong>Des habitants ont rapport\u00e9 des piq\u00fbres inhabituelles et la pr\u00e9sence de petites fourmis agressives, mais les pr\u00e9l\u00e8vements n\u2019ont pas encore confirm\u00e9 d\u2019implantation durable.<\/strong><\/p>\n<p>Un risque \u00e9conomique et sanitaire<\/p>\n<p><strong>Au-del\u00e0 de la biodiversit\u00e9, les retomb\u00e9es pourraient \u00eatre lourdes pour l\u2019\u00e9conomie locale. <\/strong>Les serres de fleurs, les vignobles et les espaces verts urbains bordelais sont particuli\u00e8rement expos\u00e9s. La fourmi \u00e9lectrique s\u2019installe volontiers dans les environnements artificiels comme les jardins et balcons chauff\u00e9s. Ses piq\u00fbres douloureuses posent \u00e9galement un probl\u00e8me de sant\u00e9 publique, susceptibles de d\u00e9courager touristes et promeneurs. Dans les zones tropicales d\u00e9j\u00e0 colonis\u00e9es, comme Tahiti ou la Nouvelle-Cal\u00e9donie, les animaux domestiques et le b\u00e9tail d\u00e9veloppent des affections chroniques li\u00e9es \u00e0 ces insectes.<\/p>\n<p>Une menace difficile \u00e0 contenir<\/p>\n<p><img loading=\"lazy\" decoding=\"async\" width=\"1024\" height=\"768\" src=\"https:\/\/www.europesays.com\/fr\/wp-content\/uploads\/2025\/09\/fourmi-electrique-3-1024x768.jpg\" alt=\"\" class=\"wp-image-83059\"  \/>La Gironde mobilis\u00e9e : campagnes de d\u00e9tection, vigilance citoyenne et contr\u00f4les renforc\u00e9s pour \u00e9viter l\u2019installation durable de la fourmi \u00e9lectrique invasive.<\/p>\n<p><strong>Depuis 2022, la fourmi \u00e9lectrique est inscrite sur la liste noire europ\u00e9enne des esp\u00e8ces exotiques pr\u00e9occupantes, ce qui interdit son importation et sa commercialisation.<\/strong> Mais la r\u00e9glementation reste difficile \u00e0 appliquer. Les douanes fran\u00e7aises manquent de moyens pour inspecter syst\u00e9matiquement les cargaisons v\u00e9g\u00e9tales, et les jardineries n\u2019ont pas toujours d\u2019outils pour identifier l\u2019esp\u00e8ce. \u00c0 Bordeaux, quelques actions de sensibilisation ont d\u00e9but\u00e9, avec affiches et supports num\u00e9riques dans les magasins sp\u00e9cialis\u00e9s, mais la population reste peu inform\u00e9e.<\/p>\n<p>Un enjeu \u00e9cologique majeur pour la Gironde<\/p>\n<p><strong>L\u2019exemple de la Nouvelle-Cal\u00e9donie montre que l\u2019inaction conduit \u00e0 une colonisation irr\u00e9versible. <\/strong>L\u00e0-bas, certaines \u00eeles sont biologiquement consid\u00e9r\u00e9es comme perdues. Pour la Gironde, il s\u2019agit d\u2019agir avant que l\u2019insecte ne trouve un ancrage durable. L\u2019Office fran\u00e7ais de la biodiversit\u00e9 appelle \u00e0 une vigilance collective : reconna\u00eetre la fourmi, signaler sa pr\u00e9sence et \u00e9viter la diss\u00e9mination accidentelle par le transport de v\u00e9g\u00e9taux.<\/p>\n<p><strong>Face \u00e0 ce danger discret mais implacable, Bordeaux et sa r\u00e9gion prennent conscience d\u2019une fragilit\u00e9 nouvelle.<\/strong> L\u2019avenir d\u00e9pendra de la rapidit\u00e9 avec laquelle la menace sera d\u00e9tect\u00e9e et contenue, avant que la fourmi \u00e9lectrique ne transforme durablement les \u00e9quilibres \u00e9cologiques du territoire.<\/p>\n<p>A lire aussi : <a href=\"https:\/\/www.bougerabordeaux.com\/actu\/nouvelle-aquitaine-un-ete-2025-morose-pour-les-restaurateurs\/\" rel=\"nofollow noopener\" target=\"_blank\">Nouvelle-Aquitaine : un \u00e9t\u00e9 2025 morose pour les restaurateurs<\/a><\/p>\n","protected":false},"excerpt":{"rendered":"La Gironde et plus largement la Nouvelle-Aquitaine sont plac\u00e9es en \u00e9tat d\u2019alerte face \u00e0 la progression de la&hellip;\n","protected":false},"author":2,"featured_media":365193,"comment_status":"","ping_status":"","sticky":false,"template":"","format":"standard","meta":{"footnotes":""},"categories":[2817],"tags":[1111,11,1997,1777,674,1011,27,12,2219,25],"class_list":{"0":"post-365192","1":"post","2":"type-post","3":"status-publish","4":"format-standard","5":"has-post-thumbnail","7":"category-bordeaux","8":"tag-actu","9":"tag-actualites","10":"tag-bordeaux","11":"tag-eu","12":"tag-europe","13":"tag-fr","14":"tag-france","15":"tag-news","16":"tag-nouvelle-aquitaine","17":"tag-republique-francaise"},"share_on_mastodon":{"url":"https:\/\/pubeurope.com\/@fr\/115144970886326911","error":""},"_links":{"self":[{"href":"https:\/\/www.europesays.com\/fr\/wp-json\/wp\/v2\/posts\/365192","targetHints":{"allow":["GET"]}}],"collection":[{"href":"https:\/\/www.europesays.com\/fr\/wp-json\/wp\/v2\/posts"}],"about":[{"href":"https:\/\/www.europesays.com\/fr\/wp-json\/wp\/v2\/types\/post"}],"author":[{"embeddable":true,"href":"https:\/\/www.europesays.com\/fr\/wp-json\/wp\/v2\/users\/2"}],"replies":[{"embeddable":true,"href":"https:\/\/www.europesays.com\/fr\/wp-json\/wp\/v2\/comments?post=365192"}],"version-history":[{"count":0,"href":"https:\/\/www.europesays.com\/fr\/wp-json\/wp\/v2\/posts\/365192\/revisions"}],"wp:featuredmedia":[{"embeddable":true,"href":"https:\/\/www.europesays.com\/fr\/wp-json\/wp\/v2\/media\/365193"}],"wp:attachment":[{"href":"https:\/\/www.europesays.com\/fr\/wp-json\/wp\/v2\/media?parent=365192"}],"wp:term":[{"taxonomy":"category","embeddable":true,"href":"https:\/\/www.europesays.com\/fr\/wp-json\/wp\/v2\/categories?post=365192"},{"taxonomy":"post_tag","embeddable":true,"href":"https:\/\/www.europesays.com\/fr\/wp-json\/wp\/v2\/tags?post=365192"}],"curies":[{"name":"wp","href":"https:\/\/api.w.org\/{rel}","templated":true}]}}