{"id":365196,"date":"2025-09-04T08:00:16","date_gmt":"2025-09-04T08:00:16","guid":{"rendered":"https:\/\/www.europesays.com\/fr\/365196\/"},"modified":"2025-09-04T08:00:16","modified_gmt":"2025-09-04T08:00:16","slug":"passage-de-ladsl-a-la-fibre-en-haute-garonne-le-compte-a-rebours-est-lance","status":"publish","type":"post","link":"https:\/\/www.europesays.com\/fr\/365196\/","title":{"rendered":"Passage de l\u2019ADSL \u00e0 la fibre en Haute-Garonne : le compte \u00e0 rebours est lanc\u00e9 !"},"content":{"rendered":"<p>\t\t\t\t\t<a href=\"https:\/\/gazette-du-midi.fr\/au-sommaire\/collectivites\/\" class=\"rubrique-lien rubrique-courante\" rel=\"nofollow noopener\" target=\"_blank\">Collectivit\u00e9s<\/a><\/p>\n<p><strong>R\u00e9seau.<\/strong> Avec plus de 333 000 prises raccord\u00e9es \u00e0 la fibre optique sur le d\u00e9partement depuis 2018, le syndicat mixte Haute-Garonne Num\u00e9rique a termin\u00e9 la phase de d\u00e9ploiement du r\u00e9seau en juillet dernier. Co\u00fbt de l\u2019op\u00e9ration\u00a0: 530 M\u20ac. Sa mission aujourd\u2019hui, travailler avec les communes pour informer sur la disponibilit\u00e9 de ce service, notamment aupr\u00e8s des publics les plus \u00e9loign\u00e9s.<\/p>\n<ul class=\"list-inline\">\n<li class=\"list-inline-item\">\n  Publi\u00e9 le 4 septembre 2025\n<\/li>\n<li class=\"list-inline-item d-none d-md-inline info-separateur\"><\/li>\n<li class=\"list-inline-item d-block mt-2 d-md-inline mt-md-0 info-auteur\">\n<p>R\u00e9daction GdM\n<\/li>\n<\/ul>\n<p><img decoding=\"async\" src=\"https:\/\/www.europesays.com\/fr\/wp-content\/uploads\/2025\/09\/e8b2957598fb01cdc0fad08bb6a485.jpg\" alt=\"\" width=\"1052\" height=\"659\" fetchpriority=\"low\" loading=\"lazy\"\/><\/p>\n<p>D\u00e9j\u00e0 trois communes de Haute-Garonne ont \u00e9t\u00e9 concern\u00e9es par la fermeture du service ADSL en janvier dernier pour laisser place \u00e0 la fibre optique. D\u2019ici janvier 2026, elle seront 22 assure le pr\u00e9sident de Haute-Garonne Num\u00e9rique Victor Denouvion. (\u00a9Haute-Garonne Num\u00e9rique)<\/p>\n<p>V\u00e9ritable bouleversement technologie et num\u00e9rique, la transition de l\u2019ADSL \u00e0 la fibre optique est devenue, ces derni\u00e8res ann\u00e9es, un enjeu majeur pour l\u2019acc\u00e8s \u00e0 internet, au r\u00e9seau de t\u00e9l\u00e9phonie fixe ou \u00e0 la t\u00e9l\u00e9vision. La connexion internet \u00e9tant devenue indispensable dans nos vies professionnelles et personnelles, notamment suite \u00e0 l\u2019essor post Covid du t\u00e9l\u00e9travail, de la t\u00e9l\u00e9m\u00e9decine ou encore en termes de loisir avec les jeux vid\u00e9o en ligne sans oublier les diff\u00e9rentes plateformes de streaming.<\/p>\n<p>\u00ab\u00a0Aujourd\u2019hui internet est au centre de nos quotidiens et nous avons besoin de rapidit\u00e9 et d\u2019efficacit\u00e9, c\u2019est ce qu\u2019offre la fibre\u00a0\u00bb, explique ainsi <strong>Victor Denouvion<\/strong>, pr\u00e9sident de <a href=\"https:\/\/hautegaronnenumerique.fr\/\" class=\"spip_out\" rel=\"external nofollow noopener\" target=\"_blank\">Haute-Garonne Num\u00e9rique<\/a>, et vice-pr\u00e9sident du Conseil D\u00e9partemental 31.<\/p>\n<p>68\u00a0% des foyers et entreprises raccord\u00e9s<\/p>\n<p>Charg\u00e9 du d\u00e9ploiement, de la mise en \u0153uvre et de la gestion du haut d\u00e9bit sur le 31, le syndicat mixte Haute-Garonne Num\u00e9rique a annonc\u00e9, dans un communiqu\u00e9 dat\u00e9 du 15 juillet dernier, avoir raccord\u00e9 plus de <strong>333 000 prises<\/strong>, soit 68\u00a0% des foyers et entreprises du territoire, au r\u00e9seau de fibre optique depuis sa cr\u00e9ation en 2018. Compos\u00e9e du Conseil d\u00e9partemental et de l\u2019ensemble des communaut\u00e9s de communes et communaut\u00e9s d\u2019agglom\u00e9rations de son territoire, la structure intervient sur la totalit\u00e9 du d\u00e9partement \u00e0 l\u2019exception des communes situ\u00e9es en zones \u00ab\u00a0denses\u00a0\u00bb, \u00e0 savoir Toulouse M\u00e9tropole, Muret, Plaisance-du-Touch et Ramonville-Saint-Agne.<\/p>\n<p>Le 20 d\u00e9cembre dernier, Haute-Garonne Num\u00e9rique, qui compte <strong>une vingtaine d\u2019employ\u00e9s<\/strong>, signait d\u2019ailleurs le protocole de fin de d\u00e9ploiement du r\u00e9seau fibre optique, m\u00eame si, comme le rappelle son pr\u00e9sident\u00a0:<\/p>\n<blockquote class=\"spip\">\n<p>Ce travail n\u2019est jamais v\u00e9ritablement termin\u00e9 puisque notre d\u00e9partement attire chaque ann\u00e9e de nouveaux habitants et que des dizaines de milliers de logements sortent de terre.\u00a0\u00bb<\/p>\n<\/blockquote>\n<p>Fermeture du r\u00e9seau cuivre d\u2019ici 2030<\/p>\n<p><img decoding=\"async\" src=\"https:\/\/gazette-du-midi.fr\/local\/cache-gd2\/48\/bb2a0203f46fc3b7261bef5ec9cdb6.jpg?1756965635\" alt=\"\" width=\"1052\" height=\"1638\" fetchpriority=\"low\" loading=\"lazy\"\/><\/p>\n<p>\u00c0 la fois pr\u00e9sident de Haute-Garonne Num\u00e9rique et vice-pr\u00e9sident du Conseil D\u00e9partemental de la Haute-Garonne, Victor Denouvion met l\u2019accent sur la sensibilisation pour inciter les Haut-Garonnais \u00e0 passer \u00e0 la fibre optique. (\u00a9Haute-Garonne Num\u00e9rique)<\/p>\n<p>D\u2019abord \u00e9valu\u00e9e \u00e0 300 M\u20ac, \u00ab\u00a0cette premi\u00e8re phase de raccordement a finalement repr\u00e9sent\u00e9 un investissement de 530 M\u20ac\u00a0\u00bb, d\u00e9taille Victor Denouvion. Un co\u00fbt support\u00e9 par le D\u00e9partement, avec le soutien de l\u2019entreprise <a href=\"https:\/\/www.fibre31.fr\/\" class=\"spip_out\" rel=\"external nofollow noopener\" target=\"_blank\">Fibre 31<\/a> &#8211; dont le millier de collaborateurs est en charge du d\u00e9ploiement de la fibre sur le terrain &#8211; ainsi que par les communes concern\u00e9es.<\/p>\n<p>Avec cette large couverture d\u00e9sormais atteinte, le syndicat mixte se focalise maintenant sur une nouvelle mission\u00a0: celle d\u2019accompagner les \u00e9lus des collectivit\u00e9s \u00e0 <strong>informer les populations sur la disponibilit\u00e9 de ce service<\/strong>, qui viendra en remplacement de l\u2019ADSL, vou\u00e9e \u00e0 dispara\u00eetre \u00e0 l\u2019horizon 2030.<\/p>\n<p>Un enjeu majeur alors que la mise en \u0153uvre op\u00e9rationnelle de la fermeture du r\u00e9seau cuivre, assur\u00e9e par Orange qui en est propri\u00e9taire, s\u2019organise de mani\u00e8re progressive et par tranches et a d\u00e9j\u00e0 \u00e9t\u00e9 op\u00e9r\u00e9e \u00e0 Albiac, La Salvetat-Lauragais et Venerque. \u00ab\u00a0D\u2019ici \u00e0 2028, 449 communes sur les 548 du territoire verront ce service fermer au fur et \u00e0 mesure\u00a0\u00bb, alerte le pr\u00e9sident de Haute-Garonne Num\u00e9rique qui plaide pour <strong>une campagne d\u2019informations \u00e0 l\u2019\u00e9chelle nationale et local<\/strong>e.<\/p>\n<blockquote class=\"spip\">\n<p>Trop de gens sont encore dans l\u2019ignorance sur ce sujet et n\u2019ont pas conscience qu\u2019elles doivent agir pour migrer vers la fibre. C\u2019est notamment le cas des personnes \u00e9loign\u00e9es des usages du num\u00e9rique mais pas seulement.\u00a0\u00bb<\/p>\n<\/blockquote>\n<p>Les territoires face \u00e0 la fracture num\u00e9rique<\/p>\n<p>C\u2019est pour cela que le syndicat mixte travaille main dans la main avec les diff\u00e9rentes communes pour que chaque citoyen du d\u00e9partement soit sensibilis\u00e9 \u00e0 l\u2019importance du passage \u00e0 la fibre, qui reste gratuit s\u2019il n\u2019y a pas de travaux \u00e0 effectuer.<\/p>\n<p>\u00ab\u00a0L\u2019enjeu est de taille car il subsiste encore aujourd\u2019hui des in\u00e9galit\u00e9s sur l\u2019acc\u00e8s \u00e0 Internet avec des d\u00e9bits diff\u00e9rents, notamment entre les communes urbaines et les plus rurales. Si on parle en effet souvent de fracture g\u00e9n\u00e9rationnelle, celle territoriale est aussi bien r\u00e9elle. C\u2019est pour cela qu\u2019avec les \u00e9quipes de Fibre 31 et les communes, nous tenons \u00e0 raccorder toutes les zones, m\u00eame les plus recul\u00e9es\u00a0\u00bb, affirme Victor Denouvion, qui rappelle qu\u2019au 1er juillet encore <strong>106 225 foyers ou entreprises<\/strong> du territoire n\u2019avaient pas proc\u00e9d\u00e9 \u00e0 la migration vers la fibre.<\/p>\n","protected":false},"excerpt":{"rendered":"Collectivit\u00e9s R\u00e9seau. Avec plus de 333 000 prises raccord\u00e9es \u00e0 la fibre optique sur le d\u00e9partement depuis 2018,&hellip;\n","protected":false},"author":2,"featured_media":365197,"comment_status":"","ping_status":"","sticky":false,"template":"","format":"standard","meta":{"footnotes":""},"categories":[2816],"tags":[1111,11,1777,674,1011,27,12,2680,25,2312],"class_list":{"0":"post-365196","1":"post","2":"type-post","3":"status-publish","4":"format-standard","5":"has-post-thumbnail","7":"category-toulouse","8":"tag-actu","9":"tag-actualites","10":"tag-eu","11":"tag-europe","12":"tag-fr","13":"tag-france","14":"tag-news","15":"tag-occitanie","16":"tag-republique-francaise","17":"tag-toulouse"},"share_on_mastodon":{"url":"https:\/\/pubeurope.com\/@fr\/115144977662830945","error":""},"_links":{"self":[{"href":"https:\/\/www.europesays.com\/fr\/wp-json\/wp\/v2\/posts\/365196","targetHints":{"allow":["GET"]}}],"collection":[{"href":"https:\/\/www.europesays.com\/fr\/wp-json\/wp\/v2\/posts"}],"about":[{"href":"https:\/\/www.europesays.com\/fr\/wp-json\/wp\/v2\/types\/post"}],"author":[{"embeddable":true,"href":"https:\/\/www.europesays.com\/fr\/wp-json\/wp\/v2\/users\/2"}],"replies":[{"embeddable":true,"href":"https:\/\/www.europesays.com\/fr\/wp-json\/wp\/v2\/comments?post=365196"}],"version-history":[{"count":0,"href":"https:\/\/www.europesays.com\/fr\/wp-json\/wp\/v2\/posts\/365196\/revisions"}],"wp:featuredmedia":[{"embeddable":true,"href":"https:\/\/www.europesays.com\/fr\/wp-json\/wp\/v2\/media\/365197"}],"wp:attachment":[{"href":"https:\/\/www.europesays.com\/fr\/wp-json\/wp\/v2\/media?parent=365196"}],"wp:term":[{"taxonomy":"category","embeddable":true,"href":"https:\/\/www.europesays.com\/fr\/wp-json\/wp\/v2\/categories?post=365196"},{"taxonomy":"post_tag","embeddable":true,"href":"https:\/\/www.europesays.com\/fr\/wp-json\/wp\/v2\/tags?post=365196"}],"curies":[{"name":"wp","href":"https:\/\/api.w.org\/{rel}","templated":true}]}}