{"id":365198,"date":"2025-09-04T08:01:11","date_gmt":"2025-09-04T08:01:11","guid":{"rendered":"https:\/\/www.europesays.com\/fr\/365198\/"},"modified":"2025-09-04T08:01:11","modified_gmt":"2025-09-04T08:01:11","slug":"tfc-il-peut-vraiment-faire-quelque-chose-de-tres-bien-a-toulouse-un-ancien-coequipier-demersonn-raconte-la-nouvelle-recrue-toulousaine","status":"publish","type":"post","link":"https:\/\/www.europesays.com\/fr\/365198\/","title":{"rendered":"TFC\u00a0: \u00ab\u00a0Il peut vraiment faire quelque chose de tr\u00e8s bien \u00e0 Toulouse\u00a0!\u00a0\u00bb Un ancien co\u00e9quipier d\u2019Emersonn raconte la nouvelle recrue toulousaine"},"content":{"rendered":"<p>\n                                                                    l&rsquo;essentiel<br \/>\n                                                                Ancien joueur des Girondins de Bordeaux et international camerounais, Malcom Bokele a \u00e9volu\u00e9 avec Emersonn sous les couleurs de G\u00f6ztepe en Turquie. Pour La D\u00e9p\u00eache du Midi, il raconte la nouvelle recrue du TFC.\n                            <\/p>\n<p>Dans les derni\u00e8res heures du mercato, l\u2019Olympique de Marseille a engag\u00e9 Emerson, arri\u00e8re gauche exp\u00e9riment\u00e9 d\u2019origine br\u00e9silienne, vainqueur en 2021 de la Ligue des champions avec Chelsea et de l\u2019Euro avec l\u2019Italie. Le Toulouse Football Club, lui, a jet\u00e9 son d\u00e9volu sur Emersonn, jeune attaquant br\u00e9silien arriv\u00e9 en Europe six mois plus t\u00f4t du c\u00f4t\u00e9 de G\u00f6ztepe, en Turquie. Avec le club qu\u2019on appelle aussi \u00ab\u00a0Tam 35\u00a0\u00bb, l\u2019avant-centre n\u2019aura connu que trois petites titularisations en 20 matchs, pour un total de deux buts. Suffisant pour taper dans l\u2019\u0153il des dirigeants toulousains, qui ont mis\u00e9 plus de trois millions sur le joueur form\u00e9 \u00e0 l\u2019Athletico Paranaense.<\/p>\n<p class=\"std-elt__inline\">\n        <strong>\u00c0 lire aussi :<\/strong><br \/>\n        <a href=\"https:\/\/www.ladepeche.fr\/2025\/09\/02\/entretien-tfc-la-vente-record-de-canvot-a-permis-au-tfc-de-se-proteger-estime-lancien-joueur-julien-cardy-qui-decrypte-le-mercato-toulousain-12906869.php\" rel=\"nofollow noopener\" target=\"_blank\">ENTRETIEN. TFC\u00a0: \u00ab\u00a0La vente record de Canvot a permis au TFC de se prot\u00e9ger\u00a0\u00bb estime l\u2019ancien joueur Julien Cardy, qui d\u00e9crypte le mercato toulousain<\/a>\n    <\/p>\n<p>\u00ab\u00a0Mais ces statistiques sont trompeuses, parce qu\u2019il n\u2019a \u00e9t\u00e9 titulaire qu\u2019\u00e0 cinq reprises. Et cette saison, il a d\u00e9j\u00e0 montr\u00e9 plus d\u2019impact que la pr\u00e9c\u00e9dente\u00a0\u00bb <a href=\"https:\/\/www.ladepeche.fr\/2025\/08\/31\/mercato-tfc-ses-statistiques-sont-trompeuses-qui-est-emersonn-lattaquant-bresilien-sur-qui-va-miser-toulouse-12902965.php\" target=\"_self\" rel=\"nofollow noopener\">nous confiait, il y a quelques jours, le journaliste turc Or\u00e7un Akten<\/a>. Malcom Bokele, son d\u00e9sormais ex-co\u00e9quipier en Turquie, confirme. \u00ab\u00a0Ah oui, ses statistiques sont vraiment trompeuses\u00a0! Vu ce qu\u2019il proposait\u00a0quand il rentrait dans les matchs\u2026 Franchement, il n\u2019a pas \u00e9t\u00e9 r\u00e9compens\u00e9 \u00e0 la hauteur de ses efforts\u00a0\u00bb confie l\u2019ancien Bordelais.<\/p>\n<\/p>\n<p>                    <img decoding=\"async\" class=\"responsive-img\" src=\"https:\/\/www.europesays.com\/fr\/wp-content\/uploads\/2025\/09\/1756972871_451_hqdefault.jpg\"\/><br \/>\n                <a class=\"stretched-link\" href=\"#paywall\" rel=\"js-anchor\"><\/p>\n<p>        <\/a><\/p>\n<p>Le natif de Lyon \u00e9voque \u00ab\u00a0une tr\u00e8s bonne personne\u00a0\u00bb qui \u00ab\u00a0donnait le maximum aux entra\u00eenements\u00a0\u00bb. Mais la\u00a0marche de la Ligue 1 ne sera-t-elle pas trop haute\u00a0? \u00ab\u00a0Je pense qu\u2019il peut franchir cette \u00e9tape parce qu\u2019il a d\u00e9couvert le championnat turc qui est un championnat tr\u00e8s tr\u00e8s difficile et bas\u00e9 sur le duel, donc il a d\u00e9j\u00e0 cet aspect de combatif. Et puis, avec les espaces qu\u2019il y a en Ligue 1 et sa vitesse, je pense qu\u2019il peut faire quelque chose\u00a0\u00bb analyse l\u2019international camerounais.<\/p>\n<p>\u00ab\u00a0Il va faire mal\u00a0!\u00a0\u00bb<\/p>\n<p>Lou\u00e9 \u00e9galement pour \u00ab\u00a0&lsquo;son jeu a\u00e9rien\u00a0\u00bb, \u00ab\u00a0sa capacit\u00e9 \u00e0 d\u00e9vier les ballons\u00a0\u00bb ou \u00ab\u00a0\u00e0 garder les ballons de jeu\u00a0\u00bb, Emersonn est consid\u00e9r\u00e9 par son ancien partenaire comme un joueur avec une \u00ab\u00a0tr\u00e8s belle marge de progression\u00a0\u00bb qui \u00ab\u00a0peut vraiment faire quelque chose de tr\u00e8s bien \u00e0 Toulouse\u00a0\u00bb. De l\u00e0 \u00e0 \u00eatre le successeur de Thijs Dallinga, auteur de deux saisons pleines en Ligue 1 (14 buts en 2022-2023, 12 buts en 2023-2024)\u00a0? \u00ab\u00a0Il a le profil pour bien scorer sur une saison \u00e0 Toulouse. Je le vois bien marquer pas mal de buts\u00a0\u00bb glisse Malcom Bokele.<\/p>\n<p class=\"std-elt__inline\">\n        <strong>\u00c0 lire aussi :<\/strong><br \/>\n        <a href=\"https:\/\/www.ladepeche.fr\/2025\/09\/01\/mercato-tfc-beaucoup-de-bruit-mais-peu-de-mouvement-recit-de-la-derniere-journee-de-mercato-ou-toulouse-a-reussi-a-conserver-ses-cadres-12904982.php\" rel=\"nofollow noopener\" target=\"_blank\">MERCATO TFC. Beaucoup de bruit mais peu de mouvement\u2026 R\u00e9cit de la derni\u00e8re journ\u00e9e des transferts, o\u00f9 Toulouse a r\u00e9ussi \u00e0 conserver ses cadres<\/a>\n    <\/p>\n<p>Et m\u00eame si ce dernier consid\u00e8re qu\u2019il \u00ab\u00a0faudra du temps\u00a0\u00bb \u00e0 Emersonn pour s\u2019acclimater\u00a0\u00ab\u00a0parce qu\u2019il est jeune\u00a0\u00bb, le Br\u00e9silien arrive \u00e0 Toulouse en pleine possession de ses moyens. \u00ab\u00a0Franchement, s\u2019il est sur la continuit\u00e9 de ce qu\u2019il fait\u2026 Il a jou\u00e9 trois matchs avant de partir \u00e0 Toulouse et il a fait trois bons matchs\u00a0: deux rentr\u00e9es, o\u00f9 il a m\u00eame\u00a0marqu\u00e9 (face au \u00c7aykur Rizespor, lors de la premi\u00e8re journ\u00e9e) et un tr\u00e8s bon match o\u00f9 il a jou\u00e9 en tant que titulaire. S\u2019il reste sur cette continuit\u00e9-l\u00e0, il va faire mal\u00a0\u00bb r\u00e9sume celui qui aura disput\u00e9 un total de 15 rencontres avec l\u2019avant-centre br\u00e9silien. Suffisant pour se rendre compte du potentiel du joueur.<\/p>\n","protected":false},"excerpt":{"rendered":"l&rsquo;essentiel Ancien joueur des Girondins de Bordeaux et international camerounais, Malcom Bokele a \u00e9volu\u00e9 avec Emersonn sous les&hellip;\n","protected":false},"author":2,"featured_media":365199,"comment_status":"","ping_status":"","sticky":false,"template":"","format":"standard","meta":{"footnotes":""},"categories":[2816],"tags":[1111,11,1777,674,1011,27,12,2680,25,2312],"class_list":{"0":"post-365198","1":"post","2":"type-post","3":"status-publish","4":"format-standard","5":"has-post-thumbnail","7":"category-toulouse","8":"tag-actu","9":"tag-actualites","10":"tag-eu","11":"tag-europe","12":"tag-fr","13":"tag-france","14":"tag-news","15":"tag-occitanie","16":"tag-republique-francaise","17":"tag-toulouse"},"share_on_mastodon":{"url":"https:\/\/pubeurope.com\/@fr\/115144981497063675","error":""},"_links":{"self":[{"href":"https:\/\/www.europesays.com\/fr\/wp-json\/wp\/v2\/posts\/365198","targetHints":{"allow":["GET"]}}],"collection":[{"href":"https:\/\/www.europesays.com\/fr\/wp-json\/wp\/v2\/posts"}],"about":[{"href":"https:\/\/www.europesays.com\/fr\/wp-json\/wp\/v2\/types\/post"}],"author":[{"embeddable":true,"href":"https:\/\/www.europesays.com\/fr\/wp-json\/wp\/v2\/users\/2"}],"replies":[{"embeddable":true,"href":"https:\/\/www.europesays.com\/fr\/wp-json\/wp\/v2\/comments?post=365198"}],"version-history":[{"count":0,"href":"https:\/\/www.europesays.com\/fr\/wp-json\/wp\/v2\/posts\/365198\/revisions"}],"wp:featuredmedia":[{"embeddable":true,"href":"https:\/\/www.europesays.com\/fr\/wp-json\/wp\/v2\/media\/365199"}],"wp:attachment":[{"href":"https:\/\/www.europesays.com\/fr\/wp-json\/wp\/v2\/media?parent=365198"}],"wp:term":[{"taxonomy":"category","embeddable":true,"href":"https:\/\/www.europesays.com\/fr\/wp-json\/wp\/v2\/categories?post=365198"},{"taxonomy":"post_tag","embeddable":true,"href":"https:\/\/www.europesays.com\/fr\/wp-json\/wp\/v2\/tags?post=365198"}],"curies":[{"name":"wp","href":"https:\/\/api.w.org\/{rel}","templated":true}]}}