{"id":365200,"date":"2025-09-04T08:03:12","date_gmt":"2025-09-04T08:03:12","guid":{"rendered":"https:\/\/www.europesays.com\/fr\/365200\/"},"modified":"2025-09-04T08:03:12","modified_gmt":"2025-09-04T08:03:12","slug":"ses-anciens-proprietaires-juges-a-lille-ce-jeudi","status":"publish","type":"post","link":"https:\/\/www.europesays.com\/fr\/365200\/","title":{"rendered":"ses anciens propri\u00e9taires jug\u00e9s \u00e0 Lille ce jeudi"},"content":{"rendered":"<p>Certains ont des chats d\u2019appartement. Eux avaient une panth\u00e8re. Les deux anciens propri\u00e9taires d&rsquo;une panth\u00e8re noire, \u00e9chapp\u00e9e en 2019 sur le toit d&rsquo;un immeuble \u00e0 Armenti\u00e8res (Nord), comparaissent jeudi devant le tribunal correctionnel de Lille pour d\u00e9tention non autoris\u00e9e d&rsquo;un animal d&rsquo;une esp\u00e8ce non-domestique.<\/p>\n<p>\u00c2g\u00e9s de 41 ans, ils sont poursuivis \u00e0 la suite de l&rsquo;\u00e9vasion rocambolesque du f\u00e9lin, alors \u00e2g\u00e9 de quelques mois et pesant entre 25 et 30 kg. L&rsquo;animal s&rsquo;\u00e9tait enfui par une fen\u00eatre de l&rsquo;appartement o\u00f9 vivait le couple. Des images diffus\u00e9es \u00e0 l&rsquo;\u00e9poque montraient <a href=\"https:\/\/www.ledauphine.com\/france-monde\/2019\/09\/19\/nord-une-panthere-noire-se-promene-en-liberte-sur-les-toits-en-pleine-ville\" target=\"_blank\" rel=\"noopener\">le f\u00e9lin d\u00e9ambulant en septembre 2019<\/a> sur le rebord d&rsquo;un immeuble en briques, observant l&rsquo;int\u00e9rieur d&rsquo;un appartement ou se penchant dans le vide.<\/p>\n<p>Ce contenu est bloqu\u00e9 car vous n&rsquo;avez pas accept\u00e9 les cookies et autres traceurs.<\/p>\n<p>En cliquant sur \u00ab J\u2019accepte \u00bb, les cookies et autres traceurs seront d\u00e9pos\u00e9s et vous pourrez visualiser les contenus  (<a href=\"\" class=\"consentModule_policy\" target=\"_blank\" title=\"Consulter la politique de protection des donn\u00e9es du fournisseur\">plus d&rsquo;informations<\/a>).<\/p>\n<p>En cliquant sur \u00ab J\u2019accepte tous les cookies \u00bb, vous autorisez des d\u00e9p\u00f4ts de cookies et autres traceurs pour le stockage de vos donn\u00e9es sur nos sites et applications \u00e0 des fins de personnalisation et de ciblage publicitaire.<\/p>\n<p class=\"consentModule_secondaryText\">Vous gardez la possibilit\u00e9 de retirer votre consentement \u00e0 tout moment en consultant notre <a href=\"https:\/\/www.ledauphine.com\/protection-des-donnees\" target=\"_blank\" title=\"Consulter notre politique de protection des donn\u00e9es\" rel=\"noopener\">politique de protection des donn\u00e9es<\/a>. <br \/>&#13;<br \/>\n            <a href=\"https:\/\/www.ledauphine.com\/faits-divers-justice\/2025\/09\/04\/javascript:Didomi.notice.show()\" class=\"consentModule_cmp\" target=\"_blank\" rel=\"noopener\">G\u00e9rer mes choix<\/a>&#13;\n        <\/p>\n<p>&#13;<br \/>\n                        J&rsquo;accepte&#13;<br \/>\n            J&rsquo;accepte tous les cookies&#13;\n        <\/p>\n<p>  \u00ab C&rsquo;est participer au trafic des esp\u00e8ces \u00bb<\/p>\n<p>Un p\u00e9rim\u00e8tre de s\u00e9curit\u00e9 avait \u00e9t\u00e9 mis en place avant que les pompiers ne parviennent \u00e0 le pi\u00e9ger \u00e0 l&rsquo;int\u00e9rieur d&rsquo;une habitation dans laquelle la panth\u00e8re venait d&rsquo;entrer. Un v\u00e9t\u00e9rinaire sapeur-pompier, accompagn\u00e9 d&rsquo;un policier et d&rsquo;un agent de l&rsquo;Office national de la chasse et de la faune sauvage (ONCFS), avait alors endormi l&rsquo;animal \u00e0 l&rsquo;aide d&rsquo;un fusil hypodermique \u00e9quip\u00e9 de fl\u00e9chettes anesth\u00e9siantes. Aucune victime n&rsquo;avait \u00e9t\u00e9 d\u00e9plor\u00e9e lors de cette intervention \u00ab hors norme \u00bb.<\/p>\n<p>La panth\u00e8re avait ensuite \u00e9t\u00e9 accueillie par le zoo de Maubeuge, mais quelques jours plus tard, <a href=\"https:\/\/www.ledauphine.com\/france-monde\/2019\/10\/01\/le-proprietaire-presume-de-la-panthere-disparue-dans-le-nord-place-en-garde-a-vue\" target=\"_blank\" rel=\"noopener\">elle y avait \u00e9t\u00e9 d\u00e9rob\u00e9e<\/a> : six points de s\u00e9curit\u00e9 de l&rsquo;enclos avaient \u00e9t\u00e9 forc\u00e9s, sans effraction aux entr\u00e9es principales. \u00ab Cette panth\u00e8re \u00e9tait d\u00e9tenue par des particuliers qui n&rsquo;avaient pas le certificat de capacit\u00e9 pour s&rsquo;occuper de ce type d&rsquo;animal \u00bb , a soulign\u00e9 Me Graziella Dode, l&rsquo;avocate de la Ligue protectrice des animaux du nord de la France, partie civile. \u00ab Elle vivait dans des conditions inadapt\u00e9es aux besoins de son esp\u00e8ce. La d\u00e9tenir ainsi, c&rsquo;est participer au trafic des esp\u00e8ces \u00bb, a-t-elle d\u00e9nonc\u00e9.<\/p>\n<p>  \u00ab\u00a0C&rsquo;\u00e9tait comme un gros b\u00e9b\u00e9 affectueux\u00a0\u00bb<\/p>\n<p>\u00ab La d\u00e9tention d&rsquo;un animal sauvage constitue en elle-m\u00eame un acte de mauvais traitement, puisqu&rsquo;elle ne permet pas de satisfaire ses besoins physiologiques \u00bb, a abond\u00e9 Me Xavier Bacquet, avocat de la Fondation 30 millions d&rsquo;amis, \u00e9galement partie civile. \u00ab Je ne la voyais plus comme une panth\u00e8re. C&rsquo;\u00e9tait comme un gros b\u00e9b\u00e9 affectueux, qui ne demandait que des c\u00e2lins&#8230; \u00bb, avait t\u00e9moign\u00e9 l&rsquo;ancien propri\u00e9taire aupr\u00e8s de La Voix du Nord en novembre 2019.<\/p>\n<p>Depuis baptis\u00e9e Akilla, la panth\u00e8re vit aujourd&rsquo;hui dans un sanctuaire <a href=\"https:\/\/www.ledauphine.com\/faits-divers-justice\/2020\/11\/06\/pays-bas-la-panthere-qui-s-etait-echappee-en-france-retrouvee\" target=\"_blank\" rel=\"noopener\">pour f\u00e9lins aux Pays-Bas<\/a>, o\u00f9 elle \u00ab se porte tr\u00e8s bien \u00bb selon ses soigneurs. \u00ab Elle s&rsquo;amuse beaucoup, elle est joueuse et interagit bien avec la panth\u00e8se voisine \u00e0 tavers le grillage \u00bb, a indiqu\u00e9 Wendy Karsten du Stichting Leeuw, une fondation de protection des f\u00e9lins bas\u00e9e au nord d&rsquo;Amsterdam.<\/p>\n","protected":false},"excerpt":{"rendered":"Certains ont des chats d\u2019appartement. Eux avaient une panth\u00e8re. Les deux anciens propri\u00e9taires d&rsquo;une panth\u00e8re noire, \u00e9chapp\u00e9e en&hellip;\n","protected":false},"author":2,"featured_media":365201,"comment_status":"","ping_status":"","sticky":false,"template":"","format":"standard","meta":{"footnotes":""},"categories":[2815],"tags":[1111,11,1867,1777,674,274,107,1011,27,329,811,1307,12,25,104],"class_list":{"0":"post-365200","1":"post","2":"type-post","3":"status-publish","4":"format-standard","5":"has-post-thumbnail","7":"category-lille","8":"tag-actu","9":"tag-actualites","10":"tag-animaux","11":"tag-eu","12":"tag-europe","13":"tag-faits-divers-justice","14":"tag-fil-info","15":"tag-fr","16":"tag-france","17":"tag-france-monde","18":"tag-hauts-de-france","19":"tag-lille","20":"tag-news","21":"tag-republique-francaise","22":"tag-societe"},"share_on_mastodon":{"url":"https:\/\/pubeurope.com\/@fr\/115144989437691986","error":""},"_links":{"self":[{"href":"https:\/\/www.europesays.com\/fr\/wp-json\/wp\/v2\/posts\/365200","targetHints":{"allow":["GET"]}}],"collection":[{"href":"https:\/\/www.europesays.com\/fr\/wp-json\/wp\/v2\/posts"}],"about":[{"href":"https:\/\/www.europesays.com\/fr\/wp-json\/wp\/v2\/types\/post"}],"author":[{"embeddable":true,"href":"https:\/\/www.europesays.com\/fr\/wp-json\/wp\/v2\/users\/2"}],"replies":[{"embeddable":true,"href":"https:\/\/www.europesays.com\/fr\/wp-json\/wp\/v2\/comments?post=365200"}],"version-history":[{"count":0,"href":"https:\/\/www.europesays.com\/fr\/wp-json\/wp\/v2\/posts\/365200\/revisions"}],"wp:featuredmedia":[{"embeddable":true,"href":"https:\/\/www.europesays.com\/fr\/wp-json\/wp\/v2\/media\/365201"}],"wp:attachment":[{"href":"https:\/\/www.europesays.com\/fr\/wp-json\/wp\/v2\/media?parent=365200"}],"wp:term":[{"taxonomy":"category","embeddable":true,"href":"https:\/\/www.europesays.com\/fr\/wp-json\/wp\/v2\/categories?post=365200"},{"taxonomy":"post_tag","embeddable":true,"href":"https:\/\/www.europesays.com\/fr\/wp-json\/wp\/v2\/tags?post=365200"}],"curies":[{"name":"wp","href":"https:\/\/api.w.org\/{rel}","templated":true}]}}