{"id":365204,"date":"2025-09-04T08:05:14","date_gmt":"2025-09-04T08:05:14","guid":{"rendered":"https:\/\/www.europesays.com\/fr\/365204\/"},"modified":"2025-09-04T08:05:14","modified_gmt":"2025-09-04T08:05:14","slug":"om-balerdi-quitte-marseille-lenorme-soulagement","status":"publish","type":"post","link":"https:\/\/www.europesays.com\/fr\/365204\/","title":{"rendered":"OM\u00a0: Balerdi quitte Marseille, l\u2019\u00e9norme soulagement\u00a0!"},"content":{"rendered":"<p>                    Arthur Montagne<br \/>\n                        &#8211;<\/p>\n<p>Journaliste<\/p>\n<p>Affam\u00e9 de sport, il a grandi au son des moteurs de Formule 1 et des exploits de Ronaldinho. Aujourd\u2019hui, diplom\u00e9 d&rsquo;un Master de journalisme de sport, il ne rate plus un Grand Prix de F1 ni un match du PSG, ses deux passions et sp\u00e9cialit\u00e9s<\/p>\n<p class=\"heading\">Auteur d&rsquo;un d\u00e9but de saison plus que d\u00e9licat, Leonardo Balerdi est sous le feu des critiques, notamment apr\u00e8s sa grosse erreur contre l&rsquo;OL qui a provoqu\u00e9 l&rsquo;expulsion de CJ Egan-Riley et indirectement la d\u00e9faite de l&rsquo;OM. Mais le capitaine marseillais a temporairement quitt\u00e9 la cit\u00e9 phoc\u00e9enne pour rejoindre la s\u00e9lection argentine o\u00f9 il peut se ressourcer, loin des critiques.<\/p>\n<p>Apr\u00e8s un mercato intense et des ambitions \u00e9lev\u00e9es fi\u00e8rement affich\u00e9es, l&rsquo;<strong>OM<\/strong> a rapidement d\u00e9chant\u00e9 en ce d\u00e9but de saison. En effet, le club phoc\u00e9en s&rsquo;est inclin\u00e9 \u00e0 <strong>Rennes <\/strong>(0-1) et \u00e0 Lyon (0-1) avec entre ces deux matches une victoire peu convaincante au <strong>V\u00e9lodrome <\/strong>face au<strong> Paris FC<\/strong> (5-2). Un bilan bien maigre de 3 points en 3 journ\u00e9es qui modifient d\u00e9j\u00e0 les ambitions de l&rsquo;<strong>OM<\/strong>.<\/p>\n<p>                                            Balerdi sous le feu des critiques<\/p>\n<p>Et un homme symbolise clairement les probl\u00e8mes d\u00e9fensifs actuels de l&rsquo;<strong>OM<\/strong> : <strong>Leonardo Balerdi<\/strong>. Loin d&rsquo;\u00eatre irr\u00e9prochable sur le but de <strong>Ludovic Blas<\/strong> \u00e0 Rennes, le capitaine marseillais \u00e9tait totalement d\u00e9pass\u00e9 \u00e0 Lyon comme en t\u00e9moigne sa passe rat\u00e9 qui conduit \u00e0 l&rsquo;expulsion de <strong>CJ Egan-Riley<\/strong>. <a href=\"https:\/\/le10sport.com\/football\/ligue1\/om\/apres-le-fiasco-un-joueur-de-lom-craque-face-a-un-journaliste-756399\" rel=\"nofollow noopener\" target=\"_blank\">Mais l&rsquo;Argentin assume ses responsabilit\u00e9s<\/a>. \u00ab C\u2019est tr\u00e8s dur. On \u00e9tait venu chercher les trois points. Apr\u00e8s l\u2019erreur, je prends la responsabilit\u00e9 de l\u2019expulsion de CJ. C\u2019est moi qui ai commenc\u00e9. C\u2019\u00e9tait triste comme soir\u00e9e. C\u2019est une d\u00e9faite, c\u2019est dur. Il faudra r\u00e9fl\u00e9chir \u00e0 ce qu\u2019on a fait de mal pour repartir. Mais aujourd\u2019hui, c\u2019est tr\u00e8s dur (\u2026) Il faut se tranquilliser, car une d\u00e9faite comme \u00e7a, c\u2019est tr\u00e8s dur pour la t\u00eate. Il faut profiter de la tr\u00eave, rester humbles. On a fait de bonnes choses mais ce soir (dimanche, ndlr), ce n\u2019\u00e9tait pas le cas. On a un long chemin \u00bb, confiait <strong>Leonardo Balerdi<\/strong> apr\u00e8s la d\u00e9faite \u00e0 Lyon.<\/p>\n<p>                                            Une s\u00e9lection qui tombe \u00e0 pic<\/p>\n<p>Cela n&rsquo;a pas emp\u00each\u00e9 les critiques de s&rsquo;abattre sur <strong>Leonardo Balerdi<\/strong> qui est clairement le Marseillais le plus attaqu\u00e9 du moment, au point d&rsquo;\u00eatre tenu en grande partie responsable du d\u00e9but de saison rat\u00e9 de l&rsquo;<strong>OM<\/strong>. N\u00e9anmoins, comme le souligne La Provence, le capitaine marseillais va pouvoir se ressourcer dans son pays, loin des critiques, puisqu&rsquo;il a \u00e9t\u00e9 s\u00e9lectionner par <strong>Lionel Scaloni<\/strong> pour affronter le Venezuela et l&rsquo;Equateur dans le cadre des \u00e9liminatoires pour la Coupe du monde. Une s\u00e9lection qui tombe \u00e0 pic pour <strong>Leonardo Balerdi<\/strong>.<\/p>\n","protected":false},"excerpt":{"rendered":"Arthur Montagne &#8211; Journaliste Affam\u00e9 de sport, il a grandi au son des moteurs de Formule 1 et&hellip;\n","protected":false},"author":2,"featured_media":365205,"comment_status":"","ping_status":"","sticky":false,"template":"","format":"standard","meta":{"footnotes":""},"categories":[2814],"tags":[1111,11,1777,674,1011,27,884,12,882,25],"class_list":{"0":"post-365204","1":"post","2":"type-post","3":"status-publish","4":"format-standard","5":"has-post-thumbnail","7":"category-marseille","8":"tag-actu","9":"tag-actualites","10":"tag-eu","11":"tag-europe","12":"tag-fr","13":"tag-france","14":"tag-marseille","15":"tag-news","16":"tag-provence-alpes-cote-dazur","17":"tag-republique-francaise"},"share_on_mastodon":{"url":"https:\/\/pubeurope.com\/@fr\/115144997269065288","error":""},"_links":{"self":[{"href":"https:\/\/www.europesays.com\/fr\/wp-json\/wp\/v2\/posts\/365204","targetHints":{"allow":["GET"]}}],"collection":[{"href":"https:\/\/www.europesays.com\/fr\/wp-json\/wp\/v2\/posts"}],"about":[{"href":"https:\/\/www.europesays.com\/fr\/wp-json\/wp\/v2\/types\/post"}],"author":[{"embeddable":true,"href":"https:\/\/www.europesays.com\/fr\/wp-json\/wp\/v2\/users\/2"}],"replies":[{"embeddable":true,"href":"https:\/\/www.europesays.com\/fr\/wp-json\/wp\/v2\/comments?post=365204"}],"version-history":[{"count":0,"href":"https:\/\/www.europesays.com\/fr\/wp-json\/wp\/v2\/posts\/365204\/revisions"}],"wp:featuredmedia":[{"embeddable":true,"href":"https:\/\/www.europesays.com\/fr\/wp-json\/wp\/v2\/media\/365205"}],"wp:attachment":[{"href":"https:\/\/www.europesays.com\/fr\/wp-json\/wp\/v2\/media?parent=365204"}],"wp:term":[{"taxonomy":"category","embeddable":true,"href":"https:\/\/www.europesays.com\/fr\/wp-json\/wp\/v2\/categories?post=365204"},{"taxonomy":"post_tag","embeddable":true,"href":"https:\/\/www.europesays.com\/fr\/wp-json\/wp\/v2\/tags?post=365204"}],"curies":[{"name":"wp","href":"https:\/\/api.w.org\/{rel}","templated":true}]}}