{"id":365206,"date":"2025-09-04T08:06:11","date_gmt":"2025-09-04T08:06:11","guid":{"rendered":"https:\/\/www.europesays.com\/fr\/365206\/"},"modified":"2025-09-04T08:06:11","modified_gmt":"2025-09-04T08:06:11","slug":"le-trafic-entre-lyon-et-grenoble-a-larret-ce-jeudi-matin","status":"publish","type":"post","link":"https:\/\/www.europesays.com\/fr\/365206\/","title":{"rendered":"le trafic entre Lyon et Grenoble \u00e0 l&rsquo;arr\u00eat ce jeudi matin"},"content":{"rendered":"<p><a href=\"https:\/\/www.lyonpremiere.fr\/faits-divers\/bron-des-inscriptions-antisemites-decouvertes-ce-dimanche\/\" target=\"_blank\" rel=\"noopener\">Bron : des inscriptions antis\u00e9mites d\u00e9couvertes ce dimanche<\/a><\/p>\n<p>\nApr\u00e8s la d\u00e9gradation du M\u00e9morial de la Shoah \u00e0 Lyon samedi, c&rsquo;est \u00e0<strong> Bron <\/strong>que des inscriptions antis\u00e9mites ont \u00e9t\u00e9 d\u00e9couvertes ce dimanche : sur une st\u00e8le et un monument au mort. <\/p>\n<p>Les deux actes font l&rsquo;objet d&rsquo;une enqu\u00eate, indique la Pr\u00e9fecture du Rh\u00f4ne.<\/p>\n<p>\u00ab\u00a0Il est du devoir de chaque cito&#8230;<\/p>\n<p class=\"related-post-date\">01 September \u00e0 10h45<\/p>\n","protected":false},"excerpt":{"rendered":"Bron : des inscriptions antis\u00e9mites d\u00e9couvertes ce dimanche Apr\u00e8s la d\u00e9gradation du M\u00e9morial de la Shoah \u00e0 Lyon&hellip;\n","protected":false},"author":2,"featured_media":264979,"comment_status":"","ping_status":"","sticky":false,"template":"","format":"standard","meta":{"footnotes":""},"categories":[1889],"tags":[1111,11,2430,1777,674,1011,27,2731,2428,12,25,2215],"class_list":{"0":"post-365206","1":"post","2":"type-post","3":"status-publish","4":"format-standard","5":"has-post-thumbnail","7":"category-lyon","8":"tag-actu","9":"tag-actualites","10":"tag-auvergne-rhone-alpes","11":"tag-eu","12":"tag-europe","13":"tag-fr","14":"tag-france","15":"tag-grenoble","16":"tag-lyon","17":"tag-news","18":"tag-republique-francaise","19":"tag-sncf"},"share_on_mastodon":{"url":"https:\/\/pubeurope.com\/@fr\/115145001357989010","error":""},"_links":{"self":[{"href":"https:\/\/www.europesays.com\/fr\/wp-json\/wp\/v2\/posts\/365206","targetHints":{"allow":["GET"]}}],"collection":[{"href":"https:\/\/www.europesays.com\/fr\/wp-json\/wp\/v2\/posts"}],"about":[{"href":"https:\/\/www.europesays.com\/fr\/wp-json\/wp\/v2\/types\/post"}],"author":[{"embeddable":true,"href":"https:\/\/www.europesays.com\/fr\/wp-json\/wp\/v2\/users\/2"}],"replies":[{"embeddable":true,"href":"https:\/\/www.europesays.com\/fr\/wp-json\/wp\/v2\/comments?post=365206"}],"version-history":[{"count":0,"href":"https:\/\/www.europesays.com\/fr\/wp-json\/wp\/v2\/posts\/365206\/revisions"}],"wp:featuredmedia":[{"embeddable":true,"href":"https:\/\/www.europesays.com\/fr\/wp-json\/wp\/v2\/media\/264979"}],"wp:attachment":[{"href":"https:\/\/www.europesays.com\/fr\/wp-json\/wp\/v2\/media?parent=365206"}],"wp:term":[{"taxonomy":"category","embeddable":true,"href":"https:\/\/www.europesays.com\/fr\/wp-json\/wp\/v2\/categories?post=365206"},{"taxonomy":"post_tag","embeddable":true,"href":"https:\/\/www.europesays.com\/fr\/wp-json\/wp\/v2\/tags?post=365206"}],"curies":[{"name":"wp","href":"https:\/\/api.w.org\/{rel}","templated":true}]}}