{"id":365207,"date":"2025-09-04T08:07:19","date_gmt":"2025-09-04T08:07:19","guid":{"rendered":"https:\/\/www.europesays.com\/fr\/365207\/"},"modified":"2025-09-04T08:07:19","modified_gmt":"2025-09-04T08:07:19","slug":"week-end-a-lyon-agenda-et-evenements","status":"publish","type":"post","link":"https:\/\/www.europesays.com\/fr\/365207\/","title":{"rendered":"Week-end \u00e0 Lyon : agenda et \u00e9v\u00e9nements"},"content":{"rendered":"<p style=\"text-align: justify;\">Chaque <a href=\"https:\/\/girlstakelyon.com\" target=\"_blank\" rel=\"noopener nofollow\"><strong>week-end \u00e0 Lyon<\/strong><\/a> est promesse de d\u00e9couverte, gourmandise et divertissement. On prolonge l\u2019\u00e9nergie de l\u2019\u00e9t\u00e9 avec des \u00e9v\u00e9nements et id\u00e9es de sorties, que vous soyez lyonnais ou de passage, piochez dans la s\u00e9lection de la team Girls Take Lyon pour profiter de la ville.<\/p>\n<p>Le week-end commence le jeudi \u00e0 Lyon<\/p>\n<p style=\"text-align: justify;\"><a style=\"text-align: justify;\" href=\"https:\/\/shotgun.live\/fr\/events\/sushis-dj\" target=\"_blank\" rel=\"noopener nofollow\"><strong>Soir\u00e9e Sushi &amp; DJ au Ruck Hotel<\/strong><\/a><br style=\"text-align: justify;\"\/>Les amateurs de\u00a0<strong style=\"text-align: justify;\">sushis<\/strong>\u00a0se r\u00e9galeront gr\u00e2ce \u00e0 Andreia Murata, le Ma\u00eetre Sushi et Cheffe des \u00e9quipes de France de Football. Les sushis seront r\u00e9par\u00e9s en direct, vous pourrez d\u00e9guster aussi d\u2019autres\u00a0<strong style=\"text-align: justify;\">sp\u00e9cialit\u00e9s asiatiques<\/strong>. Pour parfaire la soir\u00e9e : une\u00a0<strong style=\"text-align: justify;\">ambiance musicale avec un jeune DJ lyonnais<\/strong>, un cocktail sp\u00e9cial et des makis sucr\u00e9s pour le dessert.<br style=\"text-align: justify;\"\/>\u27a1\u00a0<strong style=\"text-align: justify;\">C\u2019est aujourd\u2019hui<\/strong>,\u00a0<strong style=\"text-align: justify;\">jeudi<\/strong>\u00a04 septembre d\u00e8s 18h. Menu unique \u00e0 39\u20ac\/personne (hors boissons et dessert).\u00a0<a style=\"text-align: justify;\" href=\"https:\/\/shotgun.live\/fr\/events\/sushis-dj\" target=\"_blank\" rel=\"noopener nofollow\">R\u00e9servation.<\/a><\/p>\n<p style=\"text-align: justify;\"><a href=\"https:\/\/www.instagram.com\/p\/DN8eMTQjwki\/?igsh=cGtlNnRjaXl6eTc5\" target=\"_blank\" rel=\"noopener nofollow\"><strong>Happy Hour all night long !<\/strong><\/a><br \/>Pour f\u00eater la premi\u00e8re soir\u00e9e de la rentr\u00e9e, c\u2019est Happy Hour \u00e0 la Microbrasserie de Montchat. Rendez-vous d\u00e8s 17h dans leur brewpub avec 2 nouveaut\u00e9s : une berliner Weisse Fraise, Cassis, Goyave et une gose traditionnelle Coriandre concass\u00e9e et sel.<br \/>\u27a1 <strong>C\u2019est aujourd\u2019hui, jeudi<\/strong> 4 septembre. \u2013 1\u20ac sur les pintes.<\/p>\n<p style=\"text-align: justify;\"><a href=\"https:\/\/museedesconfluences.fr\/fr\/agenda\/nocturne-une-ballade-de-rentree\" target=\"_blank\" rel=\"noopener nofollow\"><strong>Balade nocturne<\/strong><\/a><br \/>Comme tous les<strong> premiers jeudis de chaque mois<\/strong>, <strong>le mus\u00e9e des Confluences<\/strong> vous permet de d\u00e9ambuler dans le mus\u00e9e <strong>jusqu\u2019\u00e0 22h<\/strong> ! L\u2019occasion de voir le mus\u00e9e autrement et de b\u00e9n\u00e9ficier de concerts, d\u2019activit\u00e9s de m\u00e9diation, de projections.<br \/>\u27a1 <strong>C\u2019est aujourd\u2019hui, jeudi<\/strong> 4 septembre d\u00e8s 18h30. <a href=\"https:\/\/billetterie.museedesconfluences.fr\/selection\/timeslotpass\/rate?productId=10229214865620&amp;timeslotId=10229366306321&amp;ot=0\" target=\"_blank\" rel=\"noopener nofollow\">Programme et r\u00e9servation ici.<\/a><\/p>\n<p style=\"text-align: justify;\"><a href=\"https:\/\/www.helloasso.com\/associations\/good-things\/evenements\/aperos-creatif\" target=\"_blank\" rel=\"noopener nofollow\"><strong>Ap\u00e9ro cr\u00e9atif<\/strong><\/a><br \/>Chaque mois, l\u2019atelier <strong>Good Things<\/strong> propose un nouveau th\u00e8me d\u2019<strong>activit\u00e9 cr\u00e9ative<\/strong>\u2026autour d\u2019un verre. Cette fois c\u2019est la cr\u00e9ation \u00ab\u00a0d\u2019un bracelet humeur de l\u2019\u00e9t\u00e9\u00a0\u00bb.<br \/>\u27a1 <strong>C\u2019est aujourd\u2019hui, jeudi<\/strong> 4 septembre 18h30, <a href=\"https:\/\/www.helloasso.com\/associations\/good-things\/evenements\/aperos-creatif\" target=\"_blank\" rel=\"noopener nofollow\">S\u2019inscrire ici.<\/a> 10\u20ac \/ + 5\u20ac si c\u2019est la premi\u00e8re fois.<\/p>\n<p style=\"text-align: center;\"><a href=\"https:\/\/www.europesays.com\/fr\/wp-content\/uploads\/2025\/09\/week-end-lyon-5-7-septembre-2025_4_.png\" data-rel=\"lightbox-image-0\" data-rl_title=\"\" data-rl_caption=\"\" title=\"\"><img fetchpriority=\"high\" decoding=\"async\" class=\"alignnone size-full wp-image-41014\" src=\"data:image\/svg+xml,%3Csvg%20xmlns=\" http:=\"\" alt=\"week-end-lyon-5-7-septembre-2025_4_\" width=\"388\" height=\"485\" data-lazy- data-lazy- data-lazy-src=\"https:\/\/www.europesays.com\/fr\/wp-content\/uploads\/2025\/09\/week-end-lyon-5-7-septembre-2025_4_.png\"\/><\/a><\/p>\n<p>O\u00f9 se r\u00e9galer et faire la f\u00eate \u00e0 Lyon ce week-end<\/p>\n<p style=\"text-align: justify;\"><a href=\"https:\/\/www.instagram.com\/reel\/DMz_E8Gst8r\/?igsh=bjloNjNodGI1dWx5\" target=\"_blank\" rel=\"noopener nofollow\"><strong>Se r\u00e9galer avec Attabl\u00e9.e.s<\/strong><\/a><br \/><strong>Attabl\u00e9.e.s<\/strong> propose des \u00e9v\u00e9nements autour de la gastronomie, \u00e0 manger et \u00e0 boire, avec des chef.f.es talentueux et talentueuses. Du choix avec du vin local, de la bi\u00e8re artisanale, des softs originaux; 3 chef.fe.s, un p\u00e2tissier, et en plus de la musique.<br \/>\u27a1 <strong>Dimanche<\/strong> 7 septembre, Place Colbert. Entr\u00e9e libre.<\/p>\n<p><a href=\"https:\/\/www.europesays.com\/fr\/wp-content\/uploads\/2025\/09\/week-end-lyon-5-7-septembre-2025_5_.png\" data-rel=\"lightbox-image-1\" data-rl_title=\"\" data-rl_caption=\"\" title=\"\"><img loading=\"lazy\" decoding=\"async\" class=\"wp-image-41013 size-full aligncenter\" src=\"data:image\/svg+xml,%3Csvg%20xmlns=\" http:=\"\" alt=\"week-end-lyon-5-7-septembre-2025_5_\" width=\"625\" height=\"325\" data-lazy- data-lazy- data-lazy-src=\"https:\/\/www.europesays.com\/fr\/wp-content\/uploads\/2025\/09\/week-end-lyon-5-7-septembre-2025_5_.png\"\/><\/a><\/p>\n<p style=\"text-align: justify;\"><a href=\"https:\/\/www.facebook.com\/events\/2242351769527593\" target=\"_blank\" rel=\"noopener nofollow\"><strong>SoliBARit\u00e9s<\/strong><\/a><br \/>SoliBARit\u00e9s, association r\u00e9unissant les bars des rues Pasteur et autour, f\u00eatent la rentr\u00e9e <strong>samedi<\/strong> 6 septembre avec un <strong>open air\u00a0<\/strong>d\u00e8s 16h ! Livestation DIY, la Fourmili\u00e8re, G\u00fcstavo, Feroce et La Maman proposeront dans les rues Pasteur et Bonald des <strong>animations<\/strong>, des <strong>DJ set <\/strong> pour <strong>faire la f\u00eate<\/strong>, plein de bonnes choses pour <strong>se r\u00e9galer<\/strong>, et m\u00eame des massages ou un stand paillettes !<br \/>\u27a1 <a href=\"https:\/\/www.facebook.com\/events\/2242351769527593\" target=\"_blank\" rel=\"noopener nofollow\">Informations<\/a>. Kids friendly et entr\u00e9e libre.<\/p>\n<p><a href=\"https:\/\/girlstakelyon.com\/wp-content\/uploads\/2025\/09\/week-end-lyon-5-7-septembre-2025_2_.png\" data-rel=\"lightbox-image-2\" data-rl_title=\"\" data-rl_caption=\"\" title=\"\" rel=\"nofollow noopener\" target=\"_blank\"><img loading=\"lazy\" decoding=\"async\" class=\"wp-image-41011  aligncenter\" src=\"data:image\/svg+xml,%3Csvg%20xmlns=\" http:=\"\" alt=\"week-end-lyon-5-7-septembre-2025_2_\" width=\"743\" height=\"343\" data-lazy- data-lazy- data-lazy-src=\"https:\/\/www.europesays.com\/fr\/wp-content\/uploads\/2025\/09\/week-end-lyon-5-7-septembre-2025_2_-1024x473.png\"\/><\/a><\/p>\n<p>Culture et asso \u00e0 Lyon ce week-end<\/p>\n<p style=\"text-align: justify;\"><a href=\"https:\/\/holystreet.gallery\/\" target=\"_blank\" rel=\"noopener nofollow\"><strong>Jeu de dames<br \/><\/strong><\/a>Une<strong> exposition collective 100% f\u00e9minine<\/strong> \u00e0 la <strong>Holy<\/strong> <strong>Street<\/strong> <strong>Galery <\/strong>qui regroupe six artistes incontournables du Street Art au f\u00e9minin. Le th\u00e8me de cette performance collective : rendre hommage aux artistes et aux cr\u00e9atrices du pass\u00e9.<br \/>\u27a1 Ce <strong>jeudi<\/strong> soir \u00e0 18h pour le vernissage de l\u2019expo. Sinon entr\u00e9e libre du mardi au samedi de 11h \u00e0 19h. <a href=\"https:\/\/holystreet.gallery\/\" target=\"_blank\" rel=\"noopener nofollow\"><strong>Infos ici.<\/strong><\/a><\/p>\n<p style=\"text-align: center;\"><a href=\"https:\/\/www.europesays.com\/fr\/wp-content\/uploads\/2025\/09\/week-end-lyon-5-7-septembre-2025_6_.png\" data-rel=\"lightbox-image-3\" data-rl_title=\"\" data-rl_caption=\"\" title=\"\"><img loading=\"lazy\" decoding=\"async\" class=\"alignnone size-full wp-image-41015\" src=\"data:image\/svg+xml,%3Csvg%20xmlns=\" http:=\"\" alt=\"week-end-lyon-5-7-septembre-2025_6_\" width=\"467\" height=\"631\" data-lazy- data-lazy- data-lazy-src=\"https:\/\/www.europesays.com\/fr\/wp-content\/uploads\/2025\/09\/week-end-lyon-5-7-septembre-2025_6_.png\"\/><\/a><\/p>\n<p style=\"text-align: justify;\"><a href=\"https:\/\/www.lyon.fr\/actualite\/vie-municipale\/forum-des-associations-2025\" target=\"_blank\" rel=\"noopener nofollow\"><strong>Trouver une association !<\/strong><\/a><br \/>On continue le <strong>forum des associations<\/strong> en cette semaine de rentr\u00e9e. Plusieurs arrondissements organisent le leur ce <strong>samedi 6 septembre<\/strong>. Retrouvez toutes les dates les diff\u00e9rents lieux sur le site de la ville<br \/>\u27a1 <a href=\"https:\/\/www.lyon.fr\/actualite\/vie-municipale\/forum-des-associations-2025\" target=\"_blank\" rel=\"noopener nofollow\"><strong>Infos ici.<\/strong><\/a><\/p>\n<p style=\"text-align: justify;\"><a href=\"https:\/\/www.nomade-land-lyon.com\/\" target=\"_blank\" rel=\"noopener nofollow\"><strong>Balade urbaine<\/strong><\/a><br \/>En compagnie de Pierre Arsac, architecte, vous d\u00e9couvrirez les am\u00e9nagements que la ville a r\u00e9alis\u00e9e dans le <strong>quartier de la Confluence<\/strong> pour <strong>lutter contre les effets du r\u00e9chauffement climatique<\/strong>.\u00a0 V\u00e9g\u00e9talisation des espaces publics, espaces publics renatur\u00e9s, architectures r\u00e9invent\u00e9es, l\u2019association <strong>Nomade land<\/strong> souhaite <strong>sensibiliser les regards sur l\u2019espace urbain et cr\u00e9er un espace d\u2019\u00e9changes entre les experts et le public<\/strong><br \/>\u27a1 <b>Samedi <\/b>6 septembre \u00e0 14h30,\u00a0gratuit. <a href=\"https:\/\/www.nomade-land-lyon.com\/\" target=\"_blank\" rel=\"noopener nofollow\">S\u2019inscrire ici<\/a>.<\/p>\n<p style=\"text-align: justify;\"><a href=\"https:\/\/www.labiennaledelyon.com\/fr\/biennale\/biennale-de-la-danse-2025\/defile\/le-defile-2025\" target=\"_blank\" rel=\"noopener nofollow\"><strong>Biennale de la Danse<\/strong><\/a><br \/>Ne manquez pas le <strong>d\u00e9fil\u00e9 d\u2019ouverture<\/strong> de la Biennale de la Danse ce dimanche sur le th\u00e8me des \u00ab\u00a0Danses recycl\u00e9es\u00a0\u00bb. Une <strong>parade festive de 3 000 participants<\/strong> amateur\u00b7rices venus de toute la r\u00e9gion. Et un final sign\u00e9 Mehdi Kerkouche qui pr\u00e9sentera un extrait de son spectacle 360. Une manifestation organis\u00e9e dans le cadre de la <strong>Saison Br\u00e9sil-France<\/strong> : <a href=\"https:\/\/girlstakelyon.com\/saison-bresil-france-2025-lyon\/\" target=\"_blank\" rel=\"noopener nofollow\">Bresil France 2025 \u00e0 Lyon <\/a>dont nous vous parlons dans cet article.<br \/>\u27a1 <strong>Dimanche<\/strong> 7 septembre, d\u00e8s 16h, rue de la R\u00e9publique \u00e0 Lyon. <a href=\"https:\/\/www.labiennaledelyon.com\/fr\/biennale\/biennale-de-la-danse-2025\/defile\/le-defile-2025\" target=\"_blank\" rel=\"noopener nofollow\">Programmation.<\/a><\/p>\n<p><a href=\"https:\/\/www.europesays.com\/fr\/wp-content\/uploads\/2025\/09\/week-end-lyon-5-7-septembre-2025_3_.png\" data-rel=\"lightbox-image-4\" data-rl_title=\"\" data-rl_caption=\"\" title=\"\"><img loading=\"lazy\" decoding=\"async\" class=\"wp-image-41012  aligncenter\" src=\"data:image\/svg+xml,%3Csvg%20xmlns=\" http:=\"\" alt=\"week-end-lyon-5-7-septembre-2025_3_\" width=\"717\" height=\"462\" data-lazy- data-lazy- data-lazy-src=\"https:\/\/www.europesays.com\/fr\/wp-content\/uploads\/2025\/09\/week-end-lyon-5-7-septembre-2025_3_.png\"\/><\/a><\/p>\n<p>Sortir de Lyon ce week-end<\/p>\n<p style=\"text-align: justify;\"><a href=\"http:\/\/www.marche-creation-trevoux.com\/\" target=\"_blank\" rel=\"noopener nofollow\"><strong>March\u00e9 de la Cr\u00e9ation de Tr\u00e9voux<\/strong><\/a><br \/>Une quarantaine de cr\u00e9ateurs se retrouve dans ce march\u00e9 qui promet une ambiance chaleureuse en musique avec de quoi vous restaurer. C\u2019est l\u2019occasion de se faire une balade autour de Lyon et de chiner !<br \/>\u27a1 <strong>Dimanche<\/strong> 7 septembre de 10h \u00e0 18h, all\u00e9e des Tilleuls, le long de la Sa\u00f4ne \u00e0 Tr\u00e9voux.<\/p>\n<p>Une sortie originale et insolite \u00e0 Lyon<\/p>\n<p>\u00a0<\/p>\n<p>\u00a0<\/p>\n<p>\ud83d\ude09 NOTRE RECO MUSICALE POUR ACCOMPAGNER VOTRE WEEK-END \u00c0 LYON \ud83c\udfb6<\/p>\n<p style=\"text-align: justify;\">Pour bien d\u00e9buter le week-end, et en attendant <a href=\"https:\/\/girlstakelyon.com\/cat\/bons-plans\/activites-loisirs-lyon\/musique\/\" target=\"_blank\" rel=\"noopener nofollow\">la playlist hebdomadaire<\/a> qui arrive demain\u2026 Voici <b>Born With A Broken Heart <\/b>de <strong>Damina David\u00a0<\/strong>! Entre <strong>pop<\/strong> et ballade, ce titre explore la lutte \u00e9motionnelle et la vuln\u00e9rabilit\u00e9 au d\u00e9but d\u2019une relation, et la difficult\u00e9 d\u2019ouvrir son c\u0153ur et l\u2019id\u00e9e qu\u2019on ne peut pas forcer l\u2019amour. Ahhh l\u2019amour !<br \/>\ud83d\udc95 On aime beaucoup le clip, avec un style visuel inspir\u00e9 des com\u00e9dies musicales hollywoodiennes classiques \u00e0 la La La Land.<\/p>\n<blockquote><p>\nEt voil\u00e0, vous avez de quoi profiter de ce dernier week-end d\u2019ao\u00fbt \u00e0 Lyon !<br \/>Filez profiter de Lyon version fun et rentr\u00e9e r\u00e9ussie.\n<\/p><\/blockquote>\n<p style=\"text-align: justify;\">\ud83d\udca1\u00a0 <strong>Vous souhaitez nous partager des \u00e9v\u00e9nements que nous n\u2019avons pas cit\u00e9 ? Organisateurs et organisatrices d\u2019\u00e9v\u00e9nements \u00e0 Lyon, vous voudriez appara\u00eetre sur notre s\u00e9lection ?<\/strong><br \/><a href=\"https:\/\/girlstakelyon.com\/week-end-lyon-agenda-evenements-5-7-septembre-2025\/mailto:hello@girsltakelyon.com\" target=\"_blank\" rel=\"noopener nofollow\">Soumettez nous vos propositions par mail<\/a> !<\/p>\n<p style=\"text-align: justify;\">* Les informations, adresses, horaires,\u2026 des \u00e9v\u00e9nements que nous citons sont susceptibles d\u2019\u00e9voluer entre la publication de notre article et leur date (annulation, changement de derni\u00e8re minute, horaires\u2026), veillez donc toujours \u00e0 v\u00e9rifier les informations sur les sites des diff\u00e9rents \u00e9v\u00e9nements et organisateurs dont nous partageons le lien. N\u2019h\u00e9sitez pas \u00e9galement \u00e0 nous le communiquer si vous trouvez une erreur. Merci beaucoup !<br class=\"yoast-text-mark\"\/>** Toutes les images de cet article servent \u00e0 illustrer quelques \u00e9v\u00e9nements, leurs cr\u00e9dits appartenant aux organisateurs.<br \/>*** La consommation d\u2019alcool est dangereuse pour la sant\u00e9 mentale et physique, elle est \u00e0 consommer avec mod\u00e9ration.<\/p>\n<p>\t<a href=\"https:\/\/girlstakelyon.com\/bonnes-adresses-lyon\/\" rel=\"nofollow noopener\" target=\"_blank\">BONNES ADRESSES<\/a><\/p>\n<p><a href=\"https:\/\/girlstakelyon.com\/bonnes-adresses-lyon\/\" title=\"BONNES ADRESSES\" rel=\"nofollow noopener\" target=\"_blank\"><br \/>\n<img loading=\"lazy\" decoding=\"async\" width=\"80\" height=\"80\" src=\"data:image\/svg+xml,%3Csvg%20xmlns=\" http:=\"\" class=\"attachment-80x80 size-80x80 wp-post-image\" alt=\"jeremy galvan\" data-lazy-src=\"https:\/\/www.europesays.com\/fr\/wp-content\/uploads\/2025\/06\/Jeremy_Galvan_5_-80x80.jpg\"\/>\t<\/a><\/p>\n<p><br class=\"clear\"\/><\/p>\n<p>Partager<\/p>\n<p><br class=\"clear\"\/><br \/>\n<script async src=\"\/\/www.instagram.com\/embed.js\"><\/script><\/p>\n","protected":false},"excerpt":{"rendered":"Chaque week-end \u00e0 Lyon est promesse de d\u00e9couverte, gourmandise et divertissement. On prolonge l\u2019\u00e9nergie de l\u2019\u00e9t\u00e9 avec des&hellip;\n","protected":false},"author":2,"featured_media":269188,"comment_status":"","ping_status":"","sticky":false,"template":"","format":"standard","meta":{"footnotes":""},"categories":[1889],"tags":[1111,11,2430,1777,674,1011,27,2428,12,25],"class_list":{"0":"post-365207","1":"post","2":"type-post","3":"status-publish","4":"format-standard","5":"has-post-thumbnail","7":"category-lyon","8":"tag-actu","9":"tag-actualites","10":"tag-auvergne-rhone-alpes","11":"tag-eu","12":"tag-europe","13":"tag-fr","14":"tag-france","15":"tag-lyon","16":"tag-news","17":"tag-republique-francaise"},"share_on_mastodon":{"url":"https:\/\/pubeurope.com\/@fr\/115145005041679490","error":""},"_links":{"self":[{"href":"https:\/\/www.europesays.com\/fr\/wp-json\/wp\/v2\/posts\/365207","targetHints":{"allow":["GET"]}}],"collection":[{"href":"https:\/\/www.europesays.com\/fr\/wp-json\/wp\/v2\/posts"}],"about":[{"href":"https:\/\/www.europesays.com\/fr\/wp-json\/wp\/v2\/types\/post"}],"author":[{"embeddable":true,"href":"https:\/\/www.europesays.com\/fr\/wp-json\/wp\/v2\/users\/2"}],"replies":[{"embeddable":true,"href":"https:\/\/www.europesays.com\/fr\/wp-json\/wp\/v2\/comments?post=365207"}],"version-history":[{"count":0,"href":"https:\/\/www.europesays.com\/fr\/wp-json\/wp\/v2\/posts\/365207\/revisions"}],"wp:featuredmedia":[{"embeddable":true,"href":"https:\/\/www.europesays.com\/fr\/wp-json\/wp\/v2\/media\/269188"}],"wp:attachment":[{"href":"https:\/\/www.europesays.com\/fr\/wp-json\/wp\/v2\/media?parent=365207"}],"wp:term":[{"taxonomy":"category","embeddable":true,"href":"https:\/\/www.europesays.com\/fr\/wp-json\/wp\/v2\/categories?post=365207"},{"taxonomy":"post_tag","embeddable":true,"href":"https:\/\/www.europesays.com\/fr\/wp-json\/wp\/v2\/tags?post=365207"}],"curies":[{"name":"wp","href":"https:\/\/api.w.org\/{rel}","templated":true}]}}