{"id":365209,"date":"2025-09-04T08:09:10","date_gmt":"2025-09-04T08:09:10","guid":{"rendered":"https:\/\/www.europesays.com\/fr\/365209\/"},"modified":"2025-09-04T08:09:10","modified_gmt":"2025-09-04T08:09:10","slug":"journees-du-patrimoine-2025-pensez-a-reserver-vos-visites-pour-nos-10-coups-de-coeur-en-ile-de-france","status":"publish","type":"post","link":"https:\/\/www.europesays.com\/fr\/365209\/","title":{"rendered":"Journ\u00e9es du patrimoine 2025\u00a0: pensez \u00e0 r\u00e9server vos visites pour nos\u00a010 coups de c\u0153ur en \u00cele-de-France"},"content":{"rendered":"<p class=\"col subheadline margin_bottom_subheadline widescreen-12 desktop-10\">Pour profiter pleinement des Journ\u00e9es du patrimoine, programm\u00e9es les 20 et 21\u00a0septembre 2025, il faut d\u00e9sormais s\u2019y prendre \u00e0 l\u2019avance\u00a0: la plupart des visites n\u00e9cessitent une r\u00e9servation. C\u2019est le cas les sites d\u2019\u00cele-de-France, rarement ouverts ou tr\u00e8s m\u00e9connus, que nous avons s\u00e9lectionn\u00e9s pour vous.<\/p>\n<p>Par <a href=\"https:\/\/www.leparisien.fr\/auteur\/christophe-levent\/\" class=\"author_link\" target=\"_blank\" rel=\"noopener\">Christophe Levent<\/a>\u00a0<\/p>\n<p>Le 4 septembre 2025 \u00e0 10h00<\/p>\n","protected":false},"excerpt":{"rendered":"Pour profiter pleinement des Journ\u00e9es du patrimoine, programm\u00e9es les 20 et 21\u00a0septembre 2025, il faut d\u00e9sormais s\u2019y prendre&hellip;\n","protected":false},"author":2,"featured_media":365210,"comment_status":"","ping_status":"","sticky":false,"template":"","format":"standard","meta":{"footnotes":""},"categories":[1592],"tags":[1111,11,872,1777,674,1011,27,662,12,626,25,6047],"class_list":{"0":"post-365209","1":"post","2":"type-post","3":"status-publish","4":"format-standard","5":"has-post-thumbnail","7":"category-ile-de-france","8":"tag-actu","9":"tag-actualites","10":"tag-culture-et-loisirs","11":"tag-eu","12":"tag-europe","13":"tag-fr","14":"tag-france","15":"tag-ile-de-france","16":"tag-news","17":"tag-paris","18":"tag-republique-francaise","19":"tag-sortir-en-region-parisienne"},"share_on_mastodon":{"url":"https:\/\/pubeurope.com\/@fr\/115145013252594401","error":""},"_links":{"self":[{"href":"https:\/\/www.europesays.com\/fr\/wp-json\/wp\/v2\/posts\/365209","targetHints":{"allow":["GET"]}}],"collection":[{"href":"https:\/\/www.europesays.com\/fr\/wp-json\/wp\/v2\/posts"}],"about":[{"href":"https:\/\/www.europesays.com\/fr\/wp-json\/wp\/v2\/types\/post"}],"author":[{"embeddable":true,"href":"https:\/\/www.europesays.com\/fr\/wp-json\/wp\/v2\/users\/2"}],"replies":[{"embeddable":true,"href":"https:\/\/www.europesays.com\/fr\/wp-json\/wp\/v2\/comments?post=365209"}],"version-history":[{"count":0,"href":"https:\/\/www.europesays.com\/fr\/wp-json\/wp\/v2\/posts\/365209\/revisions"}],"wp:featuredmedia":[{"embeddable":true,"href":"https:\/\/www.europesays.com\/fr\/wp-json\/wp\/v2\/media\/365210"}],"wp:attachment":[{"href":"https:\/\/www.europesays.com\/fr\/wp-json\/wp\/v2\/media?parent=365209"}],"wp:term":[{"taxonomy":"category","embeddable":true,"href":"https:\/\/www.europesays.com\/fr\/wp-json\/wp\/v2\/categories?post=365209"},{"taxonomy":"post_tag","embeddable":true,"href":"https:\/\/www.europesays.com\/fr\/wp-json\/wp\/v2\/tags?post=365209"}],"curies":[{"name":"wp","href":"https:\/\/api.w.org\/{rel}","templated":true}]}}