{"id":36521,"date":"2025-04-19T12:50:12","date_gmt":"2025-04-19T12:50:12","guid":{"rendered":"https:\/\/www.europesays.com\/fr\/36521\/"},"modified":"2025-04-19T12:50:12","modified_gmt":"2025-04-19T12:50:12","slug":"video-motogp-enthousiasme-a-son-comble-pour-quartararo-accueilli-en-roi-par-yamaha","status":"publish","type":"post","link":"https:\/\/www.europesays.com\/fr\/36521\/","title":{"rendered":"Vid\u00e9o. MotoGP Enthousiasme \u00e0 son comble pour Quartararo, accueilli en roi par Yamaha !"},"content":{"rendered":"<p>La derni\u00e8re premi\u00e8re ligne de Fabio Quartararo en MotoGP remontait \u00e0 Assen, Grand-Prix des Pays-Bas de MotoGP \u00e9dition 2022 ! Pr\u00e8s de trois ann\u00e9es sans parvenir \u00e0 se hisser dans le top 3 des qualifications, voil\u00e0 qui m\u00e9ritait bien une c\u00e9l\u00e9bration digne de ce nom. Et c\u2019est bien ce qu\u2019a offert l\u2019\u00e9quipe Yamaha \u00e0 son pilote, quelques secondes apr\u00e8s l\u2019arriv\u00e9e du Fran\u00e7ais dans le parc ferm\u00e9, \u00e0 l\u2019issue de la s\u00e9ance qualificative. Une s\u00e9quence que nous vous proposons de voir ou de revoir, via cette vid\u00e9o partag\u00e9e par l\u2019organisation de la cat\u00e9gorie reine, sur les r\u00e9seaux sociaux.<\/p>\n<blockquote class=\"twitter-tweet\">\n<p dir=\"ltr\" lang=\"en\">Some Diablo delight in Doha \ud83d\ude08\ud83e\udd29<a href=\"https:\/\/twitter.com\/hashtag\/QatarGP?src=hash&amp;ref_src=twsrc%5Etfw\" target=\"_blank\" rel=\"noopener\">#QatarGP<\/a> \ud83c\uddf6\ud83c\udde6 <a href=\"https:\/\/t.co\/FmblamYMuK\" target=\"_blank\">pic.twitter.com\/FmblamYMuK<\/a><\/p>\n<p>\u2014 MotoGP\u2122\ud83c\udfc1 (@MotoGP) <a href=\"https:\/\/twitter.com\/MotoGP\/status\/1911048413983957025?ref_src=twsrc%5Etfw\" target=\"_blank\" rel=\"noopener\">April 12, 2025<\/a><\/p>\n<\/blockquote>\n<p>Article publi\u00e9 le 12\/04\/2025 \u00e0 16h30<\/p>\n<p>                                            <img loading=\"lazy\" alt=\"\" class=\"avatar avatar-100 photo lazyload\" height=\"100\" width=\"100\" decoding=\"async\" src=\"https:\/\/www.europesays.com\/fr\/wp-content\/uploads\/2025\/04\/1745067012_481_ffbb894c35ea5189d599d4ea062c98b86ffb67cc602fa683ebcbf422a80fc47a\"  data-eio-rwidth=\"100\" data-eio-rheight=\"100\"\/><\/p>\n<p class=\"h2\">\n                                            Julien Barthet\n                                        <\/p>\n<p>R\u00e9dacteur professionnel, titulaire de la carte de presse pendant 3 ans. Fondateur\/Directeur et R\u00e9dacteur en chef Le Mag Sport Auto et LeMagJeuxHighTech.com.&#13;<br \/>\nEx-Pilote automobile : 55 courses (Formule Ford, F.Campus, Coupe 206 Sprint et Relais, Saxo, Ford Fiesta Allemagne, Mitjet) 1 Victoire. Essais F3, Nascar Euro, Caterham, F.Renault, etc.<\/p>\n<p>                                                                                                                            <a href=\"https:\/\/lemagsportauto.ouest-france.fr\/author\/lmsa_adm\/\" title=\"Julien Barthet\" target=\"_blank\" rel=\"noopener\"><br \/>\n                                                Voir les publications de l&rsquo;auteur<br \/>\n                                            <\/a><\/p>\n<p>                                <script async src=\"https:\/\/platform.twitter.com\/widgets.js\" charset=\"utf-8\"><\/script><\/p>\n","protected":false},"excerpt":{"rendered":"La derni\u00e8re premi\u00e8re ligne de Fabio Quartararo en MotoGP remontait \u00e0 Assen, Grand-Prix des Pays-Bas de MotoGP \u00e9dition&hellip;\n","protected":false},"author":2,"featured_media":36522,"comment_status":"","ping_status":"","sticky":false,"template":"","format":"standard","meta":{"footnotes":""},"categories":[1413],"tags":[1680,1011,27,1457,1456,1458,60],"class_list":{"0":"post-36521","1":"post","2":"type-post","3":"status-publish","4":"format-standard","5":"has-post-thumbnail","7":"category-moto","8":"tag-fabio-quartararo","9":"tag-fr","10":"tag-france","11":"tag-moto","12":"tag-motocycle","13":"tag-motogp","14":"tag-sports"},"share_on_mastodon":{"url":"https:\/\/pubeurope.com\/@fr\/114364719185181084","error":""},"_links":{"self":[{"href":"https:\/\/www.europesays.com\/fr\/wp-json\/wp\/v2\/posts\/36521","targetHints":{"allow":["GET"]}}],"collection":[{"href":"https:\/\/www.europesays.com\/fr\/wp-json\/wp\/v2\/posts"}],"about":[{"href":"https:\/\/www.europesays.com\/fr\/wp-json\/wp\/v2\/types\/post"}],"author":[{"embeddable":true,"href":"https:\/\/www.europesays.com\/fr\/wp-json\/wp\/v2\/users\/2"}],"replies":[{"embeddable":true,"href":"https:\/\/www.europesays.com\/fr\/wp-json\/wp\/v2\/comments?post=36521"}],"version-history":[{"count":0,"href":"https:\/\/www.europesays.com\/fr\/wp-json\/wp\/v2\/posts\/36521\/revisions"}],"wp:featuredmedia":[{"embeddable":true,"href":"https:\/\/www.europesays.com\/fr\/wp-json\/wp\/v2\/media\/36522"}],"wp:attachment":[{"href":"https:\/\/www.europesays.com\/fr\/wp-json\/wp\/v2\/media?parent=36521"}],"wp:term":[{"taxonomy":"category","embeddable":true,"href":"https:\/\/www.europesays.com\/fr\/wp-json\/wp\/v2\/categories?post=36521"},{"taxonomy":"post_tag","embeddable":true,"href":"https:\/\/www.europesays.com\/fr\/wp-json\/wp\/v2\/tags?post=36521"}],"curies":[{"name":"wp","href":"https:\/\/api.w.org\/{rel}","templated":true}]}}