{"id":365218,"date":"2025-09-04T08:13:20","date_gmt":"2025-09-04T08:13:20","guid":{"rendered":"https:\/\/www.europesays.com\/fr\/365218\/"},"modified":"2025-09-04T08:13:20","modified_gmt":"2025-09-04T08:13:20","slug":"paris-sanofi-chute-de-8-apres-une-etude-clinique-sur-un-traitement-contre-la","status":"publish","type":"post","link":"https:\/\/www.europesays.com\/fr\/365218\/","title":{"rendered":"Paris: Sanofi chute de 8% apr\u00e8s une \u00e9tude clinique sur un traitement contre la"},"content":{"rendered":"<p style=\"margin-top:5px\">dermatite atopique<\/p>\n<p><b>Correction Bien lire dermatite dans notre urgent de 09h26<\/b><\/p>\n<p>Paris (awp\/afp) &#8211; Le g\u00e9ant pharmaceutique fran\u00e7ais Sanofi chutait nettement jeudi \u00e0 l&rsquo;ouverture de la s\u00e9ance \u00e0 la Bourse de Paris, apr\u00e8s les r\u00e9sultats d&rsquo;une \u00e9tude clinique sur son traitement amlitelimab contre la dermatite atopique ayant d\u00e9\u00e7u les investisseurs.<\/p>\n<p>Vers 07H20 GMT, dans les premiers \u00e9changes, son titre reculait de 8,09% \u00e0 79,15 euros, alors que l&rsquo;indice CAC 40 de la Bourse de Paris reculait de 0,39%.<\/p>\n<p><b>fcz\/myr\/eb<\/b><\/p>\n","protected":false},"excerpt":{"rendered":"dermatite atopique Correction Bien lire dermatite dans notre urgent de 09h26 Paris (awp\/afp) &#8211; Le g\u00e9ant pharmaceutique fran\u00e7ais&hellip;\n","protected":false},"author":2,"featured_media":118542,"comment_status":"","ping_status":"","sticky":false,"template":"","format":"standard","meta":{"footnotes":""},"categories":[1888],"tags":[11,340,1777,674,1011,27,12,626,25],"class_list":{"0":"post-365218","1":"post","2":"type-post","3":"status-publish","4":"format-standard","5":"has-post-thumbnail","7":"category-paris","8":"tag-actualites","9":"tag-bourse","10":"tag-eu","11":"tag-europe","12":"tag-fr","13":"tag-france","14":"tag-news","15":"tag-paris","16":"tag-republique-francaise"},"share_on_mastodon":{"url":"https:\/\/pubeurope.com\/@fr\/115145028699322130","error":""},"_links":{"self":[{"href":"https:\/\/www.europesays.com\/fr\/wp-json\/wp\/v2\/posts\/365218","targetHints":{"allow":["GET"]}}],"collection":[{"href":"https:\/\/www.europesays.com\/fr\/wp-json\/wp\/v2\/posts"}],"about":[{"href":"https:\/\/www.europesays.com\/fr\/wp-json\/wp\/v2\/types\/post"}],"author":[{"embeddable":true,"href":"https:\/\/www.europesays.com\/fr\/wp-json\/wp\/v2\/users\/2"}],"replies":[{"embeddable":true,"href":"https:\/\/www.europesays.com\/fr\/wp-json\/wp\/v2\/comments?post=365218"}],"version-history":[{"count":0,"href":"https:\/\/www.europesays.com\/fr\/wp-json\/wp\/v2\/posts\/365218\/revisions"}],"wp:featuredmedia":[{"embeddable":true,"href":"https:\/\/www.europesays.com\/fr\/wp-json\/wp\/v2\/media\/118542"}],"wp:attachment":[{"href":"https:\/\/www.europesays.com\/fr\/wp-json\/wp\/v2\/media?parent=365218"}],"wp:term":[{"taxonomy":"category","embeddable":true,"href":"https:\/\/www.europesays.com\/fr\/wp-json\/wp\/v2\/categories?post=365218"},{"taxonomy":"post_tag","embeddable":true,"href":"https:\/\/www.europesays.com\/fr\/wp-json\/wp\/v2\/tags?post=365218"}],"curies":[{"name":"wp","href":"https:\/\/api.w.org\/{rel}","templated":true}]}}