{"id":365219,"date":"2025-09-04T08:14:10","date_gmt":"2025-09-04T08:14:10","guid":{"rendered":"https:\/\/www.europesays.com\/fr\/365219\/"},"modified":"2025-09-04T08:14:10","modified_gmt":"2025-09-04T08:14:10","slug":"la-coalition-des-volontaires-europeens-en-soutien-a-lukraine-contre-la-mauvaise-volonte-russe-liberation","status":"publish","type":"post","link":"https:\/\/www.europesays.com\/fr\/365219\/","title":{"rendered":"la coalition des volontaires europ\u00e9ens en soutien \u00e0 l\u2019Ukraine contre la mauvaise volont\u00e9 russe \u2013 Lib\u00e9ration"},"content":{"rendered":"<p class=\"sc-cPiKLX AiZTS text-element\">Alors que Vladimir Poutine vient de passer <a href=\"https:\/\/www.liberation.fr\/international\/europe\/au-sommet-de-xi-jinping-vladimir-poutine-en-majeste-20250901_GR7365PFLVCNTPSVPWAJL3LPMM\/\" target=\"_blank\" rel=\"nofollow noopener\" title=\"https:\/\/www.liberation.fr\/international\/europe\/au-sommet-de-xi-jinping-vladimir-poutine-en-majeste-20250901_GR7365PFLVCNTPSVPWAJL3LPMM\/\">quelques jours \u00e0 parader aux c\u00f4t\u00e9s de son nouveau meilleur alli\u00e9, Xi Jinping<\/a>, en Chine, les Europ\u00e9ens en profitent pour tenter de reprendre l\u2019initiative sur le dossier ukrainien. Las d\u2019attendre que Donald Trump se d\u00e9cide enfin \u00e0 forcer la main, ou pas, \u00e0 son homologue russe, <a href=\"https:\/\/www.liberation.fr\/international\/europe\/guerre-en-ukraine-volodymyr-zelensky-a-paris-jeudi-pour-rencontrer-les-dirigeants-europeens-20250901_RG5RO2GOZBAQ5PMF42RWTZ3OUE\/\" target=\"_blank\" rel=\"nofollow noopener\" title=\"https:\/\/www.liberation.fr\/international\/europe\/guerre-en-ukraine-volodymyr-zelensky-a-paris-jeudi-pour-rencontrer-les-dirigeants-europeens-20250901_RG5RO2GOZBAQ5PMF42RWTZ3OUE\/\">la \u00abcoalition des volontaires\u00bb, les principaux soutiens occidentaux de Kyiv, se r\u00e9unit<\/a> ce jeudi 4 septembre \u00e0 Paris, au Palais de l\u2019Elys\u00e9e. <\/p>\n<p class=\"sc-cPiKLX AiZTS text-element\">A 10 heures, Emmanuel Macron accueillera dans la cour d\u2019honneur le pr\u00e9sident ukrainien, Volodymyr Zelensky, et les repr\u00e9sentants d\u2019une trentaine de pays alli\u00e9s, dont le pr\u00e9sident finlandais, Alexander Stubb, les Premiers ministres polonais Donald Tusk, espagnol Pedro Sanchez, danoise Mette Frederiksen, les pr\u00e9sidents des institutions de l\u2019Union europ\u00e9enne Ursula von der Leyen et Antonio Costa. Parmi 28 autres chefs d\u2019Etat et de gouvernement qui assisteront \u00e0 la r\u00e9union en visioconf\u00e9rence, dont l\u2019Allemand Friedrich Merz et l\u2019Italienne Giorgia Meloni, le Premier ministre britannique Keir Starmer copr\u00e9sidera la r\u00e9union.<\/p>\n<p class=\"sc-cPiKLX AiZTS text-element\">Un entretien t\u00e9l\u00e9phonique est pr\u00e9vu \u00e0 14 heures avec le pr\u00e9sident am\u00e9ricain, pour l\u2019inciter \u00e0 durcir les sanctions contre la Russie, et tenter de le faire d\u00e9finitivement basculer du bon c\u00f4t\u00e9 de la barricade (en surfant notamment sur son m\u00e9contentement face au rapprochement ostentatoire entre Moscou et P\u00e9kin). Donald Trump exprime r\u00e9guli\u00e8rement son impatience face \u00e0 un Vladimir Poutine qui, clairement, le balade. Le pr\u00e9sident am\u00e9ricain a promis, lors d\u2019une r\u00e9union avec six dirigeants europ\u00e9ens le 18 ao\u00fbt \u00e0 Washington, que les Etats-Unis apporteraient des garanties de s\u00e9curit\u00e9 \u00e0 l\u2019Ukraine, sans toutefois pr\u00e9ciser lesquelles, tout en excluant l\u2019envoi de troupes am\u00e9ricaines au sol.<\/p>\n<p class=\"sc-cPiKLX AiZTS text-element\">Les Europ\u00e9ens, eux, se disent pr\u00eats \u00e0 contribuer au renforcement de l\u2019arm\u00e9e ukrainienne. Si certains alli\u00e9s demeurent h\u00e9sitants, dans l\u2019attente de la contribution et de l\u2019engagement am\u00e9ricain, la France, le Royaume-Uni et la Belgique assurent qu\u2019ils pourront d\u00e9ployer des soldats en Ukraine, sur le terrain, une fois un cessez-le-feu conclu, pour dissuader la Russie de toute nouvelle agression. La coalition des volontaires doit acter ce jeudi que \u00abl\u2019Europe est au rendez-vous, pour la premi\u00e8re fois avec ce niveau d\u2019engagement et d\u2019intensit\u00e9\u00bb, selon les mots du pr\u00e9sident fran\u00e7ais, mercredi soir, au moment d\u2019accueillir son \u00abcher Volodymyr\u00bb sur le perron de l\u2019Elys\u00e9e, pour un d\u00eener en t\u00eate-\u00e0-t\u00eate. <\/p>\n<p class=\"sc-cPiKLX AiZTS text-element\">Vladimir Poutine, qui, malgr\u00e9 les ronds de jambe \u00e0 r\u00e9p\u00e9tition de Donald Trump, reste camp\u00e9 sur ses exigences maximalistes, tout en martelant qu\u2019il est pr\u00eat, bien s\u00fbr, \u00e0 trouver une issue au conflit, \u00e0 condition que l\u2019Ukraine y mette un peu de bonne volont\u00e9 et de \u00abbon sens\u00bb, a r\u00e9p\u00e9t\u00e9, mercredi, que la Russie ne tol\u00e9rerait aucune pr\u00e9sence \u00e9trang\u00e8re sur le sol ukrainien. Rencontrer le pr\u00e9sident ukrainien, pourquoi pas, mais \u00e0 quoi bon ? \u00abSi Zelensky est pr\u00eat, qu\u2019il vienne \u00e0 Moscou, une telle rencontre aura lieu\u00bb, a dit Poutine. En attendant, la Russie, dont les troupes \u00abprogressent avec succ\u00e8s dans toutes les directions\u00bb, demeure pr\u00eate \u00e0 atteindre ses objectifs par la voie militaire, s\u2019il le faut. <\/p>\n","protected":false},"excerpt":{"rendered":"Alors que Vladimir Poutine vient de passer quelques jours \u00e0 parader aux c\u00f4t\u00e9s de son nouveau meilleur alli\u00e9,&hellip;\n","protected":false},"author":2,"featured_media":365220,"comment_status":"","ping_status":"","sticky":false,"template":"","format":"standard","meta":{"footnotes":""},"categories":[1591],"tags":[11,75,1073,1887,12,1885,1886,132,220,297,135,134],"class_list":{"0":"post-365219","1":"post","2":"type-post","3":"status-publish","4":"format-standard","5":"has-post-thumbnail","7":"category-russie","8":"tag-actualites","9":"tag-donald-trump","10":"tag-emmanuel-macron","11":"tag-federation-de-russie","12":"tag-news","13":"tag-russia","14":"tag-russian-federation","15":"tag-russie","16":"tag-ukraine","17":"tag-ukraine-la-crise","18":"tag-vladimir-poutine","19":"tag-volodymyr-zelensky"},"share_on_mastodon":{"url":"https:\/\/pubeurope.com\/@fr\/115145032630070936","error":""},"_links":{"self":[{"href":"https:\/\/www.europesays.com\/fr\/wp-json\/wp\/v2\/posts\/365219","targetHints":{"allow":["GET"]}}],"collection":[{"href":"https:\/\/www.europesays.com\/fr\/wp-json\/wp\/v2\/posts"}],"about":[{"href":"https:\/\/www.europesays.com\/fr\/wp-json\/wp\/v2\/types\/post"}],"author":[{"embeddable":true,"href":"https:\/\/www.europesays.com\/fr\/wp-json\/wp\/v2\/users\/2"}],"replies":[{"embeddable":true,"href":"https:\/\/www.europesays.com\/fr\/wp-json\/wp\/v2\/comments?post=365219"}],"version-history":[{"count":0,"href":"https:\/\/www.europesays.com\/fr\/wp-json\/wp\/v2\/posts\/365219\/revisions"}],"wp:featuredmedia":[{"embeddable":true,"href":"https:\/\/www.europesays.com\/fr\/wp-json\/wp\/v2\/media\/365220"}],"wp:attachment":[{"href":"https:\/\/www.europesays.com\/fr\/wp-json\/wp\/v2\/media?parent=365219"}],"wp:term":[{"taxonomy":"category","embeddable":true,"href":"https:\/\/www.europesays.com\/fr\/wp-json\/wp\/v2\/categories?post=365219"},{"taxonomy":"post_tag","embeddable":true,"href":"https:\/\/www.europesays.com\/fr\/wp-json\/wp\/v2\/tags?post=365219"}],"curies":[{"name":"wp","href":"https:\/\/api.w.org\/{rel}","templated":true}]}}