{"id":365221,"date":"2025-09-04T08:15:12","date_gmt":"2025-09-04T08:15:12","guid":{"rendered":"https:\/\/www.europesays.com\/fr\/365221\/"},"modified":"2025-09-04T08:15:12","modified_gmt":"2025-09-04T08:15:12","slug":"deraillement-dun-funiculaire-a-lisbonne-zelensky-a-paris-olivier-faure-a-matignon-lactu-de-ce-jeudi-4-septembre-au-matin-liberation","status":"publish","type":"post","link":"https:\/\/www.europesays.com\/fr\/365221\/","title":{"rendered":"D\u00e9raillement d\u2019un funiculaire \u00e0 Lisbonne, Zelensky \u00e0 Paris, Olivier Faure \u00e0 Matignon\u2026 L\u2019actu de ce jeudi 4\u00a0septembre au matin \u2013 Lib\u00e9ration"},"content":{"rendered":"<p class=\"sc-cPiKLX AiZTS text-element\">Chaque matin, la r\u00e9daction de Lib\u00e9 s\u00e9lectionne les actualit\u00e9s incontournables en France, dans le reste du monde et celles \u00e0 suivre au cours de la journ\u00e9e. <\/p>\n<p class=\"sc-cPiKLX AiZTS text-element\">Le Portugal a d\u00e9cr\u00e9t\u00e9 ce jeudi une journ\u00e9e de deuil national au lendemain <a href=\"https:\/\/www.liberation.fr\/international\/europe\/deraillement-du-funiculaire-de-lisbonne-15-morts-cause-encore-inconnue-ce-que-lon-sait-de-laccident-20250904_I7GPUK6RCZBMBJOQ3IXKBV2TQ4\/\" target=\"_blank\" rel=\"noreferrer nofollow noopener\" title=\"https:\/\/www.liberation.fr\/international\/europe\/deraillement-du-funiculaire-de-lisbonne-15-morts-cause-encore-inconnue-ce-que-lon-sait-de-laccident-20250904_I7GPUK6RCZBMBJOQ3IXKBV2TQ4\/\">du d\u00e9raillement d\u2019un funiculaire embl\u00e9matique de Lisbonne<\/a>, qui a fait au moins 15 morts et 23 bless\u00e9s. Il n\u2019aurait apparemment pas pris le virage en bas de la rue qu\u2019il empruntait, pour une raison qui reste encore \u00e0 d\u00e9terminer. La soci\u00e9t\u00e9 qui g\u00e8re les transports de la capitale portugaise, la Carris, a imm\u00e9diatement r\u00e9agi en assurant que \u00abtous les protocoles d\u2019entretien\u00bb avaient \u00e9t\u00e9 effectu\u00e9s. Une enqu\u00eate a \u00e9t\u00e9 ouverte pour faire la lumi\u00e8re sur l\u2019accident. <\/p>\n<p class=\"sc-cPiKLX AiZTS text-element\">L\u2019autorit\u00e9 fran\u00e7aise de protection de la vie priv\u00e9e en ligne a frapp\u00e9 mercredi soir les g\u00e9ants am\u00e9ricains et chinois de deux amendes colossales, dont une record, pour non-respect de la l\u00e9gislation sur les cookies. Ces traceurs sont essentiels au secteur de la publicit\u00e9 en ligne et int\u00e9gr\u00e9s au mod\u00e8le \u00e9conomique de nombreuses plateformes. Google est condamn\u00e9 \u00e0 325 millions d\u2019euros et Shein \u00e0 150 millions d\u2019euros. Les deux ont annonc\u00e9 faire appel.<\/p>\n<p class=\"sc-cPiKLX AiZTS text-element\">CGT-cheminots, Unsa-ferroviaire et CFDT-cheminots, majoritaires au sein de l\u2019entreprise de transport, <a href=\"https:\/\/www.liberation.fr\/economie\/transports\/sncf-trois-syndicats-appellent-a-une-greve-massive-le-jeudi-18-septembre-20250903_7Y37JMVTZJEVJCFCQC7GR7VJ5M\/\" target=\"_blank\" rel=\"noreferrer nofollow noopener\" title=\"https:\/\/www.liberation.fr\/economie\/transports\/sncf-trois-syndicats-appellent-a-une-greve-massive-le-jeudi-18-septembre-20250903_7Y37JMVTZJEVJCFCQC7GR7VJ5M\/\">ont appel\u00e9 mercredi soir \u00e0 la gr\u00e8ve le 18 septembre<\/a>. SUD-rail, le troisi\u00e8me syndicat ferroviaire, n\u2019a pas sign\u00e9 le communiqu\u00e9 commun ; il a lanc\u00e9 fin ao\u00fbt un autre appel \u00e0 la gr\u00e8ve pour le 10 septembre. D\u2019autres intersyndicales ont d\u00e9j\u00e0 appel\u00e9 \u00e0 se mobiliser le 18 septembre, notamment \u00e0 la RATP ou chez les contr\u00f4leurs a\u00e9riens. <\/p>\n<p class=\"sc-cPiKLX AiZTS text-element\"><b>Zelensky \u00e0 Paris pour une r\u00e9union des soutiens europ\u00e9ens de l\u2019Ukraine<\/b><\/p>\n<p class=\"sc-cPiKLX AiZTS text-element\">Des membres de la \u00abCoalition des volontaires\u00bb seront rassembl\u00e9s ce jeudi \u00e0 Paris, ou par t\u00e9l\u00e9phone, pour tester l\u2019engagement des Etats-Unis <a href=\"https:\/\/www.liberation.fr\/international\/europe\/neuf-morts-en-ukraine-sanctions-de-londres-contre-des-organisations-russes-arrivee-de-zelensky-a-paris-lactu-du-conflit-en-ukraine-ce-mercredi-3-septembre-20250903_CISJLNU335HSLEXZIHX5UHWDBQ\/\" target=\"_blank\" rel=\"noreferrer nofollow noopener\" title=\"https:\/\/www.liberation.fr\/international\/europe\/neuf-morts-en-ukraine-sanctions-de-londres-contre-des-organisations-russes-arrivee-de-zelensky-a-paris-lactu-du-conflit-en-ukraine-ce-mercredi-3-septembre-20250903_CISJLNU335HSLEXZIHX5UHWDBQ\/\">pour la s\u00e9curit\u00e9 future de l\u2019Ukraine<\/a>. La r\u00e9union est copr\u00e9sid\u00e9e par Emmanuel Macron \u00e0 l\u2019Elys\u00e9e, en pr\u00e9sence de son homologue ukrainien Volodymyr Zelensky. Les dirigeants s\u2019entretiendront ensuite par t\u00e9l\u00e9phone \u00e0 14 heures avec Donald Trump pour lui demander des gestes concrets. <\/p>\n<p class=\"sc-cPiKLX AiZTS text-element\"><b>Le PS re\u00e7u par Bayrou \u00e0 quatre jours du vote de confiance<\/b><\/p>\n<p class=\"sc-cPiKLX AiZTS text-element\"><a href=\"https:\/\/www.liberation.fr\/politique\/courtises-par-la-macronie-et-cibles-par-les-insoumis-les-socialistes-jurent-fidelite-a-la-gauche-20250903_62Y45XG5ZVDBDKF5OD57AQSAQQ\/\" target=\"_blank\" rel=\"noreferrer nofollow noopener\" title=\"https:\/\/www.liberation.fr\/politique\/courtises-par-la-macronie-et-cibles-par-les-insoumis-les-socialistes-jurent-fidelite-a-la-gauche-20250903_62Y45XG5ZVDBDKF5OD57AQSAQQ\/\">Le Premier secr\u00e9taire du Parti socialiste<\/a>, Olivier Faure, est re\u00e7u ce jeudi matin \u00e0 Matignon. Visite de \u00abpolitesse r\u00e9publicaine\u00bb, comme le d\u00e9clarait le PS la semaine derni\u00e8re ou candidature en bonne et due forme \u00e0 la succession du Premier ministre condamn\u00e9 ? Si les roses maintiennent ne pas vouloir voter la confiance, Olivier Faure a affirm\u00e9 mardi \u00eatre \u00ab\u00e0 la disposition du chef de l\u2019Etat pour discuter des conditions dans lesquelles nous pourrions occuper les places gouvernementales\u00bb en cas de chute de Bayrou. <\/p>\n","protected":false},"excerpt":{"rendered":"Chaque matin, la r\u00e9daction de Lib\u00e9 s\u00e9lectionne les actualit\u00e9s incontournables en France, dans le reste du monde et&hellip;\n","protected":false},"author":2,"featured_media":365222,"comment_status":"","ping_status":"","sticky":false,"template":"","format":"standard","meta":{"footnotes":""},"categories":[1590],"tags":[11,1777,674,12,6996,429,4702,220,297],"class_list":{"0":"post-365221","1":"post","2":"type-post","3":"status-publish","4":"format-standard","5":"has-post-thumbnail","7":"category-ukraine","8":"tag-actualites","9":"tag-eu","10":"tag-europe","11":"tag-news","12":"tag-portugal","13":"tag-ps","14":"tag-recap-actu","15":"tag-ukraine","16":"tag-ukraine-la-crise"},"share_on_mastodon":{"url":"https:\/\/pubeurope.com\/@fr\/115145036589655098","error":""},"_links":{"self":[{"href":"https:\/\/www.europesays.com\/fr\/wp-json\/wp\/v2\/posts\/365221","targetHints":{"allow":["GET"]}}],"collection":[{"href":"https:\/\/www.europesays.com\/fr\/wp-json\/wp\/v2\/posts"}],"about":[{"href":"https:\/\/www.europesays.com\/fr\/wp-json\/wp\/v2\/types\/post"}],"author":[{"embeddable":true,"href":"https:\/\/www.europesays.com\/fr\/wp-json\/wp\/v2\/users\/2"}],"replies":[{"embeddable":true,"href":"https:\/\/www.europesays.com\/fr\/wp-json\/wp\/v2\/comments?post=365221"}],"version-history":[{"count":0,"href":"https:\/\/www.europesays.com\/fr\/wp-json\/wp\/v2\/posts\/365221\/revisions"}],"wp:featuredmedia":[{"embeddable":true,"href":"https:\/\/www.europesays.com\/fr\/wp-json\/wp\/v2\/media\/365222"}],"wp:attachment":[{"href":"https:\/\/www.europesays.com\/fr\/wp-json\/wp\/v2\/media?parent=365221"}],"wp:term":[{"taxonomy":"category","embeddable":true,"href":"https:\/\/www.europesays.com\/fr\/wp-json\/wp\/v2\/categories?post=365221"},{"taxonomy":"post_tag","embeddable":true,"href":"https:\/\/www.europesays.com\/fr\/wp-json\/wp\/v2\/tags?post=365221"}],"curies":[{"name":"wp","href":"https:\/\/api.w.org\/{rel}","templated":true}]}}