{"id":365223,"date":"2025-09-04T08:16:10","date_gmt":"2025-09-04T08:16:10","guid":{"rendered":"https:\/\/www.europesays.com\/fr\/365223\/"},"modified":"2025-09-04T08:16:10","modified_gmt":"2025-09-04T08:16:10","slug":"pour-financer-un-voyage-aux-etats-unis-des-lyceens-organisent-un-vide-greniers-dans-le-cotentin","status":"publish","type":"post","link":"https:\/\/www.europesays.com\/fr\/365223\/","title":{"rendered":"Pour financer un voyage aux \u00c9tats-Unis, des lyc\u00e9ens organisent un vide-greniers dans le Cotentin"},"content":{"rendered":"<p>            Par<br \/>\n        <strong><br \/>\n            <a href=\"https:\/\/actu.fr\/auteur\/redaction-pressemanche\" title=\"Consulter tous les articles de R\u00e9daction La Presse de la Manche\" rel=\"nofollow noopener\" target=\"_blank\">R\u00e9daction La Presse de la Manche<\/a><br \/>\n        <\/strong><\/p>\n<p>        Publi\u00e9 le<\/p>\n<p>            4 sept. 2025 \u00e0 9h50        <\/p>\n<p>C\u2019est une <b>tradition\u2009<\/b>: au <b>lyc\u00e9e Sivard-de-Beaulieu<\/b>, \u00e0 <a href=\"https:\/\/actu.fr\/normandie\/carentan-les-marais_50099\" rel=\"nofollow noopener\" target=\"_blank\">Carentan-les-Marais<\/a> (<a href=\"https:\/\/actu.fr\/normandie\/manche_50\" rel=\"nofollow noopener\" target=\"_blank\">Manche<\/a>), une d\u00e9l\u00e9gation de jeunes lyc\u00e9ens de section europ\u00e9enne se rend <b>aux \u00c9tats-Unis dans le cadre d\u2019un \u00e9change avec le lyc\u00e9e d\u2019Hoptkinsville<\/b> et la d\u00e9couverte de lieux embl\u00e9matiques tels que le si\u00e8ge de la 101e Airborne \u00e0 Fort Campbell.<\/p>\n<p>Pour partir d\u00e9but 2027<\/p>\n<p class=\" wall-content\"><b>Une visite de New-York <\/b>et d\u2019autres lieux fait partie du programme. La prochaine d\u00e9l\u00e9gation partira <b>d\u00e9but 2027<\/b>.<\/p>\n<p class=\" wall-content\">Pour permettre aux jeunes lyc\u00e9ens de participer \u00e0 ce p\u00e9riple, une association a \u00e9t\u00e9 cr\u00e9\u00e9e, Des dollars pour Sivard, qui organise <b>de nombreuses animations et participe aux \u00e9v\u00e9nements locaux.<\/b><\/p>\n<p class=\" wall-content\">La prochaine animation aura lieu <b>dimanche 7\u00a0septembre 2025<\/b> avec un grand vide-greniers sur la place du Grand Valnoble.\u00a0<\/p>\n<p>    <img   decoding=\"async\" loading=\"lazy\" class=\"size-large\" src=\"https:\/\/www.europesays.com\/fr\/wp-content\/uploads\/2025\/09\/28d9900c96b860cd9900c96b8ffd99v-960x640.jpg\" alt=\"Le vide-grenier s'installera sur la place du Valnoble.\" width=\"960\" height=\"640\"\/><br \/>\n    Le vide-greniers s\u2019installera sur la place du Valnoble. \u00a9Brigitte ACHERR\u00e9servations et inscriptions par courriel : <a href=\"http:\/\/actu.fr\/cdn-cgi\/l\/email-protection#e6968792948f858dc8808f95958992a691878887828989c88094\" rel=\"nofollow noopener\" target=\"_blank\">[email\u00a0protected]<\/a>.<\/p>\n<p class=\" wall-content\">Personnalisez votre actualit\u00e9 en ajoutant vos villes et m\u00e9dias en favori avec <a href=\"https:\/\/moncompte.actu.fr\" title=\"D\u00e9couvez Mon Actu\" rel=\"nofollow noopener\" data-trk=\"{&quot;cta&quot;:{&quot;action&quot;:&quot;https:\\\/\\\/moncompte.actu.fr&quot;,&quot;category&quot;:&quot;mon compte&quot;,&quot;from&quot;:&quot;article footer&quot;,&quot;name&quot;:&quot;Mon actu&quot;,&quot;type&quot;:&quot;cta&quot;}}\" target=\"_blank\">Mon Actu<\/a>.<\/p>\n","protected":false},"excerpt":{"rendered":"Par R\u00e9daction La Presse de la Manche Publi\u00e9 le 4 sept. 2025 \u00e0 9h50 C\u2019est une tradition\u2009: au&hellip;\n","protected":false},"author":2,"featured_media":365224,"comment_status":"","ping_status":"","sticky":false,"template":"","format":"standard","meta":{"footnotes":""},"categories":[1589],"tags":[11,1063,3168,73,1866,1652,12,1864,1865,1863,308,3365],"class_list":{"0":"post-365223","1":"post","2":"type-post","3":"status-publish","4":"format-standard","5":"has-post-thumbnail","7":"category-etats-unis","8":"tag-actualites","9":"tag-animations","10":"tag-cotentin","11":"tag-etats-unis","12":"tag-etats-unis-damerique","13":"tag-loisirs-culture","14":"tag-news","15":"tag-united-states","16":"tag-united-states-of-america","17":"tag-us","18":"tag-usa","19":"tag-vide-greniers"},"share_on_mastodon":{"url":"https:\/\/pubeurope.com\/@fr\/115145040824003847","error":""},"_links":{"self":[{"href":"https:\/\/www.europesays.com\/fr\/wp-json\/wp\/v2\/posts\/365223","targetHints":{"allow":["GET"]}}],"collection":[{"href":"https:\/\/www.europesays.com\/fr\/wp-json\/wp\/v2\/posts"}],"about":[{"href":"https:\/\/www.europesays.com\/fr\/wp-json\/wp\/v2\/types\/post"}],"author":[{"embeddable":true,"href":"https:\/\/www.europesays.com\/fr\/wp-json\/wp\/v2\/users\/2"}],"replies":[{"embeddable":true,"href":"https:\/\/www.europesays.com\/fr\/wp-json\/wp\/v2\/comments?post=365223"}],"version-history":[{"count":0,"href":"https:\/\/www.europesays.com\/fr\/wp-json\/wp\/v2\/posts\/365223\/revisions"}],"wp:featuredmedia":[{"embeddable":true,"href":"https:\/\/www.europesays.com\/fr\/wp-json\/wp\/v2\/media\/365224"}],"wp:attachment":[{"href":"https:\/\/www.europesays.com\/fr\/wp-json\/wp\/v2\/media?parent=365223"}],"wp:term":[{"taxonomy":"category","embeddable":true,"href":"https:\/\/www.europesays.com\/fr\/wp-json\/wp\/v2\/categories?post=365223"},{"taxonomy":"post_tag","embeddable":true,"href":"https:\/\/www.europesays.com\/fr\/wp-json\/wp\/v2\/tags?post=365223"}],"curies":[{"name":"wp","href":"https:\/\/api.w.org\/{rel}","templated":true}]}}