{"id":365225,"date":"2025-09-04T08:17:11","date_gmt":"2025-09-04T08:17:11","guid":{"rendered":"https:\/\/www.europesays.com\/fr\/365225\/"},"modified":"2025-09-04T08:17:11","modified_gmt":"2025-09-04T08:17:11","slug":"les-ventes-de-voitures-neuves-au-royaume-uni-reculent-denviron-2-en-aout-selon-la-smmt","status":"publish","type":"post","link":"https:\/\/www.europesays.com\/fr\/365225\/","title":{"rendered":"Les ventes de voitures neuves au Royaume-Uni reculent d&rsquo;environ 2\u00a0% en ao\u00fbt, selon la SMMT"},"content":{"rendered":"<p>Les immatriculations de voitures neuves britanniques ont diminu\u00e9 d&rsquo;environ 2\u00a0% en ao\u00fbt par rapport \u00e0 l&rsquo;ann\u00e9e pr\u00e9c\u00e9dente, selon des donn\u00e9es industrielles pr\u00e9liminaires publi\u00e9es jeudi.<\/p>\n<p>\nLa part de march\u00e9 des v\u00e9hicules \u00e9lectriques \u00e0 batterie a atteint environ 26\u00a0% du march\u00e9 total des v\u00e9hicules au cours du mois, a indiqu\u00e9 la Society of Motor Manufacturers and Traders (SMMT).<\/p>\n<p>\nLes chiffres d\u00e9finitifs pour le mois d&rsquo;ao\u00fbt seront publi\u00e9s \u00e0 08h00 GMT.<\/p>\n","protected":false},"excerpt":{"rendered":"Les immatriculations de voitures neuves britanniques ont diminu\u00e9 d&rsquo;environ 2\u00a0% en ao\u00fbt par rapport \u00e0 l&rsquo;ann\u00e9e pr\u00e9c\u00e9dente, selon&hellip;\n","protected":false},"author":2,"featured_media":365226,"comment_status":"","ping_status":"","sticky":false,"template":"","format":"standard","meta":{"footnotes":""},"categories":[1588],"tags":[11,340,1777,674,12,473,1853,1851,1850,1852],"class_list":{"0":"post-365225","1":"post","2":"type-post","3":"status-publish","4":"format-standard","5":"has-post-thumbnail","7":"category-royaume-uni","8":"tag-actualites","9":"tag-bourse","10":"tag-eu","11":"tag-europe","12":"tag-news","13":"tag-royaume-uni","14":"tag-royaume-uni-de-grande-bretagne-et-dirlande-du-nord","15":"tag-uk","16":"tag-united-kingdom","17":"tag-united-kingdom-of-great-britain-and-northern-ireland"},"share_on_mastodon":{"url":"https:\/\/pubeurope.com\/@fr\/115145044603457526","error":""},"_links":{"self":[{"href":"https:\/\/www.europesays.com\/fr\/wp-json\/wp\/v2\/posts\/365225","targetHints":{"allow":["GET"]}}],"collection":[{"href":"https:\/\/www.europesays.com\/fr\/wp-json\/wp\/v2\/posts"}],"about":[{"href":"https:\/\/www.europesays.com\/fr\/wp-json\/wp\/v2\/types\/post"}],"author":[{"embeddable":true,"href":"https:\/\/www.europesays.com\/fr\/wp-json\/wp\/v2\/users\/2"}],"replies":[{"embeddable":true,"href":"https:\/\/www.europesays.com\/fr\/wp-json\/wp\/v2\/comments?post=365225"}],"version-history":[{"count":0,"href":"https:\/\/www.europesays.com\/fr\/wp-json\/wp\/v2\/posts\/365225\/revisions"}],"wp:featuredmedia":[{"embeddable":true,"href":"https:\/\/www.europesays.com\/fr\/wp-json\/wp\/v2\/media\/365226"}],"wp:attachment":[{"href":"https:\/\/www.europesays.com\/fr\/wp-json\/wp\/v2\/media?parent=365225"}],"wp:term":[{"taxonomy":"category","embeddable":true,"href":"https:\/\/www.europesays.com\/fr\/wp-json\/wp\/v2\/categories?post=365225"},{"taxonomy":"post_tag","embeddable":true,"href":"https:\/\/www.europesays.com\/fr\/wp-json\/wp\/v2\/tags?post=365225"}],"curies":[{"name":"wp","href":"https:\/\/api.w.org\/{rel}","templated":true}]}}