{"id":365227,"date":"2025-09-04T08:18:24","date_gmt":"2025-09-04T08:18:24","guid":{"rendered":"https:\/\/www.europesays.com\/fr\/365227\/"},"modified":"2025-09-04T08:18:24","modified_gmt":"2025-09-04T08:18:24","slug":"lindice-pmi-du-secteur-de-la-construction-en-allemagne-senfonce-davantage-en-territoire-de-contraction-en-aout","status":"publish","type":"post","link":"https:\/\/www.europesays.com\/fr\/365227\/","title":{"rendered":"L&rsquo;indice PMI du secteur de la construction en Allemagne s&rsquo;enfonce davantage en territoire de contraction en ao\u00fbt"},"content":{"rendered":"<td class=\"is__realtime px-5\">\n<tr wp_automatic_readability=\"2\">\n<td colspan=\"3\" class=\"is__realtime-quality js-next-event-quotes\" data-next-event=\"2025-09-04T18:05:00+02:00\">\n<p>                                                    Temps Diff\u00e9r\u00e9<br \/>\n                                            Switzerland<\/p>\n<p>10:03:00 04\/09\/2025<\/p>\n<\/td>\n<td class=\"txt-align-center is__realtime-quality c-none cm-table\">\n                            Varia. 5j.\n                        <\/td>\n<td class=\"txt-align-center is__realtime-quality\">\n                            Varia. 1 janv.\n                        <\/td>\n<\/tr>\n<tr>\n<td class=\"txt-s7 is__realtime-last txt-align-left\">\n<p>548,40                        PTS\n                                    <\/td>\n<td class=\"txt-s7 is__realtime-var txt-align-left\">\n                                             +0,30%\n                                    <\/td>\n<td class=\"table-child--middle c-none cs-table table-child--no-pad\">\n                                                <img loading=\"lazy\" decoding=\"async\" style=\"vertical-align: middle\" width=\"120\" height=\"45\" alt=\"Graphique intraday de STOXX Europe 600 Index (EUR)\" src=\"https:\/\/www.zonebourse.com\/zbcache\/charts\/ObjectChart.aspx?Name=7477&amp;Type=Intraday&amp;Width=120&amp;Height=45&amp;ShowAxis=0&amp;DTstart=2025-09-04&amp;Render=Line&amp;BottomMargin=3&amp;TopMargin=5&amp;Prev=546.78&amp;TIMEZONE=Europe\/Paris\" onerror=\"this.style.display='none'\"\/>                    <\/td>\n<td class=\"txt-s4 txt-align-center c-none cm-table\">\n                             -0,96%\n                        <\/td>\n<td class=\"txt-s4 txt-align-center\">\n                                                             +8,02%\n                                                    <\/td>\n<\/tr>\n<p class=\"m-0 txt-s1\">Publi\u00e9 le 04\/09\/2025<br \/>\n            \u00e0 09:46<\/p>\n<p>                                            MT Newswires<br \/>\n                                                                                            &#8211;<br \/>\n                                                Traduit par Zonebourse<\/p>\n<p>Avertissement l\u00e9gal<\/p>\n<p>Contactez-nous pour toute demande de correction<\/p>\n<p>                                                &#8211; Voir l&rsquo;original]]]]>]]><\/p>\n<p>D\u00e9bloquer l&rsquo;article : INSCRIVEZ-VOUS !<\/p>\n<p><img decoding=\"async\" src=\"https:\/\/www.europesays.com\/fr\/wp-content\/uploads\/2025\/07\/mtnewswires.png\" alt=\"mtnewswires logo\" class=\"c-block ml-auto\"\/><br \/>\n                    \u00a9 MT Newswires &#8211; 2025<\/p>\n<tr class=\"\" wp_automatic_readability=\"0.35064935064935\">\n<td class=\"w-100\"><a href=\"https:\/\/ch.zonebourse.com\/actualite-bourse\/les-bourses-mondiales-sans-elan-l-oeil-sur-l-emploi-aux-etats-unis-ce7d59dbd180f72c\" class=\"txt-- txt-overflow-2 link link--no-underline my-5 my-m-0 txt-m-inline\" rel=\"nofollow noopener\" target=\"_blank\"><\/p>\n<p>Les Bourses mondiales sans \u00e9lan, l&rsquo;oeil sur l&#8217;emploi aux Etats-Unis<\/p>\n<p>                        <\/a><\/td>\n<td class=\"table-child--right  table-child--nowrap table-child--w100 txt-s1\">\n    09:53<\/td>\n<td class=\"table-child--right table-child--w40 c-none cm-table\">\n                                    AW\n                        <\/td>\n<\/tr>\n<tr class=\"\" wp_automatic_readability=\"0.3\">\n<td class=\"w-100\"><a href=\"https:\/\/ch.zonebourse.com\/actualite-bourse\/l-activite-du-secteur-de-la-construction-en-italie-atteint-son-plus-bas-niveau-en-un-an-en-aout-sel-ce7d59dbd181f024\" class=\"txt-- txt-overflow-2 link link--no-underline my-5 my-m-0 txt-m-inline\" rel=\"nofollow noopener\" target=\"_blank\"><\/p>\n<p>L&rsquo;activit\u00e9 du secteur de la construction en Italie atteint son plus bas niveau en un an en ao\u00fbt, selon le PMI<\/p>\n<p>                        <\/a><\/td>\n<td class=\"table-child--right  table-child--nowrap table-child--w100 txt-s1\">\n    09:50<\/td>\n<td class=\"table-child--right table-child--w40 c-none cm-table\">\n                                    MT\n                        <\/td>\n<\/tr>\n<tr class=\"\" wp_automatic_readability=\"0.26666666666667\">\n<td class=\"w-100\"><a href=\"https:\/\/ch.zonebourse.com\/actualite-bourse\/les-marches-europeens-stagnent-alors-que-les-inquietudes-sur-les-obligations-s-apaisent-les-compagn-ce7d59dbd181f32c\" class=\"txt-- txt-overflow-2 link link--no-underline my-5 my-m-0 txt-m-inline\" rel=\"nofollow noopener\" target=\"_blank\"><\/p>\n<p>Les march\u00e9s europ\u00e9ens stagnent alors que les inqui\u00e9tudes sur les obligations s&rsquo;apaisent, les compagnies a\u00e9riennes en repli<\/p>\n<p>                        <\/a><\/td>\n<td class=\"table-child--right  table-child--nowrap table-child--w100 txt-s1\">\n    09:48<\/td>\n<td class=\"table-child--right table-child--w40 c-none cm-table\">\n                                    RE\n                        <\/td>\n<\/tr>\n<tr class=\"\" wp_automatic_readability=\"0.24324324324324\">\n<td class=\"w-100\"><a href=\"https:\/\/ch.zonebourse.com\/actualite-bourse\/stoxx-europe-600-etf-l-europe-evolue-en-ordre-disperse-avant-des-indicateurs-de-l-emploi-aux-usa-ce7d59dbd181f222\" class=\"txt-- txt-overflow-2 link link--no-underline my-5 my-m-0 txt-m-inline\" rel=\"nofollow noopener\" target=\"_blank\"><\/p>\n<p>STOXX EUROPE 600 \/ ETF : L&rsquo;Europe \u00e9volue en ordre dispers\u00e9 avant des indicateurs de l&#8217;emploi aux USA<\/p>\n<p>                        <\/a><\/td>\n<td class=\"table-child--right  table-child--nowrap table-child--w100 txt-s1\">\n    09:48<\/td>\n<td class=\"table-child--right table-child--w40 c-none cm-table\">\n                                    DJ\n                        <\/td>\n<\/tr>\n<tr class=\"\" wp_automatic_readability=\"0.22131147540984\">\n<td class=\"w-100\"><a href=\"https:\/\/ch.zonebourse.com\/actualite-bourse\/l-indice-pmi-du-secteur-de-la-construction-en-allemagne-s-enfonce-davantage-en-territoire-de-contrac-ce7d59dbd181f32d\" class=\"txt-- txt-overflow-2 link link--no-underline my-5 my-m-0 txt-m-inline\" rel=\"nofollow noopener\" target=\"_blank\"><\/p>\n<p>L&rsquo;indice PMI du secteur de la construction en Allemagne s&rsquo;enfonce davantage en territoire de contraction en ao\u00fbt<\/p>\n<p>                        <\/a><\/td>\n<td class=\"table-child--right  table-child--nowrap table-child--w100 txt-s1\">\n    09:46<\/td>\n<td class=\"table-child--right table-child--w40 c-none cm-table\">\n                                    MT\n                        <\/td>\n<\/tr>\n<tr class=\"\" wp_automatic_readability=\"0.30252100840336\">\n<td class=\"w-100\"><a href=\"https:\/\/ch.zonebourse.com\/actualite-bourse\/le-secteur-de-la-construction-en-zone-euro-enregistre-son-plus-faible-recul-depuis-fevrier-2023-sel-ce7d59dbd181f322\" class=\"txt-- txt-overflow-2 link link--no-underline my-5 my-m-0 txt-m-inline\" rel=\"nofollow noopener\" target=\"_blank\"><\/p>\n<p>Le secteur de la construction en zone euro enregistre son plus faible recul depuis f\u00e9vrier 2023, selon le PMI<\/p>\n<p>                        <\/a><\/td>\n<td class=\"table-child--right  table-child--nowrap table-child--w100 txt-s1\">\n    09:46<\/td>\n<td class=\"table-child--right table-child--w40 c-none cm-table\">\n                                    MT\n                        <\/td>\n<\/tr>\n<tr class=\"\" wp_automatic_readability=\"0.32142857142857\">\n<td class=\"w-100\"><a href=\"https:\/\/ch.zonebourse.com\/actualite-bourse\/l-europe-en-hausse-prudente-les-investisseurs-se-tournent-vers-l-emploi-us-ce7d59dbd181f427\" class=\"txt-- txt-overflow-2 link link--no-underline my-5 my-m-0 txt-m-inline\" rel=\"nofollow noopener\" target=\"_blank\"><\/p>\n<p>L&rsquo;Europe en hausse prudente, les investisseurs se tournent vers l&#8217;emploi US<\/p>\n<p>                        <\/a><\/td>\n<td class=\"table-child--right  table-child--nowrap table-child--w100 txt-s1\">\n    09:43<\/td>\n<td class=\"table-child--right table-child--w40 c-none cm-table\">\n                                    RE\n                        <\/td>\n<\/tr>\n<tr class=\"\" wp_automatic_readability=\"0.21951219512195\">\n<td class=\"w-100\"><a href=\"https:\/\/ch.zonebourse.com\/actualite-bourse\/la-recession-du-secteur-de-la-construction-en-france-s-attenue-en-aout-ce7d59dbd181f622\" class=\"txt-- txt-overflow-2 link link--no-underline my-5 my-m-0 txt-m-inline\" rel=\"nofollow noopener\" target=\"_blank\"><\/p>\n<p>La r\u00e9cession du secteur de la construction en France s&rsquo;att\u00e9nue en ao\u00fbt<\/p>\n<p>                        <\/a><\/td>\n<td class=\"table-child--right  table-child--nowrap table-child--w100 txt-s1\">\n    09:40<\/td>\n<td class=\"table-child--right table-child--w40 c-none cm-table\">\n                                    MT\n                        <\/td>\n<\/tr>\n<tr class=\"\" wp_automatic_readability=\"0.34615384615385\">\n<td class=\"w-100\"><a href=\"https:\/\/ch.zonebourse.com\/actualite-bourse\/les-bourses-europeennes-ouvrent-sans-elan-ce7d59dbd18cff21\" class=\"txt-- txt-overflow-2 link link--no-underline my-5 my-m-0 txt-m-inline\" rel=\"nofollow noopener\" target=\"_blank\"><\/p>\n<p>Les Bourses europ\u00e9ennes ouvrent sans \u00e9lan<\/p>\n<p>                        <\/a><\/td>\n<td class=\"table-child--right  table-child--nowrap table-child--w100 txt-s1\">\n    09:09<\/td>\n<td class=\"table-child--right table-child--w40 c-none cm-table\">\n                                    AW\n                        <\/td>\n<\/tr>\n<tr class=\"\" wp_automatic_readability=\"0.27692307692308\">\n<td class=\"w-100\"><a href=\"https:\/\/ch.zonebourse.com\/actualite-bourse\/les-valeurs-a-suivre-a-paris-et-en-europe-ce7d59dbdf8bf326\" class=\"txt-- txt-overflow-2 link link--no-underline my-5 my-m-0 txt-m-inline\" rel=\"nofollow noopener\" target=\"_blank\"><\/p>\n<p>Les valeurs \u00e0 suivre \u00e0 Paris et en Europe (actualis\u00e9)<\/p>\n<p>                        <\/a><\/td>\n<td class=\"table-child--right  table-child--nowrap table-child--w100 txt-s1\">\n    08:55<\/td>\n<td class=\"table-child--right table-child--w40 c-none cm-table\">\n                                    RE\n                        <\/td>\n<\/tr>\n<tr class=\"\" wp_automatic_readability=\"0.31764705882353\">\n<td class=\"w-100\"><a href=\"https:\/\/ch.zonebourse.com\/actualite-bourse\/point-marches-l-europe-attendue-sur-une-note-stable-l-accalmie-sur-l-obligataire-apaise-les-esprits-ce7d59dbdf8ef122\" class=\"txt-- txt-overflow-2 link link--no-underline my-5 my-m-0 txt-m-inline\" rel=\"nofollow noopener\" target=\"_blank\"><\/p>\n<p>Faibles variations en vue en Europe, accalmie sur l&rsquo;obligataire (actualis\u00e9)<\/p>\n<p>                        <\/a><\/td>\n<td class=\"table-child--right  table-child--nowrap table-child--w100 txt-s1\">\n    08:49<\/td>\n<td class=\"table-child--right table-child--w40 c-none cm-table\">\n                                    RE\n                        <\/td>\n<\/tr>\n<tr class=\"\" wp_automatic_readability=\"0.16216216216216\">\n<td class=\"w-100\"><a href=\"https:\/\/ch.zonebourse.com\/actualite-bourse\/bourse-qui-rachetera-sfr-burberry-dans-le-ftse-100-et-resultats-mediocres-pour-figma-et-salesfor-ce7d59dbd18bf325\" class=\"txt-- txt-overflow-2 link link--no-underline my-5 my-m-0 txt-m-inline\" rel=\"nofollow noopener\" target=\"_blank\"><\/p>\n<p>Bourse : qui rach\u00e8tera SFR ? Burberry dans le FTSE 100 et r\u00e9sultats m\u00e9diocres pour Figma et Salesforce<\/p>\n<p>                        <\/a><\/td>\n<td class=\"table-child--right  table-child--nowrap table-child--w100 txt-s1\">\n    08:37<\/td>\n<td class=\"table-child--right table-child--w40 c-none cm-table\"><img loading=\"lazy\" decoding=\"async\" src=\"https:\/\/www.europesays.com\/fr\/wp-content\/uploads\/2025\/05\/logo_at.gif\" width=\"14\" height=\"8\" alt=\"Zonebourse\"\/><\/td>\n<\/tr>\n<tr class=\"\" wp_automatic_readability=\"0.17307692307692\">\n<td class=\"w-100\"><a href=\"https:\/\/ch.zonebourse.com\/actualite-bourse\/les-actions-europeennes-cloturent-en-hausse-alors-que-la-tension-sur-les-obligations-s-apaise-ce7d59dad18cf523\" class=\"txt-- txt-overflow-2 link link--no-underline my-5 my-m-0 txt-m-inline\" rel=\"nofollow noopener\" target=\"_blank\"><\/p>\n<p>Les actions europ\u00e9ennes cl\u00f4turent en hausse alors que la tension sur les obligations s&rsquo;apaise<\/p>\n<p>                        <\/a><\/td>\n<td class=\"table-child--right  table-child--nowrap table-child--w100 txt-s1\">\n    03\/09<\/td>\n<td class=\"table-child--right table-child--w40 c-none cm-table\">\n                                    RE\n                        <\/td>\n<\/tr>\n<tr class=\"\" wp_automatic_readability=\"0.26470588235294\">\n<td class=\"w-100\"><a href=\"https:\/\/ch.zonebourse.com\/actualite-bourse\/point-marches-l-europe-finit-en-hausse-avec-l-accalmie-sur-les-taux-longs-ce7d59dbdb80ff23\" class=\"txt-- txt-overflow-2 link link--no-underline my-5 my-m-0 txt-m-inline\" rel=\"nofollow noopener\" target=\"_blank\"><\/p>\n<p>L&rsquo;Europe finit en hausse avec l&rsquo;accalmie sur les taux longs<\/p>\n<p>                        <\/a><\/td>\n<td class=\"table-child--right  table-child--nowrap table-child--w100 txt-s1\">\n    03\/09<\/td>\n<td class=\"table-child--right table-child--w40 c-none cm-table\">\n                                    RE\n                        <\/td>\n<\/tr>\n<tr class=\"\" wp_automatic_readability=\"0.225\">\n<td class=\"w-100\"><a href=\"https:\/\/ch.zonebourse.com\/actualite-bourse\/nordea-perspectives-de-croissance-nordiques-prudemment-optimistes-malgre-les-vents-contraires-ce7d59dbdb80f425\" class=\"txt-- txt-overflow-2 link link--no-underline my-5 my-m-0 txt-m-inline\" rel=\"nofollow noopener\" target=\"_blank\"><\/p>\n<p>Nordea : Perspectives de croissance nordiques \u00ab prudemment optimistes \u00bb malgr\u00e9 les vents contraires mondiaux<\/p>\n<p>                        <\/a><\/td>\n<td class=\"table-child--right  table-child--nowrap table-child--w100 txt-s1\">\n    03\/09<\/td>\n<td class=\"table-child--right table-child--w40 c-none cm-table\">\n                                    MT\n                        <\/td>\n<\/tr>\n<tr class=\"\" wp_automatic_readability=\"0.1970802919708\">\n<td class=\"w-100\"><a href=\"https:\/\/ch.zonebourse.com\/actualite-bourse\/les-bourses-europeennes-cloturent-en-hausse-malgre-une-croissance-economique-douloureusement-lente-ce7d59dbdb81f32d\" class=\"txt-- txt-overflow-2 link link--no-underline my-5 my-m-0 txt-m-inline\" rel=\"nofollow noopener\" target=\"_blank\"><\/p>\n<p>Les bourses europ\u00e9ennes cl\u00f4turent en hausse malgr\u00e9 une croissance \u00e9conomique \u00ab\u00a0douloureusement lente\u00a0\u00bb dans la zone euro<\/p>\n<p>                        <\/a><\/td>\n<td class=\"table-child--right  table-child--nowrap table-child--w100 txt-s1\">\n    03\/09<\/td>\n<td class=\"table-child--right table-child--w40 c-none cm-table\">\n                                    MT\n                        <\/td>\n<\/tr>\n<tr class=\"\" wp_automatic_readability=\"0.36\">\n<td class=\"w-100\"><a href=\"https:\/\/ch.zonebourse.com\/actualite-bourse\/les-marches-europeens-progressent-le-mib-leste-par-les-banques-ce7d59dbdb8efe24\" class=\"txt-- txt-overflow-2 link link--no-underline my-5 my-m-0 txt-m-inline\" rel=\"nofollow noopener\" target=\"_blank\"><\/p>\n<p>Les march\u00e9s europ\u00e9ens progressent, le Mib lest\u00e9 par les banques<\/p>\n<p>                        <\/a><\/td>\n<td class=\"table-child--right  table-child--nowrap table-child--w100 txt-s1\">\n    03\/09<\/td>\n<td class=\"table-child--right table-child--w40 c-none cm-table\">\n                                    AN\n                        <\/td>\n<\/tr>\n<tr class=\"\" wp_automatic_readability=\"0.19354838709677\">\n<td class=\"w-100\"><a href=\"https:\/\/ch.zonebourse.com\/actualite-bourse\/cac40-en-tete-du-peloton-europeen-google-et-apple-soutiennent-a-eux-2-wall-street-ce7d59dbdb8af52d\" class=\"txt-- txt-overflow-2 link link--no-underline my-5 my-m-0 txt-m-inline\" rel=\"nofollow noopener\" target=\"_blank\"><\/p>\n<p>CAC40 : en t\u00eate du peloton europ\u00e9en, Google et Apple soutiennent \u00e0 eux 2 Wall Street<\/p>\n<p>                        <\/a><\/td>\n<td class=\"table-child--right  table-child--nowrap table-child--w100 txt-s1\">\n    03\/09<\/td>\n<td class=\"table-child--right table-child--w40 c-none cm-table\"><img loading=\"lazy\" decoding=\"async\" src=\"https:\/\/www.europesays.com\/fr\/wp-content\/uploads\/2025\/05\/logo_at.gif\" width=\"14\" height=\"8\" alt=\"Zonebourse\"\/><\/td>\n<\/tr>\n<tr class=\"\" wp_automatic_readability=\"0.23076923076923\">\n<td class=\"w-100\"><a href=\"https:\/\/ch.zonebourse.com\/actualite-bourse\/les-actions-europeennes-cotees-aux-etats-unis-sous-forme-d-adr-progressent-lors-de-la-seance-de-merc-ce7d59dbdb8bf223\" class=\"txt-- txt-overflow-2 link link--no-underline my-5 my-m-0 txt-m-inline\" rel=\"nofollow noopener\" target=\"_blank\"><\/p>\n<p>Les actions europ\u00e9ennes cot\u00e9es aux \u00c9tats-Unis sous forme d&rsquo;ADR progressent lors de la s\u00e9ance de mercredi<\/p>\n<p>                        <\/a><\/td>\n<td class=\"table-child--right  table-child--nowrap table-child--w100 txt-s1\">\n    03\/09<\/td>\n<td class=\"table-child--right table-child--w40 c-none cm-table\">\n                                    MT\n                        <\/td>\n<\/tr>\n<tr class=\"\" wp_automatic_readability=\"0.3\">\n<td class=\"w-100\"><a href=\"https:\/\/ch.zonebourse.com\/actualite-bourse\/wall-street-antitrust-en-recul-rendements-en-hausse-ce7d59dbd88bf620\" class=\"txt-- txt-overflow-2 link link--no-underline my-5 my-m-0 txt-m-inline\" rel=\"nofollow noopener\" target=\"_blank\"><\/p>\n<p>Wall Street : Antitrust en recul, rendements en hausse<\/p>\n<p>                        <\/a><\/td>\n<td class=\"table-child--right  table-child--nowrap table-child--w100 txt-s1\">\n    03\/09<\/td>\n<td class=\"table-child--right table-child--w40 c-none cm-table\"><img loading=\"lazy\" decoding=\"async\" src=\"https:\/\/www.europesays.com\/fr\/wp-content\/uploads\/2025\/05\/logo_at.gif\" width=\"14\" height=\"8\" alt=\"Zonebourse\"\/><\/td>\n<\/tr>\n<tr class=\"\" wp_automatic_readability=\"0.25714285714286\">\n<td class=\"w-100\"><a href=\"https:\/\/ch.zonebourse.com\/actualite-bourse\/les-marches-europeens-progressent-a-la-mi-journee-portes-par-la-detente-des-rendements-obligataires-ce7d59dad08cf620\" class=\"txt-- txt-overflow-2 link link--no-underline my-5 my-m-0 txt-m-inline\" rel=\"nofollow noopener\" target=\"_blank\"><\/p>\n<p>Les march\u00e9s europ\u00e9ens progressent \u00e0 la mi-journ\u00e9e, port\u00e9s par la d\u00e9tente des rendements obligataires et la baisse du p\u00e9trole<\/p>\n<p>                        <\/a><\/td>\n<td class=\"table-child--right  table-child--nowrap table-child--w100 txt-s1\">\n    03\/09<\/td>\n<td class=\"table-child--right table-child--w40 c-none cm-table\">\n                                    MT\n                        <\/td>\n<\/tr>\n<tr class=\"\" wp_automatic_readability=\"0.2967032967033\">\n<td class=\"w-100\"><a href=\"https:\/\/ch.zonebourse.com\/actualite-bourse\/point-marches-rebond-en-vue-de-wall-street-avec-alphabet-l-europe-bien-orientee-avec-la-tech-ce7d59dad08af72c\" class=\"txt-- txt-overflow-2 link link--no-underline my-5 my-m-0 txt-m-inline\" rel=\"nofollow noopener\" target=\"_blank\"><\/p>\n<p>Rebond en vue de Wall Street avec Alphabet, l&rsquo;Europe bien orient\u00e9e avec la \u00ab\u00a0tech\u00a0\u00bb<\/p>\n<p>                        <\/a><\/td>\n<td class=\"table-child--right  table-child--nowrap table-child--w100 txt-s1\">\n    03\/09<\/td>\n<td class=\"table-child--right table-child--w40 c-none cm-table\">\n                                    RE\n                        <\/td>\n<\/tr>\n<tr class=\"\" wp_automatic_readability=\"0.19354838709677\">\n<td class=\"w-100\"><a href=\"https:\/\/ch.zonebourse.com\/actualite-bourse\/secteurs-europeens-des-performances-de-production-contrastees-en-aout-selon-s-p-ce7d59dad08af226\" class=\"txt-- txt-overflow-2 link link--no-underline my-5 my-m-0 txt-m-inline\" rel=\"nofollow noopener\" target=\"_blank\"><\/p>\n<p>Secteurs europ\u00e9ens : des performances de production contrast\u00e9es en ao\u00fbt selon S&amp;P<\/p>\n<p>                        <\/a><\/td>\n<td class=\"table-child--right  table-child--nowrap table-child--w100 txt-s1\">\n    03\/09<\/td>\n<td class=\"table-child--right table-child--w40 c-none cm-table\">\n                                    MT\n                        <\/td>\n<\/tr>\n<tr class=\"\" wp_automatic_readability=\"0.19047619047619\">\n<td class=\"w-100\"><a href=\"https:\/\/ch.zonebourse.com\/actualite-bourse\/europe-la-confiance-prevaut-encore-au-sein-des-bourses-ce7d59dad18bf021\" class=\"txt-- txt-overflow-2 link link--no-underline my-5 my-m-0 txt-m-inline\" rel=\"nofollow noopener\" target=\"_blank\"><\/p>\n<p>Europe : la confiance pr\u00e9vaut encore au sein des Bourses<\/p>\n<p>                        <\/a><\/td>\n<td class=\"table-child--right  table-child--nowrap table-child--w100 txt-s1\">\n    03\/09<\/td>\n<td class=\"table-child--right table-child--w40 c-none cm-table\"><img loading=\"lazy\" decoding=\"async\" src=\"https:\/\/www.europesays.com\/fr\/wp-content\/uploads\/2025\/05\/logo_at.gif\" width=\"14\" height=\"8\" alt=\"Zonebourse\"\/><\/td>\n<\/tr>\n<tr class=\"\" wp_automatic_readability=\"0.16666666666667\">\n<td class=\"w-100\"><a href=\"https:\/\/ch.zonebourse.com\/actualite-bourse\/cac40-reprend-1-malgre-les-tensions-sur-le-marche-obligataire-ce7d59dad188f125\" class=\"txt-- txt-overflow-2 link link--no-underline my-5 my-m-0 txt-m-inline\" rel=\"nofollow noopener\" target=\"_blank\"><\/p>\n<p>CAC40 : reprend 1% malgr\u00e9 les tensions sur le march\u00e9 obligataire<\/p>\n<p>                        <\/a><\/td>\n<td class=\"table-child--right  table-child--nowrap table-child--w100 txt-s1\">\n    03\/09<\/td>\n<td class=\"table-child--right table-child--w40 c-none cm-table\"><img loading=\"lazy\" decoding=\"async\" src=\"https:\/\/www.europesays.com\/fr\/wp-content\/uploads\/2025\/05\/logo_at.gif\" width=\"14\" height=\"8\" alt=\"Zonebourse\"\/><\/td>\n<\/tr>\n<p>Couleur : Varia.Varia. 5j.Variation 1 moisVariation 3 moisVariation 6 moisVaria. 1anVaria. 3ansVaria. 5ansVaria. 10ansVaria. 1 janv.<\/p>\n<p>Pond\u00e9ration : CapitalisationPond\u00e9rations Equipond\u00e9r\u00e9esPoids<\/p>\n<p>Regroupement : IndustrieSuper SecteursSuper Secteurs et SecteursIndustrie et ActionsSuper Secteurs et ActionsSecteurs et ActionsActions<\/p>\n<p><a class=\"c-block mt-10 link link__more\" href=\"https:\/\/ch.zonebourse.com\/cours\/indice\/STOXX-EUROPE-600-INDEX-EU-7477\/heatmap\/\" rel=\"nofollow noopener\" target=\"_blank\"><br \/>\n                    Heatmap d\u00e9taill\u00e9e<br \/>\n                <\/a><\/p>\n<ol itemscope=\"\" itemtype=\"https:\/\/schema.org\/BreadcrumbList\">\n<li itemprop=\"itemListElement\" itemscope=\"\" itemtype=\"https:\/\/schema.org\/ListItem\"><a itemprop=\"item\" itemid=\"https:\/\/www.zonebourse.com\/\" href=\"https:\/\/ch.zonebourse.com\/\" rel=\"nofollow noopener\" target=\"_blank\">Bourse<\/a><\/li>\n<li itemprop=\"itemListElement\" itemscope=\"\" itemtype=\"https:\/\/schema.org\/ListItem\"><a itemprop=\"item\" itemid=\"https:\/\/www.zonebourse.com\/actualite-bourse\/\" href=\"https:\/\/ch.zonebourse.com\/actualite-bourse\/\" rel=\"nofollow noopener\" target=\"_blank\">Actualit\u00e9s Bourse<\/a><\/li>\n<li itemprop=\"itemListElement\" itemscope=\"\" itemtype=\"https:\/\/schema.org\/ListItem\">L&rsquo;indice PMI du secteur de la construction en Allemagne s&rsquo;enfonce davantage en territoire de contraction en ao\u00fbt<\/li>\n<\/ol>\n<p><img decoding=\"async\" src=\"https:\/\/www.europesays.com\/fr\/wp-content\/uploads\/2025\/04\/img_footer_appstore.png\" alt=\"Download from Apple Store\" loading=\"lazy\"\/><\/p>\n<p class=\"m-0\">NOS EXPERTS \u00c0 VOTRE \u00c9COUTE<\/p>\n<p class=\"m-0 txt-bold\">Lundi &#8211; Vendredi 9h-12h \/ 14h-18h<\/p>\n<p><img decoding=\"async\" src=\"https:\/\/www.europesays.com\/fr\/wp-content\/uploads\/2025\/04\/footer_logo_zb.png\" width=\"181\" height=\"24\" alt=\"Zonebourse, bourse en direct\" loading=\"lazy\"\/><br \/>\n                    Mentions l\u00e9gales<br \/>\n                |<br \/>\n                Param\u00e9trer les cookies<br \/>\n            |<br \/>\n                    Blog Zonebourse<br \/>\n                |<a href=\"https:\/\/ch.zonebourse.com\/qui-sommes-nous\" class=\"link txt-footer\" rel=\"nofollow noopener\" target=\"_blank\"><br \/>\n                Qui sommes-nous ?<br \/>\n            <\/a>|<br \/>\n                Copyright \u00a9 2025 Surperformance SAS. Tous droits r\u00e9serv\u00e9s.<\/p>\n<p>\n            Les cotations sont fournies par Factset, Morningstar et S&amp;P Capital IQ\n        <\/p>\n<p class=\"pl-10 txt-bold m-0\">S\u00e9lectionnez votre \u00e9dition<\/p>\n<p class=\"txt-s1 txt-muted m-0 pl-10\">Toutes les informations financi\u00e8res adapt\u00e9es au niveau national<\/p>\n<\/td>\n","protected":false},"excerpt":{"rendered":"Temps Diff\u00e9r\u00e9 Switzerland 10:03:00 04\/09\/2025 Varia. 5j. Varia. 1 janv. 548,40 PTS +0,30% -0,96% +8,02% Publi\u00e9 le 04\/09\/2025&hellip;\n","protected":false},"author":2,"featured_media":2490,"comment_status":"","ping_status":"","sticky":false,"template":"","format":"standard","meta":{"footnotes":""},"categories":[1587],"tags":[11,672,340,1804,1805,1803,1777,674,1801,12,1802],"class_list":{"0":"post-365227","1":"post","2":"type-post","3":"status-publish","4":"format-standard","5":"has-post-thumbnail","7":"category-allemagne","8":"tag-actualites","9":"tag-allemagne","10":"tag-bourse","11":"tag-bundesrepublik-deutschland","12":"tag-de","13":"tag-deutschland","14":"tag-eu","15":"tag-europe","16":"tag-germany","17":"tag-news","18":"tag-republique-federale-dallemagne"},"share_on_mastodon":{"url":"https:\/\/pubeurope.com\/@fr\/115145048709309334","error":""},"_links":{"self":[{"href":"https:\/\/www.europesays.com\/fr\/wp-json\/wp\/v2\/posts\/365227","targetHints":{"allow":["GET"]}}],"collection":[{"href":"https:\/\/www.europesays.com\/fr\/wp-json\/wp\/v2\/posts"}],"about":[{"href":"https:\/\/www.europesays.com\/fr\/wp-json\/wp\/v2\/types\/post"}],"author":[{"embeddable":true,"href":"https:\/\/www.europesays.com\/fr\/wp-json\/wp\/v2\/users\/2"}],"replies":[{"embeddable":true,"href":"https:\/\/www.europesays.com\/fr\/wp-json\/wp\/v2\/comments?post=365227"}],"version-history":[{"count":0,"href":"https:\/\/www.europesays.com\/fr\/wp-json\/wp\/v2\/posts\/365227\/revisions"}],"wp:featuredmedia":[{"embeddable":true,"href":"https:\/\/www.europesays.com\/fr\/wp-json\/wp\/v2\/media\/2490"}],"wp:attachment":[{"href":"https:\/\/www.europesays.com\/fr\/wp-json\/wp\/v2\/media?parent=365227"}],"wp:term":[{"taxonomy":"category","embeddable":true,"href":"https:\/\/www.europesays.com\/fr\/wp-json\/wp\/v2\/categories?post=365227"},{"taxonomy":"post_tag","embeddable":true,"href":"https:\/\/www.europesays.com\/fr\/wp-json\/wp\/v2\/tags?post=365227"}],"curies":[{"name":"wp","href":"https:\/\/api.w.org\/{rel}","templated":true}]}}