{"id":365230,"date":"2025-09-04T08:20:11","date_gmt":"2025-09-04T08:20:11","guid":{"rendered":"https:\/\/www.europesays.com\/fr\/365230\/"},"modified":"2025-09-04T08:20:11","modified_gmt":"2025-09-04T08:20:11","slug":"perrine-petiot-quitte-celles-sur-belle-avec-le-coeur-lourd","status":"publish","type":"post","link":"https:\/\/www.europesays.com\/fr\/365230\/","title":{"rendered":"Perrine Petiot quitte Celles-sur-Belle avec le c\u0153ur lourd"},"content":{"rendered":"<p>Tout s\u2019est fait dans la pr\u00e9cipitation. Depuis la confirmation de la r\u00e9trogradation en <a target=\"_self\" href=\"https:\/\/www.lanouvellerepublique.fr\/deux-sevres\/commune\/celles-sur-belle\/nous-devons-faire-des-economies-le-hbc-celles-n-a-rien-pu-faire-en-commission-de-conciliation-et-jouera-en-nationale-1-1755797387\" rel=\"noopener\">Nationale 1<\/a> du HBC Celles, Perrine Petiot s\u2019est affair\u00e9 \u00e0 trouver un autre club. Car ce niveau amateur, forc\u00e9ment, ne lui donnait pas envie. \u00ab\u00a0Je ne vais pas mentir, je pense que ma place est ailleurs. Je ne me projetais pas en Nationale 1\u00a0\u00bb, reconna\u00eet la <a target=\"_self\" href=\"https:\/\/www.lanouvellerepublique.fr\/deux-sevres\/commune\/celles-sur-belle\/division-2-comment-perrine-petiot-reste-l-une-des-meilleures-joueuses-du-championnat-a-celles-sur-belle-1741971599\" rel=\"noopener\">4e\u00a0meilleure&#8230; <\/p>\n<p>    Cet article a \u00e9t\u00e9 tronqu\u00e9. Abonnez-vous pour lire l&rsquo;article complet sur notre site.<\/p>\n<p>  <\/a><\/p>\n<p><a target=\"_self\" href=\"https:\/\/www.lanouvellerepublique.fr\/deux-sevres\/commune\/celles-sur-belle\/division-2-comment-perrine-petiot-reste-l-une-des-meilleures-joueuses-du-championnat-a-celles-sur-belle-1741971599\" rel=\"noopener\"><\/p>\n<p style=\"margin: 0 !important; padding: 0 !important; font-size: 12px !important;\">Cet article a \u00e9t\u00e9 tronqu\u00e9. Abonnez-vous pour lire l&rsquo;article complet.<\/p>\n<p>    <\/a><a href=\"https:\/\/www.lanouvellerepublique.fr\/abonnements\" style=\"display: inline-block; margin-top: 5px !important; padding: 6px 12px !important; background: #cb1c27; color: white; text-decoration: none; border-radius: 4px; font-size: 12px !important;\" target=\"_blank\" rel=\"noopener\"><br \/>\n      S&rsquo;abonner<br \/>\n    <\/a><\/p>\n","protected":false},"excerpt":{"rendered":"Tout s\u2019est fait dans la pr\u00e9cipitation. Depuis la confirmation de la r\u00e9trogradation en Nationale 1 du HBC Celles,&hellip;\n","protected":false},"author":2,"featured_media":365231,"comment_status":"","ping_status":"","sticky":false,"template":"","format":"standard","meta":{"footnotes":""},"categories":[1586],"tags":[1392,11,19724,2545,1777,674,1779,1011,27,1792,19725,12,25,60,1778,364],"class_list":{"0":"post-365230","1":"post","2":"type-post","3":"status-publish","4":"format-standard","5":"has-post-thumbnail","7":"category-europe","8":"tag-a-la-une-local","9":"tag-actualites","10":"tag-celles-sur-belle","11":"tag-deux-sevres","12":"tag-eu","13":"tag-europe","14":"tag-european-union","15":"tag-fr","16":"tag-france","17":"tag-handball","18":"tag-handball-club-celles-sur-belle","19":"tag-news","20":"tag-republique-francaise","21":"tag-sports","22":"tag-ue","23":"tag-union-europeenne"},"share_on_mastodon":{"url":"https:\/\/pubeurope.com\/@fr\/115145056147903166","error":""},"_links":{"self":[{"href":"https:\/\/www.europesays.com\/fr\/wp-json\/wp\/v2\/posts\/365230","targetHints":{"allow":["GET"]}}],"collection":[{"href":"https:\/\/www.europesays.com\/fr\/wp-json\/wp\/v2\/posts"}],"about":[{"href":"https:\/\/www.europesays.com\/fr\/wp-json\/wp\/v2\/types\/post"}],"author":[{"embeddable":true,"href":"https:\/\/www.europesays.com\/fr\/wp-json\/wp\/v2\/users\/2"}],"replies":[{"embeddable":true,"href":"https:\/\/www.europesays.com\/fr\/wp-json\/wp\/v2\/comments?post=365230"}],"version-history":[{"count":0,"href":"https:\/\/www.europesays.com\/fr\/wp-json\/wp\/v2\/posts\/365230\/revisions"}],"wp:featuredmedia":[{"embeddable":true,"href":"https:\/\/www.europesays.com\/fr\/wp-json\/wp\/v2\/media\/365231"}],"wp:attachment":[{"href":"https:\/\/www.europesays.com\/fr\/wp-json\/wp\/v2\/media?parent=365230"}],"wp:term":[{"taxonomy":"category","embeddable":true,"href":"https:\/\/www.europesays.com\/fr\/wp-json\/wp\/v2\/categories?post=365230"},{"taxonomy":"post_tag","embeddable":true,"href":"https:\/\/www.europesays.com\/fr\/wp-json\/wp\/v2\/tags?post=365230"}],"curies":[{"name":"wp","href":"https:\/\/api.w.org\/{rel}","templated":true}]}}