{"id":365240,"date":"2025-09-04T08:26:19","date_gmt":"2025-09-04T08:26:19","guid":{"rendered":"https:\/\/www.europesays.com\/fr\/365240\/"},"modified":"2025-09-04T08:26:19","modified_gmt":"2025-09-04T08:26:19","slug":"melee-bancale-retours-surprises-et-deux-bizuts-dans-le-groupe","status":"publish","type":"post","link":"https:\/\/www.europesays.com\/fr\/365240\/","title":{"rendered":"m\u00eal\u00e9e bancale, retours surprises et deux bizuts dans le groupe"},"content":{"rendered":"<p><strong>Avant d\u2019affronter les Wallabies ce samedi \u00e0 Townsville, les Pumas d\u00e9barquent avec un groupe remani\u00e9, une chaleur \u00e9touffante annonc\u00e9e, une m\u00eal\u00e9e fragilis\u00e9e\u2026 et deux potentiels n\u00e9o-cap\u00e9s. Entre blessure, gal\u00e8res personnelles et choix tactiques de Felipe Contepomi, l\u2019Argentine avance sur une ligne de cr\u00eate.<\/strong><\/p>\n<p>L\u2019essentiel<\/p>\n<ul class=\"wp-block-list\">\n<li><strong>Mayco Vivas, saison gal\u00e8re et rel\u00e9gu\u00e9 sur le banc<\/strong> : \u00c9cart\u00e9 de Gloucester, le pilier argentin a pass\u00e9 cinq mois sans jouer. Revenu \u00e0 peine \u00e0 son niveau, il n\u2019est pas titularis\u00e9 contre l\u2019Australie. Un vrai coup dur alors que la m\u00eal\u00e9e sera sous pression face aux Wallabies.<\/li>\n<li><strong>Trois retouches dans le XV argentin apr\u00e8s les Blacks<\/strong> : Sclavi, Kremer et S. Carreras entrent dans le XV. Albornoz est bless\u00e9, Oviedo r\u00e9trograde sur le banc, et Pedro Delgado quitte le groupe pour rejoindre les Harlequins.<\/li>\n<li><strong>Deux jeunes pr\u00eats pour un bapt\u00eame du feu<\/strong> : Boris Wenger et Ger\u00f3nimo Prisciantelli pourraient disputer leur premi\u00e8re vraie s\u00e9lection avec les Pumas. Deux noms qui montent vite, mais qui vont devoir apprendre sur le tas.<\/li>\n<li><strong>Retour \u00e0 Townsville apr\u00e8s une claque en 2021<\/strong> : Les Pumas n\u2019ont plus mis les pieds \u00e0 Townsville depuis une d\u00e9faite s\u00e8che (27-8). Ce samedi, la temp\u00e9rature pourrait flirter avec les 30\u00b0C \u00e0 l\u2019heure du coup d\u2019envoi.<\/li>\n<\/ul>\n<p>Une m\u00eal\u00e9e sous surveillance, Vivas dans le dur<\/p>\n<p>On l\u2019avait quitt\u00e9 en club avec une belle r\u00e9gularit\u00e9, on le retrouve \u00e0 l\u2019\u00e9cart du XV de d\u00e9part, presque dans l\u2019ombre. <strong>Mayco Vivas<\/strong>, pilier gauche des Pumas, a confi\u00e9 \u00e0 ESPN avoir v\u00e9cu un <strong>d\u00e9but d\u2019ann\u00e9e tr\u00e8s compliqu\u00e9<\/strong>, sans temps de jeu \u00e0 Gloucester, contraint \u00e0 cinq mois de pr\u00e9pa sans comp\u00e9tition.<\/p>\n<p>R\u00e9sultat : il est rel\u00e9gu\u00e9 sur le banc, et c\u2019est <strong>Joel Sclavi<\/strong> qui prend le poste de titulaire. Pas un luxe quand on sait que <strong>l\u2019Australie a progress\u00e9<\/strong> dans les phases fixes, notamment la m\u00eal\u00e9e et le maul. Vivas, lui, tente de positiver et mise sur la mont\u00e9e en puissance de jeunes comme <strong>Boris Wenger<\/strong> ou <strong>Tom\u00e1s Rapetti<\/strong>, qu\u2019il voit d\u00e9j\u00e0 comme des options fiables.<\/p>\n<p>Mais dans l\u2019imm\u00e9diat, la m\u00eal\u00e9e argentine reste une vraie inconnue, surtout \u00e0 l\u2019ext\u00e9rieur, dans la chaleur, face \u00e0 un pack australien qui veut marquer son territoire.<\/p>\n<p>Contepomi remixe son XV pour l\u2019Australie<\/p>\n<p><strong>Felipe Contepomi<\/strong> a op\u00e9r\u00e9 trois changements dans son XV de d\u00e9part, par rapport \u00e0 celui qui a <strong>fait tomber les All Blacks \u00e0 Buenos Aires<\/strong>. Le plus visible, c\u2019est le retour de <strong>Marcos Kremer<\/strong>, qui reprend une place de titulaire en troisi\u00e8me ligne. <strong>Pablo Matera<\/strong> passe en 8, et <strong>Joaqu\u00edn Oviedo<\/strong> recule sur le banc.<\/p>\n<p>Derri\u00e8re, <strong>Santiago Carreras<\/strong> profite de la blessure de <strong>Tom\u00e1s Albornoz<\/strong> pour retrouver le poste d\u2019ouvreur, qu\u2019il conna\u00eet bien.<\/p>\n<p><strong>Pedro Delgado<\/strong>, de son c\u00f4t\u00e9, quitte le groupe apr\u00e8s avoir sign\u00e9 chez les <strong>Harlequins<\/strong>. \u00c0 l\u2019inverse, <strong>Wenger et Prisciantelli<\/strong> entrent dans les 23, et pourraient vivre leur premier match international. Une mont\u00e9e en grade express, notamment pour Wenger, d\u00e9j\u00e0 aper\u00e7u contre les Lions britanniques en amical, mais qui n\u2019a pas encore de cap officiel.<\/p>\n<p>Australie-Argentine, un vrai test en ext\u00e9rieur<\/p>\n<p>Les Wallabies ont eux aussi connu un d\u00e9but de tournoi en dents de scie, avec une victoire et une d\u00e9faite face aux Springboks. Mais <strong>ils arrivent lanc\u00e9s<\/strong>, port\u00e9s par une bonne tourn\u00e9e sud-africaine, et surtout par un pack qui monte en r\u00e9gime.<\/p>\n<p>Du c\u00f4t\u00e9 des Pumas, <strong>la chaleur<\/strong> annonc\u00e9e \u00e0 Townsville pourrait peser lourd. Les Argentins s\u2019y pr\u00e9parent depuis plusieurs jours, mais les conditions ne joueront pas en leur faveur. Et avec une m\u00eal\u00e9e qui manque de certitudes, le combat s\u2019annonce rugueux.<\/p>\n<p>Vivas en parlait : <strong>les Australiens gagnent du temps dans les rucks, encha\u00eenent vite, mettent du monde dans les zones de contact<\/strong>. Autant dire que les Argentins devront \u00eatre tr\u00e8s propres techniquement pour \u00e9viter de subir.<\/p>\n<p>Townsville, des souvenirs amers et un contexte pi\u00e9geux<\/p>\n<p>La derni\u00e8re fois que les Pumas ont jou\u00e9 \u00e0 <strong>Townsville<\/strong>, c\u2019\u00e9tait en 2021. Score final : <strong>27-8 pour les Wallabies<\/strong>. Autant dire que le d\u00e9cor est plant\u00e9. Les Argentins n\u2019y avaient pas montr\u00e9 grand-chose, et s\u2019\u00e9taient fait dominer dans tous les secteurs.<\/p>\n<p>Depuis, il y a eu du changement. La g\u00e9n\u00e9ration actuelle est plus exp\u00e9riment\u00e9e, plus athl\u00e9tique, et reste sur <strong>une victoire en Australie en 2023<\/strong> (34-31 \u00e0 Parramatta), avec un essai d\u00e9cisif de <strong>Juan Mart\u00edn Gonz\u00e1lez<\/strong> dans les toutes derni\u00e8res secondes.<\/p>\n<p>Mais le contexte est bien diff\u00e9rent. Nouveau s\u00e9lectionneur, nouveaux rep\u00e8res, et une chaleur qui n\u2019a rien de neutre. Il faudra un gros mental pour r\u00e9sister.<\/p>\n<p>Un Rugby Championship encore tr\u00e8s ouvert<\/p>\n<p>Apr\u00e8s deux journ\u00e9es, <strong>les quatre \u00e9quipes<\/strong> (Australie, Argentine, Nouvelle-Z\u00e9lande, Afrique du Sud) ont toutes <strong>une victoire et une d\u00e9faite<\/strong>. C\u2019est donc le moment o\u00f9 chaque point compte. Et ce d\u00e9placement australien pourrait bien faire basculer la suite du tournoi pour les Pumas.<\/p>\n<p>En cas de bon r\u00e9sultat samedi, ils arriveraient \u00e0 Sydney une semaine plus tard avec l\u2019opportunit\u00e9 de jouer la gagne. \u00c0 l\u2019inverse, un revers net \u00e0 Townsville les obligerait \u00e0 courir apr\u00e8s le score dans les deux derni\u00e8res journ\u00e9es, face aux Boks.<\/p>\n<p>La suite s\u2019annonce bouillante<\/p>\n<p>Le groupe argentin prend forme, mais il reste fragile. Si la jeunesse a du talent \u00e0 revendre, <strong>le manque de v\u00e9cu international<\/strong>, surtout chez les premi\u00e8res lignes, pourrait se faire sentir d\u00e8s les premi\u00e8res m\u00eal\u00e9es.<\/p>\n<p><strong>Coup d\u2019envoi samedi \u00e0 14h30 (heure locale), soit 1h30 du matin en Argentine.<\/strong> Match diffus\u00e9 sur ESPN. Les regards seront tourn\u00e9s vers Vivas, Kremer, Carreras\u2026 et vers deux petits nouveaux qui pourraient cr\u00e9er la surprise.<\/p>\n<p><img loading=\"lazy\" src=\"data:image\/svg+xml,%3Csvg%20xmlns=\" http:=\"\" height=\"100\" width=\"100\" class=\" sp-no-webp\" alt=\"whatsapp image 2024 07 31 at 09.08.32\" decoding=\"async\" data-lazy-src=\"https:\/\/www.europesays.com\/fr\/wp-content\/uploads\/2025\/04\/whatsapp-image-2024-07-31-at-09.08.32-e1727245864215.jpeg\"\/> <\/p>\n<p>J\u2019ai grandi dans une famille o\u00f9 le rugby \u00e9tait de tous les moments. J\u2019\u00e9tais au bord du terrain quand Castres a battu Pau et a rejoint l\u2019\u00e9lite, j\u2019\u00e9tais dans le Stade Pierre Antoine face \u00e0 Gary Whetton quand il a fait son Haka pour c\u00e9l\u00e9brer le Brennus de 1993 et j\u2019ai toujours \u00e9t\u00e9 berc\u00e9 des l\u00e9gendes de ce sport. Maintenant, c\u2019est avec XV Ovalie que j\u2019entends prolonger l\u2019aventure. #TeamCO<\/p>\n","protected":false},"excerpt":{"rendered":"Avant d\u2019affronter les Wallabies ce samedi \u00e0 Townsville, les Pumas d\u00e9barquent avec un groupe remani\u00e9, une chaleur \u00e9touffante&hellip;\n","protected":false},"author":2,"featured_media":365241,"comment_status":"","ping_status":"","sticky":false,"template":"","format":"standard","meta":{"footnotes":""},"categories":[1416],"tags":[49963,1011,27,49964,49965,49966,49967,479,45223,1468,60,37416],"class_list":{"0":"post-365240","1":"post","2":"type-post","3":"status-publish","4":"format-standard","5":"has-post-thumbnail","7":"category-rugby","8":"tag-boris-wenger","9":"tag-fr","10":"tag-france","11":"tag-geru00f3nimo-prisciantelli","12":"tag-los-pumas","13":"tag-marcos-kremer","14":"tag-mayco-vivas","15":"tag-rugby","16":"tag-rugby-championship","17":"tag-rugby-football","18":"tag-sports","19":"tag-wallabies"},"share_on_mastodon":{"url":"https:\/\/pubeurope.com\/@fr\/115145079730226423","error":""},"_links":{"self":[{"href":"https:\/\/www.europesays.com\/fr\/wp-json\/wp\/v2\/posts\/365240","targetHints":{"allow":["GET"]}}],"collection":[{"href":"https:\/\/www.europesays.com\/fr\/wp-json\/wp\/v2\/posts"}],"about":[{"href":"https:\/\/www.europesays.com\/fr\/wp-json\/wp\/v2\/types\/post"}],"author":[{"embeddable":true,"href":"https:\/\/www.europesays.com\/fr\/wp-json\/wp\/v2\/users\/2"}],"replies":[{"embeddable":true,"href":"https:\/\/www.europesays.com\/fr\/wp-json\/wp\/v2\/comments?post=365240"}],"version-history":[{"count":0,"href":"https:\/\/www.europesays.com\/fr\/wp-json\/wp\/v2\/posts\/365240\/revisions"}],"wp:featuredmedia":[{"embeddable":true,"href":"https:\/\/www.europesays.com\/fr\/wp-json\/wp\/v2\/media\/365241"}],"wp:attachment":[{"href":"https:\/\/www.europesays.com\/fr\/wp-json\/wp\/v2\/media?parent=365240"}],"wp:term":[{"taxonomy":"category","embeddable":true,"href":"https:\/\/www.europesays.com\/fr\/wp-json\/wp\/v2\/categories?post=365240"},{"taxonomy":"post_tag","embeddable":true,"href":"https:\/\/www.europesays.com\/fr\/wp-json\/wp\/v2\/tags?post=365240"}],"curies":[{"name":"wp","href":"https:\/\/api.w.org\/{rel}","templated":true}]}}