{"id":365244,"date":"2025-09-04T08:29:12","date_gmt":"2025-09-04T08:29:12","guid":{"rendered":"https:\/\/www.europesays.com\/fr\/365244\/"},"modified":"2025-09-04T08:29:12","modified_gmt":"2025-09-04T08:29:12","slug":"ffm-offre-primo-licencie-jusqua-16-mois-de-licence-dont-4-offerts","status":"publish","type":"post","link":"https:\/\/www.europesays.com\/fr\/365244\/","title":{"rendered":"FFM Offre Primo-Licenci\u00e9 : Jusqu&rsquo;\u00e0 16 mois de licence dont 4 offerts !"},"content":{"rendered":"<p><strong data-olk-copy-source=\"MessageBody\">La <a href=\"https:\/\/www.ffmoto.org\/\" target=\"_blank\" rel=\"noopener\">F\u00e9d\u00e9ration<br \/>\nFran\u00e7aise de Motocyclisme<\/a> (FFM) renouvelle, \u00e0 compter de ce<br \/>\nlundi 1er<br \/>\nseptembre, son offre \u00a0\u00bb Primo-licenci\u00e9 \u00a0\u00bb vous permettant<br \/>\nde b\u00e9n\u00e9ficier d\u2019une licence annuelle comp\u00e9tition ou entra\u00eenement<br \/>\nd\u2019une validit\u00e9 de 16 mois, soit jusqu\u2019\u00e0 4 mois<br \/>\nofferts*.<\/strong><\/p>\n<p><img loading=\"lazy\" decoding=\"async\" class=\"aligncenter size-full wp-image-1325098\" src=\"https:\/\/www.europesays.com\/fr\/wp-content\/uploads\/2025\/09\/BANDEAUX_1_1.jpg\" alt=\"\" width=\"800\" height=\"167\"  \/><\/p>\n<p><strong>Qui est \u00e9ligible \u00e0 l\u2019offre<br \/>\nprimo-licenci\u00e9\u00a0?<br \/><\/strong> Pour \u00eatre \u00e9ligible \u00e0 la r\u00e8gle<br \/>\ndite\u00a0<strong>\u00ab primo-licenci\u00e9 \u00bb<\/strong>, vous devez remplir<br \/>\nl\u2019une ou l\u2019autre de ces conditions :<\/p>\n<ul>\n<li><strong>Ne jamais avoir \u00e9t\u00e9 licenci\u00e9 \u00e0 la <a href=\"https:\/\/www.paddock-gp.com\/?s=ffm\" target=\"_blank\" rel=\"noopener\">FFM<\/a> ;<\/strong><\/li>\n<li><strong>Ne pas avoir renouvel\u00e9 sa licence annuelle (comp\u00e9tition<br \/>\nou entra\u00eenement) lors des saisons 2024\u00a0et 2025.<\/strong><\/li>\n<\/ul>\n<p><strong>Quel avantage ?<br \/><\/strong> En souscrivant une licence<br \/>\nannuelle \u00e0 compter du 1er\u00a0septembre, celle-ci<br \/>\nest\u00a0<strong>valable\u00a0jusqu\u2019au 31<br \/>\nd\u00e9cembre\u00a02026\u00a0soit jusqu\u2019\u00e0 16 mois de licence, dont 4<br \/>\nmois offerts !<\/strong><\/p>\n<p><strong>Quelles licences sont concern\u00e9es ?<br \/><\/strong> Sont<br \/>\nconcern\u00e9es par l\u2019offre primo-licenci\u00e9,\u00a0<strong>toutes les<br \/>\nlicences annuelles comp\u00e9tition ou entra\u00eenement.<\/strong><\/p>\n<p><img loading=\"lazy\" decoding=\"async\" class=\"aligncenter size-full wp-image-1325101\" src=\"https:\/\/www.europesays.com\/fr\/wp-content\/uploads\/2025\/09\/BANDEAUX_2_1.jpg\" alt=\"\" width=\"800\" height=\"167\"  \/><\/p>\n<p><strong>R\u00e9glez votre Licence en 10 fois avec FLOA<br \/><\/strong><br \/>\nAfin de mieux ma\u00eetriser votre budget sport, la F\u00e9d\u00e9ration a mis en<br \/>\nplace la possibilit\u00e9 de r\u00e9gler votre licence annuelle FFM* en 10<br \/>\nmensualit\u00e9s avec FLOA Bank.<\/p>\n<p><b>Exemple<\/b>\u00a0: Pour la souscription d\u2019une licence<br \/>\nentra\u00eenement (NET), payez\u00a0 23,63\u00a0euros par mois**.<\/p>\n<p>Lors de votre souscription, dans l\u2019\u00e9tape de paiement,<br \/>\ns\u00e9lectionnez paiement 10 fois FLOA et laissez-vous guider afin de<br \/>\nrenseigner les \u00e9l\u00e9ments n\u00e9cessaires pour la r\u00e9alisation de votre<br \/>\ndossier. La r\u00e9ponse est imm\u00e9diate, n\u2019impactant pas la validation de<br \/>\nvotre licence.<\/p>\n<p>*sous r\u00e9serve d\u2019acceptation de votre dossier par FLOA Bank et<br \/>\npour un montant \u00e9gal ou sup\u00e9rieur \u00e0 200\u20ac.<br \/>**hors cotisation club.<\/p>\n<p><img loading=\"lazy\" decoding=\"async\" class=\"aligncenter size-full wp-image-1325104\" src=\"https:\/\/www.europesays.com\/fr\/wp-content\/uploads\/2025\/09\/BANDEAUX_6_1.jpg\" alt=\"\" width=\"800\" height=\"167\"  \/><\/p>\n<p>Pour les personnes<br \/>\n\u00e9ligibles au dispositif d\u2019\u00c9tat Pass\u2019Sport, vous pouvez \u00e9galement<br \/>\nb\u00e9n\u00e9ficier d\u2019une r\u00e9duction de 70\u20ac pour la souscription d\u2019une<br \/>\nlicence primo-licenci\u00e9.<\/p>\n<p><a href=\"https:\/\/pratiquer.ffmoto.org\/offre-primo-licencie\" target=\"_blank\" rel=\"noopener\"><img loading=\"lazy\" decoding=\"async\" class=\"aligncenter size-full wp-image-1325091\" src=\"https:\/\/www.europesays.com\/fr\/wp-content\/uploads\/2025\/09\/Souscription.jpg\" alt=\"\" width=\"404\" height=\"45\"\/><\/a><\/p>\n<p>FFM Offre Primo-Licenci\u00e9 FFM Offre<br \/>\nPrimo-Licenci\u00e9<\/p>\n","protected":false},"excerpt":{"rendered":"La F\u00e9d\u00e9ration Fran\u00e7aise de Motocyclisme (FFM) renouvelle, \u00e0 compter de ce lundi 1er septembre, son offre \u00a0\u00bb Primo-licenci\u00e9&hellip;\n","protected":false},"author":2,"featured_media":365245,"comment_status":"","ping_status":"","sticky":false,"template":"","format":"standard","meta":{"footnotes":""},"categories":[1413],"tags":[1011,27,1457,1456,60],"class_list":{"0":"post-365244","1":"post","2":"type-post","3":"status-publish","4":"format-standard","5":"has-post-thumbnail","7":"category-moto","8":"tag-fr","9":"tag-france","10":"tag-moto","11":"tag-motocycle","12":"tag-sports"},"share_on_mastodon":{"url":"https:\/\/pubeurope.com\/@fr\/115145091924079579","error":""},"_links":{"self":[{"href":"https:\/\/www.europesays.com\/fr\/wp-json\/wp\/v2\/posts\/365244","targetHints":{"allow":["GET"]}}],"collection":[{"href":"https:\/\/www.europesays.com\/fr\/wp-json\/wp\/v2\/posts"}],"about":[{"href":"https:\/\/www.europesays.com\/fr\/wp-json\/wp\/v2\/types\/post"}],"author":[{"embeddable":true,"href":"https:\/\/www.europesays.com\/fr\/wp-json\/wp\/v2\/users\/2"}],"replies":[{"embeddable":true,"href":"https:\/\/www.europesays.com\/fr\/wp-json\/wp\/v2\/comments?post=365244"}],"version-history":[{"count":0,"href":"https:\/\/www.europesays.com\/fr\/wp-json\/wp\/v2\/posts\/365244\/revisions"}],"wp:featuredmedia":[{"embeddable":true,"href":"https:\/\/www.europesays.com\/fr\/wp-json\/wp\/v2\/media\/365245"}],"wp:attachment":[{"href":"https:\/\/www.europesays.com\/fr\/wp-json\/wp\/v2\/media?parent=365244"}],"wp:term":[{"taxonomy":"category","embeddable":true,"href":"https:\/\/www.europesays.com\/fr\/wp-json\/wp\/v2\/categories?post=365244"},{"taxonomy":"post_tag","embeddable":true,"href":"https:\/\/www.europesays.com\/fr\/wp-json\/wp\/v2\/tags?post=365244"}],"curies":[{"name":"wp","href":"https:\/\/api.w.org\/{rel}","templated":true}]}}